{"id":5384,"date":"2021-03-09T06:58:02","date_gmt":"2021-03-09T12:58:02","guid":{"rendered":"http:\/\/losperiodistas.com.mx\/portal\/?p=5384"},"modified":"2021-03-09T06:58:04","modified_gmt":"2021-03-09T12:58:04","slug":"comisiones-de-la-camara-de-diputados-aprueban-dictamen-que-regula-el-consumo-ludico-de-la-marihuana-sinembargo","status":"publish","type":"post","link":"https:\/\/losperiodistas.com.mx\/portal\/comisiones-de-la-camara-de-diputados-aprueban-dictamen-que-regula-el-consumo-ludico-de-la-marihuana-sinembargo\/","title":{"rendered":"Comisiones de la C\u00e1mara de Diputados aprueban dictamen que regula el consumo l\u00fadico de la marihuana | SinEmbargo"},"content":{"rendered":"\n<p style=\"font-size:18px\"><em>La regulaci\u00f3n del consumo de la marihuana obedece a un mandato de la Suprema Corte de Justicia de la Naci\u00f3n, que en 2018 declar\u00f3 inconstitucional la prohibici\u00f3n del consumo recreativo de cannabis.<\/em><\/p>\n\n\n\n<p class=\"has-vivid-cyan-blue-color has-text-color has-medium-font-size\">EFE \/ SINEMBARGO<\/p>\n\n\n\n<p>M\u00e9xico, 8 de marzo (EFE).- La comisiones de&nbsp;<strong>Justicia y Salud<\/strong>&nbsp;de la C\u00e1mara de Diputados&nbsp;<strong>aprobaron<\/strong>&nbsp;este lunes el dictamen que regula el consumo l\u00fadico de&nbsp;<strong>marihuana<\/strong>&nbsp;en el pa\u00eds, el cual se enviar\u00e1 el martes al pleno&nbsp;<strong>para su debate<\/strong>&nbsp;y votaci\u00f3n definitiva.<\/p>\n\n\n\n<p>Con 34 votos a favor y 11 en contra y 10 abstenciones, los diputados de dichas comisiones validaron la iniciativa, que ya fue aprobada por el Senado en noviembre pasado y que est\u00e1 pendiente de ser ratificada por la C\u00e1mara de Diputados.<\/p>\n\n\n\n<figure class=\"wp-block-image\"><img decoding=\"async\" src=\"https:\/\/i0.wp.com\/sinembargo.mx\/wp-content\/uploads\/2020\/11\/cuartoscuro_786998_digital.jpeg\" alt=\"\"\/><\/figure>\n\n\n\n<h4 class=\"wp-block-heading\"><a href=\"https:\/\/www.sinembargo.mx\/19-11-2020\/3896657\">VER M\u00c1S<\/a><\/h4>\n\n\n\n<h5 class=\"wp-block-heading\"><a href=\"https:\/\/www.sinembargo.mx\/19-11-2020\/3896657\">El Senado hace historia: Aprueba la regulaci\u00f3n integral del uso l\u00fadico y cultivo de mariguana<\/a><\/h5>\n\n\n\n<p class=\"has-cyan-bluish-gray-background-color has-background\">La regulaci\u00f3n del consumo de la marihuana obedece a un mandato de la Suprema Corte de Justicia de la Naci\u00f3n, que en 2018 declar\u00f3 inconstitucional la prohibici\u00f3n del consumo recreativo de cannabis.<\/p>\n\n\n\n<p>Despu\u00e9s de tres aplazamientos, el alto tribunal estableci\u00f3 el 30 de abril de 2021 como fecha l\u00edmite para que el Congreso regulara este asunto.<\/p>\n\n\n\n<p>El dictamen crea la Ley Federal para la Regulaci\u00f3n del Cannabis y modifica la Ley General de Salud y el C\u00f3digo Penal para legalizar el cultivo, la producci\u00f3n, el consumo, la distribuci\u00f3n, la industrializaci\u00f3n y la venta de la marihuana bajo control federal.<\/p>\n\n\n\n<p><img fetchpriority=\"high\" decoding=\"async\" src=\"https:\/\/i0.wp.com\/sinembargo.mx\/wp-content\/uploads\/2021\/03\/cuartoscuro_786510_digital.jpeg\" alt=\"\" width=\"700\" height=\"465\" srcset=\"https:\/\/i0.wp.com\/sinembargo.mx\/wp-content\/uploads\/2021\/03\/cuartoscuro_786510_digital.jpeg 700w, https:\/\/i0.wp.com\/sinembargo.mx\/wp-content\/uploads\/2021\/03\/cuartoscuro_786510_digital-300x199.jpeg 300w\"><\/p>\n\n\n\n<p>La comisiones de Justicia y Salud de la C\u00e1mara de Diputados aprobaron este lunes el dictamen que regula el consumo l\u00fadico de marihuana en el pa\u00eds. Foto: Cuartoscuro.<\/p>\n\n\n\n<p>La iniciativa, aprobada en el Senado el 19 de noviembre del a\u00f1o pasado, permite fumar marihuana sin presencia de menores, poseer hasta ocho plantas por domicilio y crear asociaciones de fumadores con un m\u00e1ximo de 50 plantas.<\/p>\n\n\n\n<p>Tambi\u00e9n establece un sistema de licencias para la siembra, el cultivo, la cosecha y la venta de marihuana y derivados con cannabis no psicoactivo.<\/p>\n\n\n\n<figure class=\"wp-block-image\"><img decoding=\"async\" src=\"https:\/\/i0.wp.com\/sinembargo.mx\/wp-content\/uploads\/2019\/10\/mariguana-legalizacion.jpg\" alt=\"\"\/><\/figure>\n\n\n\n<h4 class=\"wp-block-heading\"><a href=\"https:\/\/www.sinembargo.mx\/29-10-2019\/3669806\">VER M\u00c1S<\/a><\/h4>\n\n\n\n<h5 class=\"wp-block-heading\"><a href=\"https:\/\/www.sinembargo.mx\/29-10-2019\/3669806\">Legalizaci\u00f3n de la mariguana domina la agenda p\u00fablica, pero todav\u00eda no es prioridad en la 4T<\/a><\/h5>\n\n\n\n<p>El texto aprobado en el Senado tambi\u00e9n preve\u00eda la creaci\u00f3n del Instituto Mexicano de Regulaci\u00f3n y Control de Cannabis, pero los diputados tumbaron esta propuesta y establecieron que el ya existente Consejo Nacional contra las Adicciones (Conadic) regule la normativa sobre marihuana.<\/p>\n\n\n\n<p>La regulaci\u00f3n, que previsiblemente se aprobar\u00e1 el martes en la C\u00e1mara de Diputados, ha sido recibida con suspicacias por organizaciones defensoras del consumo l\u00fadico de marihuana ya que no se despenaliza del todo su posesi\u00f3n.<\/p>\n\n\n\n<p>La legislaci\u00f3n prev\u00e9 multas por portar entre 28 y 200 gramos, y penas de prisi\u00f3n de hasta 15 a\u00f1os por portar m\u00e1s de 300 gramos.<\/p>\n\n\n\n<p>Durante la discusi\u00f3n en comisiones, el diputado Marco Medina, del gobernante Movimiento Regeneraci\u00f3n Nacional (Morena), defendi\u00f3 la necesidad de acabar con el \u201cmodelo prohibicionista\u201d actual que ha \u201ccriminalizado\u201d a los consumidores y engrosado las c\u00e1rceles.<\/p>\n\n\n\n<p>Por su parte, la diputada Martha Romo, del derechista Partido Acci\u00f3n Nacional (PAN), lo consider\u00f3 un \u201cp\u00e9simo dictamen\u201d porque, a su juicio, los ni\u00f1os y adolescentes estar\u00e1n \u201cexpuestos a mayor acceso a fumar marihuana\u201d.<\/p>\n\n\n\n<p>Fuente: https:\/\/www.sinembargo.mx\/08-03-2021\/3948569<\/p>\n\n\n\n<p><\/p>\n","protected":false},"excerpt":{"rendered":"<p>La regulaci\u00f3n del consumo de la marihuana obedece a un mandato de la Suprema Corte de Justicia de la Naci\u00f3n, [&hellip;]<\/p>\n","protected":false},"author":1,"featured_media":5385,"comment_status":"open","ping_status":"open","sticky":false,"template":"","format":"standard","meta":{"site-sidebar-layout":"default","site-content-layout":"","ast-site-content-layout":"default","site-content-style":"default","site-sidebar-style":"default","ast-global-header-display":"","ast-banner-title-visibility":"","ast-main-header-display":"","ast-hfb-above-header-display":"","ast-hfb-below-header-display":"","ast-hfb-mobile-header-display":"","site-post-title":"","ast-breadcrumbs-content":"","ast-featured-img":"","footer-sml-layout":"","theme-transparent-header-meta":"","adv-header-id-meta":"","stick-header-meta":"","header-above-stick-meta":"","header-main-stick-meta":"","header-below-stick-meta":"","astra-migrate-meta-layouts":"default","ast-page-background-enabled":"default","ast-page-background-meta":{"desktop":{"background-color":"var(--ast-global-color-4)","background-image":"","background-repeat":"repeat","background-position":"center center","background-size":"auto","background-attachment":"scroll","background-type":"","background-media":"","overlay-type":"","overlay-color":"","overlay-opacity":"","overlay-gradient":""},"tablet":{"background-color":"","background-image":"","background-repeat":"repeat","background-position":"center center","background-size":"auto","background-attachment":"scroll","background-type":"","background-media":"","overlay-type":"","overlay-color":"","overlay-opacity":"","overlay-gradient":""},"mobile":{"background-color":"","background-image":"","background-repeat":"repeat","background-position":"center center","background-size":"auto","background-attachment":"scroll","background-type":"","background-media":"","overlay-type":"","overlay-color":"","overlay-opacity":"","overlay-gradient":""}},"ast-content-background-meta":{"desktop":{"background-color":"var(--ast-global-color-5)","background-image":"","background-repeat":"repeat","background-position":"center center","background-size":"auto","background-attachment":"scroll","background-type":"","background-media":"","overlay-type":"","overlay-color":"","overlay-opacity":"","overlay-gradient":""},"tablet":{"background-color":"var(--ast-global-color-5)","background-image":"","background-repeat":"repeat","background-position":"center center","background-size":"auto","background-attachment":"scroll","background-type":"","background-media":"","overlay-type":"","overlay-color":"","overlay-opacity":"","overlay-gradient":""},"mobile":{"background-color":"var(--ast-global-color-5)","background-image":"","background-repeat":"repeat","background-position":"center center","background-size":"auto","background-attachment":"scroll","background-type":"","background-media":"","overlay-type":"","overlay-color":"","overlay-opacity":"","overlay-gradient":""}},"footnotes":""},"categories":[8],"tags":[364,363],"class_list":["post-5384","post","type-post","status-publish","format-standard","has-post-thumbnail","hentry","category-noticias","tag-aprueba-senado-mexicano-uso-ludico-marihuana","tag-marihuana-de-uso-ludico-mexico"],"_links":{"self":[{"href":"https:\/\/losperiodistas.com.mx\/portal\/wp-json\/wp\/v2\/posts\/5384","targetHints":{"allow":["GET"]}}],"collection":[{"href":"https:\/\/losperiodistas.com.mx\/portal\/wp-json\/wp\/v2\/posts"}],"about":[{"href":"https:\/\/losperiodistas.com.mx\/portal\/wp-json\/wp\/v2\/types\/post"}],"author":[{"embeddable":true,"href":"https:\/\/losperiodistas.com.mx\/portal\/wp-json\/wp\/v2\/users\/1"}],"replies":[{"embeddable":true,"href":"https:\/\/losperiodistas.com.mx\/portal\/wp-json\/wp\/v2\/comments?post=5384"}],"version-history":[{"count":1,"href":"https:\/\/losperiodistas.com.mx\/portal\/wp-json\/wp\/v2\/posts\/5384\/revisions"}],"predecessor-version":[{"id":5386,"href":"https:\/\/losperiodistas.com.mx\/portal\/wp-json\/wp\/v2\/posts\/5384\/revisions\/5386"}],"wp:featuredmedia":[{"embeddable":true,"href":"https:\/\/losperiodistas.com.mx\/portal\/wp-json\/wp\/v2\/media\/5385"}],"wp:attachment":[{"href":"https:\/\/losperiodistas.com.mx\/portal\/wp-json\/wp\/v2\/media?parent=5384"}],"wp:term":[{"taxonomy":"category","embeddable":true,"href":"https:\/\/losperiodistas.com.mx\/portal\/wp-json\/wp\/v2\/categories?post=5384"},{"taxonomy":"post_tag","embeddable":true,"href":"https:\/\/losperiodistas.com.mx\/portal\/wp-json\/wp\/v2\/tags?post=5384"}],"curies":[{"name":"wp","href":"https:\/\/api.w.org\/{rel}","templated":true}]}}