{"id":5380,"date":"2021-03-09T06:48:39","date_gmt":"2021-03-09T12:48:39","guid":{"rendered":"http:\/\/losperiodistas.com.mx\/portal\/?p=5380"},"modified":"2021-03-09T06:48:41","modified_gmt":"2021-03-09T12:48:41","slug":"feministas-queman-puerta-del-poder-legislativo-en-puebla-oem","status":"publish","type":"post","link":"https:\/\/losperiodistas.com.mx\/portal\/feministas-queman-puerta-del-poder-legislativo-en-puebla-oem\/","title":{"rendered":"Feministas queman puerta del Poder Legislativo en Puebla | OEM"},"content":{"rendered":"\n<p style=\"font-size:18px\"><em>Demandar\u00e1 Gobierno de Puebla a mujeres por vandalizar inmuebles: Hill Mayoral<\/em><\/p>\n\n\n\n<p class=\"has-vivid-cyan-blue-color has-text-color has-medium-font-size\">ERIKA L\u00d3PEZ \/ EL SOL DE PUEBLA<\/p>\n\n\n\n<p>El grupo de mujeres del Frente Radical Feminista prendi\u00f3 fuego a la puerta del Congreso del Estado de Puebla como parte de las protestas para exigir Aborto Legal Ya en la entidad, alto a la violencia machista y la exigencia de castigar severamente a los abusadores y feminicidas.<\/p>\n\n\n\n<p>Esta calle result\u00f3 ser una de las m\u00e1s afectadas por el paso del contingente de mujeres que salieron a marchar por el D\u00eda Internacional de las Mujeres, ya que la mayor\u00eda de los edificios de la 5 poniente, entre la 5 y 3 sur , quedaron con consignas. Adem\u00e1s, los veh\u00edculos estacionados tambi\u00e9n fueron severamente da\u00f1ados, pues con piedras, palos y patadas, las manifestantes destruyeron los parabrisas y vidrios de las unidades.<\/p>\n\n\n\n<p>De igual forma, grafitearon los autom\u00f3viles mientras poco a poco el contingente de mujeres se disgregaba y algunas tomaban camino al z\u00f3calo de la ciudad.<\/p>\n\n\n\n<figure class=\"wp-block-embed-twitter wp-block-embed is-type-rich is-provider-twitter\"><div class=\"wp-block-embed__wrapper\">\n<blockquote class=\"twitter-tweet\" data-width=\"500\" data-dnt=\"true\"><p lang=\"es\" dir=\"ltr\"><a href=\"https:\/\/twitter.com\/hashtag\/AlMomento?src=hash&amp;ref_src=twsrc%5Etfw\">#AlMomento<\/a> Queman manifestantes la entrada del Congreso de <a href=\"https:\/\/twitter.com\/hashtag\/Puebla?src=hash&amp;ref_src=twsrc%5Etfw\">#Puebla<\/a>, adem\u00e1s de realizar pintas en la fachada del edificio <a href=\"https:\/\/twitter.com\/hashtag\/DiaInternacionalDeLaMujer?src=hash&amp;ref_src=twsrc%5Etfw\">#DiaInternacionalDeLaMujer<\/a>  | V\u00eda <a href=\"https:\/\/twitter.com\/diaz_bibiana?ref_src=twsrc%5Etfw\">@diaz_bibiana<\/a> <a href=\"https:\/\/t.co\/wkYxlp5IFc\">pic.twitter.com\/wkYxlp5IFc<\/a><\/p>&mdash; El Sol de Puebla (@elsoldepuebla1) <a href=\"https:\/\/twitter.com\/elsoldepuebla1\/status\/1369069752996536323?ref_src=twsrc%5Etfw\">March 8, 2021<\/a><\/blockquote><script async src=\"https:\/\/platform.twitter.com\/widgets.js\" charset=\"utf-8\"><\/script>\n<\/div><\/figure>\n\n\n\n<p>El contingente que se congreg\u00f3 en la Fiscal\u00eda del Estado de Puebla recorri\u00f3 el bulevar 5 de Mayo hasta Juan de Palafox y Mendoza, donde a su paso dej\u00f3 una estela de pintas y destrozos en cristales de algunos negocios.<\/p>\n\n\n\n<p>En las paradas de RUTA colocaron consignas, lo mismo que en paredes de diversos edificios, fue as\u00ed que al llegar a las instalaciones del Congreso, pintarrajearon las paredes, rompieron las ventanas, para luego encender la entrada principal de la sede del Poder Legislativo, fuego que despu\u00e9s de algunos minutos ces\u00f3 sin que pasara a mayores.<\/p>\n\n\n\n<figure class=\"wp-block-embed-twitter wp-block-embed is-type-rich is-provider-twitter\"><div class=\"wp-block-embed__wrapper\">\n<blockquote class=\"twitter-tweet\" data-width=\"500\" data-dnt=\"true\"><p lang=\"es\" dir=\"ltr\">Circula manifestaci\u00f3n por el <a href=\"https:\/\/twitter.com\/hashtag\/DiaInternacionalDeLaMujer?src=hash&amp;ref_src=twsrc%5Etfw\">#DiaInternacionalDeLaMujer<\/a> sobre la avenida Juan de Palafox y Mendoza | V\u00eda <a href=\"https:\/\/twitter.com\/abraham_gova?ref_src=twsrc%5Etfw\">@abraham_gova<\/a> <br><br> Lee m\u00e1s:  <a href=\"https:\/\/t.co\/O0petmpTtm\">https:\/\/t.co\/O0petmpTtm<\/a> <a href=\"https:\/\/t.co\/NX4BscXjfT\">pic.twitter.com\/NX4BscXjfT<\/a><\/p>&mdash; El Sol de Puebla (@elsoldepuebla1) <a href=\"https:\/\/twitter.com\/elsoldepuebla1\/status\/1369065514086072321?ref_src=twsrc%5Etfw\">March 8, 2021<\/a><\/blockquote><script async src=\"https:\/\/platform.twitter.com\/widgets.js\" charset=\"utf-8\"><\/script>\n<\/div><\/figure>\n\n\n\n<h3 class=\"wp-block-heading\"><strong>Mujeres derriban vallas colocadas en la Fiscal\u00eda en protesta #8M2021<\/strong><\/h3>\n\n\n\n<p>Mujeres del Frente Radical Feminista se dieron cita en la Fiscal\u00eda de Puebla para repudiar la violencia contra las mujeres y los feminicidios este 8 de marzo en el marco del D\u00eda Internacional de las Mujeres.<\/p>\n\n\n\n<p>Previ\u00f3 a su llegada, la dependencia coloc\u00f3 vallas en el exterior del edificio para evitar que las feministas se acercar\u00e1n a paredes y entrada, sin embargo, ellas, unidas, quitaron las estructuras met\u00e1licas y pintaron consignas en las paredes.<\/p>\n\n\n\n<p>Carteles en manos con leyendas como \u00abNi\u00f1as s\u00ed, madres no\u00bb, \u00abYo ser\u00e9 lo que quiera ser\u00bb, \u00abHermana yo s\u00ed te creo\u00bb, \u00abQue caiga con fuerza el estado\u00bb, mujeres alzan la voz para decir basta al acoso sexual y violencia que a\u00fan aquejas a las f\u00e9minas.<\/p>\n\n\n\n<p>En medio del ambiente de protesta, algunas mujeres causaron destrozos en este edificio, como romper los cristales de las puertas de acceso a la Fiscal\u00eda<img decoding=\"async\" src=\"https:\/\/www.elsoldepuebla.com.mx\/incoming\/dgrgou-mujeres4.jpg\/alternates\/LANDSCAPE_720\/mujeres4.jpg\" alt=\"\"><\/p>\n\n\n\n<h4 class=\"wp-block-heading\">Foto: Erik Guzm\u00e1n | El Sol de Puebla<\/h4>\n\n\n\n<p><img decoding=\"async\" src=\"https:\/\/www.elsoldepuebla.com.mx\/incoming\/61fs5a-mujeres3.jpg\/alternates\/LANDSCAPE_720\/mujeres3.jpg\" alt=\"\"><\/p>\n\n\n\n<h4 class=\"wp-block-heading\">Foto: Bibiana D\u00edaz | El Sol de Puebla<\/h4>\n\n\n\n<p><img decoding=\"async\" src=\"https:\/\/www.elsoldepuebla.com.mx\/incoming\/d32htj-mujeres2.jpg\/alternates\/LANDSCAPE_720\/mujeres2.jpg\" alt=\"\"><\/p>\n\n\n\n<p>En tanto, que en la 5 poniente y 7 Sur, un grupo de mujeres se congreg\u00f3 para marchar rumbo al z\u00f3calo de la ciudad.<\/p>\n\n\n\n<p>As\u00ed, m\u00e1s de cinco calles del Centro Hist\u00f3rico se abarrotaron de mujeres pidiendo justicia para las v\u00edctimas de feminicidio; buscando hacer visible la violencia a la que se enfrentan diariamente y exigiendo un alto a las violencias machistas.<\/p>\n\n\n\n<p>Desde la Comisi\u00f3n de Derechos Humanos del Estado (CDH), en la calle 5 poniente y 5 sur, hasta cruzar el Paseo Bravo, madres de desaparecidos, v\u00edctimas de feminicidio, madres con sus y cr\u00edas, un contingente de personas diversas y el contingente mixto para mujeres con acompa\u00f1adas por hombres cisg\u00e9nero.<\/p>\n\n\n\n<p>Fuente: https:\/\/www.elsoldepuebla.com.mx\/local\/en-vivo-feministas-queman-puerta-del-poder-legislativo-en-puebla-dia-internacional-de-la-mujer-8m2021-violadores-6452734.html<\/p>\n\n\n\n<h1 class=\"wp-block-heading\">Demandar\u00e1 Gobierno de Puebla a mujeres por vandalizar inmuebles<\/h1>\n\n\n\n<h3 class=\"wp-block-heading\" style=\"font-size:18px\"><em>Se\u00f1alaron que este D\u00eda Internacional de la Mujer se \u201ccometieron delitos\u201d que una administraci\u00f3n no puede tolerar<\/em><\/h3>\n\n\n\n<figure class=\"wp-block-image size-large\"><img fetchpriority=\"high\" decoding=\"async\" width=\"1024\" height=\"643\" src=\"https:\/\/losperiodistas.com.mx\/portal\/wp-content\/uploads\/2021\/03\/Captura-de-Pantalla-2021-03-09-a-las-6.42.12-1024x643.jpg\" alt=\"\" class=\"wp-image-5381\" srcset=\"https:\/\/losperiodistas.com.mx\/portal\/wp-content\/uploads\/2021\/03\/Captura-de-Pantalla-2021-03-09-a-las-6.42.12-1024x643.jpg 1024w, https:\/\/losperiodistas.com.mx\/portal\/wp-content\/uploads\/2021\/03\/Captura-de-Pantalla-2021-03-09-a-las-6.42.12-300x188.jpg 300w, https:\/\/losperiodistas.com.mx\/portal\/wp-content\/uploads\/2021\/03\/Captura-de-Pantalla-2021-03-09-a-las-6.42.12-768x482.jpg 768w, https:\/\/losperiodistas.com.mx\/portal\/wp-content\/uploads\/2021\/03\/Captura-de-Pantalla-2021-03-09-a-las-6.42.12.jpg 1500w\" sizes=\"(max-width: 1024px) 100vw, 1024px\" \/><figcaption>Gobierno de Puebla<\/figcaption><\/figure>\n\n\n\n<p class=\"has-vivid-cyan-blue-color has-text-color has-medium-font-size\">ALBA ESPEJEL \/ EL SOL DE PUEBLA<\/p>\n\n\n\n<p>\u201cLa tarde de hoy en distintos puntos de la capital del estado, se manifestaron grupos de mujeres que cometieron delitos que un gobierno no puede tolerar. En la capital se vivi\u00f3 una jornada marcada por agresiones. Lo que debi\u00f3 ser un d\u00eda de respeto y conciliaci\u00f3n, a la marcha de estas mujeres la distingui\u00f3 la destrucci\u00f3n del inmobiliario p\u00fablico, propiedad privada, pintas a edificios hist\u00f3ricos y agresiones en contra la integridad f\u00edsica de otras personas\u201d, declar\u00f3.<\/p>\n\n\n\n<p>La funcionaria p\u00fablica dijo que las im\u00e1genes que circulan en torno a la marcha reflejan un esp\u00edritu de \u201cintolerancia y total violaci\u00f3n al estado de derecho\u201d. Agreg\u00f3 que la administraci\u00f3n respeta la libre manifestaci\u00f3n y la libre asociaci\u00f3n, pero que no ser\u00e1 as\u00ed cuando se transgreden las leyes.<\/p>\n\n\n\n<p><strong>\u201cLos hechos de violencia sucedidos esta tarde no representan al casi 53 por ciento de la poblaci\u00f3n que somos mujeres en el estado. Sabemos que hay rezagos, dolor y desigualdades, pero la violencia nunca ser\u00e1 el camino para resolver problemas y menos cuando por parte del gobierno existe apertura al di\u00e1logo\u201d, coment\u00f3.<\/strong><\/p>\n\n\n\n<p>Hill Mayoral se refiri\u00f3 a \u201clas mujeres encapuchadas\u201d como incitadoras de la violencia y les dijo que \u201cas\u00ed no se reivindica el lugar de la mujer y que as\u00ed no se demuestra la capacidad de las mujeres para entender los problemas\u201d. En este punto coment\u00f3 que se sent\u00eda decepcionada, molesta e indignada por los actos ocurridos la tarde de este 8 de marzo.<\/p>\n\n\n\n<figure class=\"wp-block-embed-youtube wp-block-embed is-type-video is-provider-youtube wp-embed-aspect-16-9 wp-has-aspect-ratio\"><div class=\"wp-block-embed__wrapper\">\n<iframe title=\"As\u00ed fue la Marcha #8M2021 en Puebla\" width=\"500\" height=\"281\" src=\"https:\/\/www.youtube.com\/embed\/JATfXgX5A1w?feature=oembed\" frameborder=\"0\" allow=\"accelerometer; autoplay; clipboard-write; encrypted-media; gyroscope; picture-in-picture; web-share\" referrerpolicy=\"strict-origin-when-cross-origin\" allowfullscreen><\/iframe>\n<\/div><\/figure>\n\n\n\n<p>Luego de insistir en que el Gobierno fincar\u00e1 responsabilidades contra las autoras materiales e intelectuales de los hechos violentos, la secretaria aprovech\u00f3 para mencionar que tienen detectadas a algunas personas que trabajan en el Gobierno de la Ciudad y que fueron parte de este movimiento.<\/p>\n\n\n\n<p>Hasta el momento, no tienen un c\u00e1lculo de los da\u00f1os que se registraron, pues reci\u00e9n comenzaron con el levantamiento de la informaci\u00f3n, cuando tengan los datos los dar\u00e1n a conocer. S\u00f3lo mencion\u00f3 que se da\u00f1\u00f3 la Fiscal\u00eda General del Estado (FGE), el Congreso del Estado de Puebla, la Red Urbana del Transporte Articulado (RUTA), el z\u00f3calo, la catedral, las instalaciones de algunos partidos pol\u00edticos, adem\u00e1s de propiedad privada y veh\u00edculos de particulares.<\/p>\n\n\n\n<p>Fuente: https:\/\/www.elsoldepuebla.com.mx\/incoming\/demandara-gobierno-de-puebla-a-mujeres-por-vandalizar-inmuebles-marcha-8m2021-dia-internacional-de-las-mujeres-gobierno-represor-ana-lucia-hill-mayoral-luis-miguel-barbosa-huerta-6454049.html<\/p>\n","protected":false},"excerpt":{"rendered":"<p>Demandar\u00e1 Gobierno de Puebla a mujeres por vandalizar inmuebles: Hill Mayoral ERIKA L\u00d3PEZ \/ EL SOL DE PUEBLA El grupo [&hellip;]<\/p>\n","protected":false},"author":1,"featured_media":5382,"comment_status":"open","ping_status":"open","sticky":false,"template":"","format":"standard","meta":{"site-sidebar-layout":"default","site-content-layout":"","ast-site-content-layout":"default","site-content-style":"default","site-sidebar-style":"default","ast-global-header-display":"","ast-banner-title-visibility":"","ast-main-header-display":"","ast-hfb-above-header-display":"","ast-hfb-below-header-display":"","ast-hfb-mobile-header-display":"","site-post-title":"","ast-breadcrumbs-content":"","ast-featured-img":"","footer-sml-layout":"","theme-transparent-header-meta":"","adv-header-id-meta":"","stick-header-meta":"","header-above-stick-meta":"","header-main-stick-meta":"","header-below-stick-meta":"","astra-migrate-meta-layouts":"default","ast-page-background-enabled":"default","ast-page-background-meta":{"desktop":{"background-color":"var(--ast-global-color-4)","background-image":"","background-repeat":"repeat","background-position":"center center","background-size":"auto","background-attachment":"scroll","background-type":"","background-media":"","overlay-type":"","overlay-color":"","overlay-opacity":"","overlay-gradient":""},"tablet":{"background-color":"","background-image":"","background-repeat":"repeat","background-position":"center center","background-size":"auto","background-attachment":"scroll","background-type":"","background-media":"","overlay-type":"","overlay-color":"","overlay-opacity":"","overlay-gradient":""},"mobile":{"background-color":"","background-image":"","background-repeat":"repeat","background-position":"center center","background-size":"auto","background-attachment":"scroll","background-type":"","background-media":"","overlay-type":"","overlay-color":"","overlay-opacity":"","overlay-gradient":""}},"ast-content-background-meta":{"desktop":{"background-color":"var(--ast-global-color-5)","background-image":"","background-repeat":"repeat","background-position":"center center","background-size":"auto","background-attachment":"scroll","background-type":"","background-media":"","overlay-type":"","overlay-color":"","overlay-opacity":"","overlay-gradient":""},"tablet":{"background-color":"var(--ast-global-color-5)","background-image":"","background-repeat":"repeat","background-position":"center center","background-size":"auto","background-attachment":"scroll","background-type":"","background-media":"","overlay-type":"","overlay-color":"","overlay-opacity":"","overlay-gradient":""},"mobile":{"background-color":"var(--ast-global-color-5)","background-image":"","background-repeat":"repeat","background-position":"center center","background-size":"auto","background-attachment":"scroll","background-type":"","background-media":"","overlay-type":"","overlay-color":"","overlay-opacity":"","overlay-gradient":""}},"footnotes":""},"categories":[8],"tags":[360,361,362],"class_list":["post-5380","post","type-post","status-publish","format-standard","has-post-thumbnail","hentry","category-noticias","tag-feminismo-puebla","tag-marcha-8-m-puebla","tag-violencia-8-m-puebla"],"_links":{"self":[{"href":"https:\/\/losperiodistas.com.mx\/portal\/wp-json\/wp\/v2\/posts\/5380","targetHints":{"allow":["GET"]}}],"collection":[{"href":"https:\/\/losperiodistas.com.mx\/portal\/wp-json\/wp\/v2\/posts"}],"about":[{"href":"https:\/\/losperiodistas.com.mx\/portal\/wp-json\/wp\/v2\/types\/post"}],"author":[{"embeddable":true,"href":"https:\/\/losperiodistas.com.mx\/portal\/wp-json\/wp\/v2\/users\/1"}],"replies":[{"embeddable":true,"href":"https:\/\/losperiodistas.com.mx\/portal\/wp-json\/wp\/v2\/comments?post=5380"}],"version-history":[{"count":1,"href":"https:\/\/losperiodistas.com.mx\/portal\/wp-json\/wp\/v2\/posts\/5380\/revisions"}],"predecessor-version":[{"id":5383,"href":"https:\/\/losperiodistas.com.mx\/portal\/wp-json\/wp\/v2\/posts\/5380\/revisions\/5383"}],"wp:featuredmedia":[{"embeddable":true,"href":"https:\/\/losperiodistas.com.mx\/portal\/wp-json\/wp\/v2\/media\/5382"}],"wp:attachment":[{"href":"https:\/\/losperiodistas.com.mx\/portal\/wp-json\/wp\/v2\/media?parent=5380"}],"wp:term":[{"taxonomy":"category","embeddable":true,"href":"https:\/\/losperiodistas.com.mx\/portal\/wp-json\/wp\/v2\/categories?post=5380"},{"taxonomy":"post_tag","embeddable":true,"href":"https:\/\/losperiodistas.com.mx\/portal\/wp-json\/wp\/v2\/tags?post=5380"}],"curies":[{"name":"wp","href":"https:\/\/api.w.org\/{rel}","templated":true}]}}