{"id":5369,"date":"2021-03-08T06:45:34","date_gmt":"2021-03-08T12:45:34","guid":{"rendered":"http:\/\/losperiodistas.com.mx\/portal\/?p=5369"},"modified":"2021-03-08T06:45:35","modified_gmt":"2021-03-08T12:45:35","slug":"el-principe-harry-acusado-de-traicion-a-la-familia-real-el-mundo","status":"publish","type":"post","link":"https:\/\/losperiodistas.com.mx\/portal\/el-principe-harry-acusado-de-traicion-a-la-familia-real-el-mundo\/","title":{"rendered":"El Pr\u00edncipe Harry, acusado de \u00abtraici\u00f3n\u00bb a la familia real | El Mundo"},"content":{"rendered":"\n<p style=\"font-size:18px\"><em>Sus explosivas declaraciones en la entrevista con Oprah pueden vetarle su futura aparici\u00f3n en actos p\u00fablicos junto a otros miembros de la monarqu\u00eda brit\u00e1nica<\/em><\/p>\n\n\n\n<p class=\"has-vivid-cyan-blue-color has-text-color has-medium-font-size\">CARLOS FRESNEDA \/ Londres \/ EL MUNDO<\/p>\n\n\n\n<p>anto o m\u00e1s que la entrevista con la propia&nbsp;<a href=\"https:\/\/www.elmundo.es\/loc\/famosos\/2021\/03\/08\/6045aabc21efa037198b45ba.html\">Meghan<\/a>, las declaraciones de Harry han causado estupor entre los brit\u00e1nicos y han provocado el anatema casi un\u00e1nime de los bi\u00f3grafos reales. El presentador de la ITV Piers Morgan fue m\u00e1s all\u00e1 y acus\u00f3 al pr\u00edncipe de haber protagonizado&nbsp;<strong>\u00abuna despreciable traici\u00f3n a la familia real\u00bb<\/strong>&nbsp;y de haberles humillado \u00abcomo una panda de racistas\u00bb.<\/p>\n\n\n\n<p>Harry refrend\u00f3 las acusaciones de Meghan de hostilidad racial hacia ella, y los comentarios sobre \u00abc\u00f3mo de oscura ser\u00eda la piel\u00bb de su hijo Archie. El hijo menor de Carlos y Diana asegur\u00f3 que no tuvo a qui\u00e9n recurrir dentro de su propia familia cuando Meghan exhibi\u00f3 tendencias suicidas durante su embarazo.<\/p>\n\n\n\n<p><strong>\u00abMe sent\u00eda atrapado en el sistema\u00bb<\/strong>, declar\u00f3 a Oprah. \u00abMi padre y mi hermano tambi\u00e9n est\u00e1n atrapados. No les dejan salir. Siento una enorme compasi\u00f3n por ellos\u00bb. Harry reconoci\u00f3 que su relaci\u00f3n con William desde su marcha es pr\u00e1cticamente inexistente y se puede definir con una sola palabra: \u00abEspacio\u00bb.<\/p>\n\n\n\n<p>\u00ab\u00bfEl anuncio de su partida no fue como una pu\u00f1alada por la espalda para la Reina?\u00bb, pregunt\u00f3 Oprah. \u00abYo nunca atacar\u00eda por la espalda a mi abuela\u00bb, respondi\u00f3. \u00abTengo un gran respeto por ella\u00bb.<\/p>\n\n\n\n<p>Harry asegur\u00f3 que la experiencia de los primeros meses tras la boda y el embarazo de Meghan le hizo llegar a una conclusi\u00f3n: si quer\u00eda formar su propia familia, ten\u00eda que&nbsp;<a href=\"https:\/\/www.elmundo.es\/internacional\/2021\/03\/07\/604503cbfdddff448c8b45fc.html\">ser lejos de la familia real<\/a>.&nbsp;<strong>\u00abHubo una falta de apoyo y de entendimiento durante el proceso\u00bb<\/strong>, dijo.<\/p>\n\n\n\n<p>El hijo menor de Carlos describi\u00f3 tambi\u00e9n la frialdad y la distancia con el heredero de la Corona: \u00abCuando nos fuimos a Canad\u00e1, habl\u00e9 tres veces con mi abuela y dos con mi padre. A partir de un cierto punto dej\u00f3 de atender mis llamadas&#8230; Lleg\u00f3 a sugerir que le describiera mis intenciones por escrito. Me sent\u00ed decepcionado. Me hizo mucho da\u00f1o todo lo ocurrido\u00bb.<\/p>\n\n\n\n<p>M\u00e1s en El Mundo:<\/p>\n\n\n\n<p><a href=\"https:\/\/www.elmundo.es\/loc\/famosos\/2021\/03\/08\/6045aabc21efa037198b45ba.html\">Meghan Markle pens\u00f3 en suicidarse durante sus a\u00f1os con la Familia Real brit\u00e1nica<\/a><\/p>\n\n\n\n<p><a href=\"https:\/\/www.elmundo.es\/ciencia-y-salud\/salud\/2021\/03\/08\/6045b127fc6c83b8588b45ad.html\">Coronavirus Espa\u00f1a hoy, noticias de \u00faltima hora | <\/a><\/p>\n\n\n\n<p><a href=\"https:\/\/www.elmundo.es\/ciencia-y-salud\/salud\/2021\/03\/08\/6045b127fc6c83b8588b45ad.html\">Las separaciones y divorcios se desploman en el a\u00f1o del coronavirus<\/a><\/p>\n\n\n\n<p>Harry describi\u00f3 c\u00f3mo tuvo que usar parte de su dinero de la herencia de Diana para pagar la seguridad de la pareja cuando la familia real decidi\u00f3 no sufragar los gastos tras su partida del&nbsp;<a href=\"https:\/\/www.elmundo.es\/internacional\/reino-unido.html\">Reino Unido<\/a>. Al pr\u00edncipe le mud\u00f3 el rostro en el momento de anunciar que ser\u00e1n padres de una ni\u00f1a, y que tendr\u00e1n la parejita. \u00ab\u00a1S\u00ed\u00bb, exclam\u00f3 el pr\u00edncipe en una se\u00f1al de j\u00fabilo.<\/p>\n\n\n\n<p>Harry no revel\u00f3 si sigue adelante con sus planes para viajar al Reino Unido y asistir al\u00a0<strong>100 cumplea\u00f1os de su abuelo Felipe de Edimburgo<\/strong>, que lleva 20 d\u00edas en el hospital y ha sido nuevamente operado del coraz\u00f3n. El pr\u00edncipe planeaban tambi\u00e9n asistir a la inauguraci\u00f3n de una estatua en honor a Diana con su hermano. Sus explosivas declaraciones pueden vetarle sin embargo su futura aparici\u00f3n con la familia real en actos p\u00fablicos.<\/p>\n\n\n\n<p>Fuente: https:\/\/www.elmundo.es\/internacional\/2021\/03\/08\/6045fad621efa0964a8b45b8.html<\/p>\n","protected":false},"excerpt":{"rendered":"<p>Sus explosivas declaraciones en la entrevista con Oprah pueden vetarle su futura aparici\u00f3n en actos p\u00fablicos junto a otros miembros [&hellip;]<\/p>\n","protected":false},"author":1,"featured_media":5370,"comment_status":"open","ping_status":"open","sticky":false,"template":"","format":"standard","meta":{"site-sidebar-layout":"default","site-content-layout":"","ast-site-content-layout":"default","site-content-style":"default","site-sidebar-style":"default","ast-global-header-display":"","ast-banner-title-visibility":"","ast-main-header-display":"","ast-hfb-above-header-display":"","ast-hfb-below-header-display":"","ast-hfb-mobile-header-display":"","site-post-title":"","ast-breadcrumbs-content":"","ast-featured-img":"","footer-sml-layout":"","theme-transparent-header-meta":"","adv-header-id-meta":"","stick-header-meta":"","header-above-stick-meta":"","header-main-stick-meta":"","header-below-stick-meta":"","astra-migrate-meta-layouts":"default","ast-page-background-enabled":"default","ast-page-background-meta":{"desktop":{"background-color":"var(--ast-global-color-4)","background-image":"","background-repeat":"repeat","background-position":"center center","background-size":"auto","background-attachment":"scroll","background-type":"","background-media":"","overlay-type":"","overlay-color":"","overlay-opacity":"","overlay-gradient":""},"tablet":{"background-color":"","background-image":"","background-repeat":"repeat","background-position":"center center","background-size":"auto","background-attachment":"scroll","background-type":"","background-media":"","overlay-type":"","overlay-color":"","overlay-opacity":"","overlay-gradient":""},"mobile":{"background-color":"","background-image":"","background-repeat":"repeat","background-position":"center center","background-size":"auto","background-attachment":"scroll","background-type":"","background-media":"","overlay-type":"","overlay-color":"","overlay-opacity":"","overlay-gradient":""}},"ast-content-background-meta":{"desktop":{"background-color":"var(--ast-global-color-5)","background-image":"","background-repeat":"repeat","background-position":"center center","background-size":"auto","background-attachment":"scroll","background-type":"","background-media":"","overlay-type":"","overlay-color":"","overlay-opacity":"","overlay-gradient":""},"tablet":{"background-color":"var(--ast-global-color-5)","background-image":"","background-repeat":"repeat","background-position":"center center","background-size":"auto","background-attachment":"scroll","background-type":"","background-media":"","overlay-type":"","overlay-color":"","overlay-opacity":"","overlay-gradient":""},"mobile":{"background-color":"var(--ast-global-color-5)","background-image":"","background-repeat":"repeat","background-position":"center center","background-size":"auto","background-attachment":"scroll","background-type":"","background-media":"","overlay-type":"","overlay-color":"","overlay-opacity":"","overlay-gradient":""}},"footnotes":""},"categories":[8],"tags":[358],"class_list":["post-5369","post","type-post","status-publish","format-standard","has-post-thumbnail","hentry","category-noticias","tag-principe-harry-de-inglaterra-acusado-de-traicion"],"_links":{"self":[{"href":"https:\/\/losperiodistas.com.mx\/portal\/wp-json\/wp\/v2\/posts\/5369","targetHints":{"allow":["GET"]}}],"collection":[{"href":"https:\/\/losperiodistas.com.mx\/portal\/wp-json\/wp\/v2\/posts"}],"about":[{"href":"https:\/\/losperiodistas.com.mx\/portal\/wp-json\/wp\/v2\/types\/post"}],"author":[{"embeddable":true,"href":"https:\/\/losperiodistas.com.mx\/portal\/wp-json\/wp\/v2\/users\/1"}],"replies":[{"embeddable":true,"href":"https:\/\/losperiodistas.com.mx\/portal\/wp-json\/wp\/v2\/comments?post=5369"}],"version-history":[{"count":1,"href":"https:\/\/losperiodistas.com.mx\/portal\/wp-json\/wp\/v2\/posts\/5369\/revisions"}],"predecessor-version":[{"id":5371,"href":"https:\/\/losperiodistas.com.mx\/portal\/wp-json\/wp\/v2\/posts\/5369\/revisions\/5371"}],"wp:featuredmedia":[{"embeddable":true,"href":"https:\/\/losperiodistas.com.mx\/portal\/wp-json\/wp\/v2\/media\/5370"}],"wp:attachment":[{"href":"https:\/\/losperiodistas.com.mx\/portal\/wp-json\/wp\/v2\/media?parent=5369"}],"wp:term":[{"taxonomy":"category","embeddable":true,"href":"https:\/\/losperiodistas.com.mx\/portal\/wp-json\/wp\/v2\/categories?post=5369"},{"taxonomy":"post_tag","embeddable":true,"href":"https:\/\/losperiodistas.com.mx\/portal\/wp-json\/wp\/v2\/tags?post=5369"}],"curies":[{"name":"wp","href":"https:\/\/api.w.org\/{rel}","templated":true}]}}