{"id":5366,"date":"2021-03-08T06:23:10","date_gmt":"2021-03-08T12:23:10","guid":{"rendered":"http:\/\/losperiodistas.com.mx\/portal\/?p=5366"},"modified":"2021-03-08T06:23:12","modified_gmt":"2021-03-08T12:23:12","slug":"por-que-el-presidente-mexicano-no-puede-dejar-de-meterse-con-espana-el-confidencial","status":"publish","type":"post","link":"https:\/\/losperiodistas.com.mx\/portal\/por-que-el-presidente-mexicano-no-puede-dejar-de-meterse-con-espana-el-confidencial\/","title":{"rendered":"\u00bfPor qu\u00e9 el presidente mexicano no puede dejar de meterse con Espa\u00f1a? | El Confidencial"},"content":{"rendered":"\n<p style=\"font-size:18px\"><em>Desde hace dos a\u00f1os, L\u00f3pez Obrador no ha perdido la ocasi\u00f3n para poner a Espa\u00f1a en el centro de sus ataques. Expertos coinciden en que se trata de una reivindicaci\u00f3n nacionalista<\/em><\/p>\n\n\n\n<p class=\"has-vivid-cyan-blue-color has-text-color has-medium-font-size\">MAURICIO HDEZ. CERVANTES \/ EL CONFIDENCIAL<\/p>\n\n\n\n<p>Enero de 2019. Hay apretones de mano, sonrisas y halagos mutuos. La imagen es la de dos mandatarios en una visita oficial \u2013con un alto grado de simbolismo\u2013 reforzando los lazos diplom\u00e1ticos. Uno de ellos es<a href=\"https:\/\/www.elconfidencial.com\/tags\/personajes\/pedro-sanchez-10225\/\">&nbsp;Pedro S\u00e1nchez<\/a>. El otro,<a href=\"https:\/\/www.elconfidencial.com\/tags\/personajes\/lopez-obrador-19847\/\">&nbsp;Andr\u00e9s Manuel L\u00f3pez Obrador<\/a>, que lleva un mes al frente de un proyecto autodenominado<strong>&nbsp;\u2018la Cuarta Transformaci\u00f3n\u2019&nbsp;<\/strong>o \u20184T\u2019. Los gestos de cordialidad no dan lugar a sospechas: S\u00e1nchez, agradeciendo la distinci\u00f3n como primer invitado especial del reci\u00e9n estrenado Gobierno mexicano, le entrega como regalo a L\u00f3pez Obrador el acta de nacimiento de su abuelo emigrante nacido en Cantabria a finales del siglo XIX. Este idilio, no obstante,&nbsp;<strong>durar\u00e1 menos que un romance de verano.<\/strong><\/p>\n\n\n\n<p>Marzo de 2019. M\u00e9xico (sobre todo) y Espa\u00f1a est\u00e1n por comenzar las conmemoraciones de los 80 a\u00f1os desde que el pa\u00eds norteamericano recibi\u00f3 al exilio de la derrotada Segunda Rep\u00fablica. A\u00fan resuena el eco de las palabras de agradecimiento de S\u00e1nchez hacia M\u00e9xico por haber abierto los brazos siempre a los espa\u00f1oles a lo largo de la Historia. Tambi\u00e9n el de las palabras de L\u00f3pez Obrador con las que aseguraba que las condiciones para estrechar los lazos entre ambos pa\u00edses eran inmejorables. Pero, de pronto,&nbsp;<a href=\"https:\/\/www.elconfidencial.com\/mundo\/2019-03-29\/lopez-obrador-mexico-rey-espana-disulpas-responabilidad_1913358\/\">apareci\u00f3 la carta de la discordia<\/a>. Y, por supuesto, todo cambi\u00f3. A partir de aquel d\u00eda, el mandatario mexicano no ha desaprovechado ninguna ocasi\u00f3n para llegar a la confrontaci\u00f3n y a la exigencia, y, sobre todo,&nbsp;<strong>para usar a Espa\u00f1a como objeto de sus \u00edmpetus y fervores m\u00e1s nacionalistas<\/strong>.<\/p>\n\n\n\n<p>Es como si de la noche a la ma\u00f1ana para el actual gobierno mexicano, Espa\u00f1a se hubiese convertido en un saco de boxeo para amortiguar los problemas internos que tienen sumido al pa\u00eds en&nbsp;<strong>una de las crisis m\u00e1s graves que se recuerdan<\/strong>. Hablamos de periodistas asesinados, de inseguridad descontrolada, de feminicidios, de crispaci\u00f3n social y de ataques directos desde la m\u00e1xima tribuna del Estado hacia los medios de comunicaci\u00f3n que no comulgan con su l\u00ednea pol\u00edtica. Y hablamos de una muy cuestionable gesti\u00f3n de la crisis pand\u00e9mica.<\/p>\n\n\n\n<figure class=\"wp-block-image\"><img decoding=\"async\" src=\"https:\/\/www.ecestaticos.com\/image\/clipping\/5e4e32857ab2e14bae3ff6112bae39eb\/detectada-en-mexico-una-nueva-variante-del-coronavirus-vinculada-a-un-80-de-los-casos.jpg\" alt=\"Foto: Un hombre con su hijo en brazos. (Reuters)\"\/><\/figure>\n\n\n\n<p><a href=\"https:\/\/www.elconfidencial.com\/mundo\/2021-02-26\/detectada-en-mexico-una-nueva-variante-del-coronavirus-vinculada-a-un-80-de-los-casos_2969492\/\">Detectada en M\u00e9xico una nueva variante del coronavirus vinculada a un 80% de los casos<\/a>Europa Press<\/p>\n\n\n\n<p>Pareciera que la 4T est\u00e1 obsesionada con lograr que&nbsp;<a href=\"https:\/\/www.elconfidencial.com\/tags\/personajes\/rey-felipe-vi-10707\/\">Felipe VI&nbsp;<\/a>se disculpe por los abusos cometidos por los espa\u00f1oles durante la Conquista: algo que la mayor\u00eda de los acad\u00e9micos no s\u00f3lo ven improbable, sino que consideran como innecesario, in\u00fatil, anacr\u00f3nico y como una estrategia de pol\u00edtica interna. Pareciera, claro, debido a las constantes relecturas p\u00fablicas de aquella carta (la \u00faltima de ellas,&nbsp;<strong>durante enero de este 2021<\/strong>). Pero m\u00e1s all\u00e1 de eso, el mandatario parece obstinado con la reivindicaci\u00f3n nacionalista y latinoamericanista con la que mantiene viva la llama de su discurso patri\u00f3tico. Y ejemplos de ello sobran: desde sus cr\u00edticas<a href=\"https:\/\/www.elconfidencial.com\/tags\/personajes\/pablo-hasel-13762\/\">&nbsp;al caso de Pablo Has\u00e9l&nbsp;<\/a>hasta la omisi\u00f3n de la representaci\u00f3n espa\u00f1ola durante la conmemoraci\u00f3n de los 200 a\u00f1os del documento que dio vida al M\u00e9xico independiente, am\u00e9n de las relecturas de la carta de la discordia. \u00bfSer\u00e1 que la apuesta del presidente mexicano por la tensi\u00f3n diplom\u00e1tica con Espa\u00f1a es s\u00f3lo una estrategia pol\u00edtica para mantener a sus bases electorales?<\/p>\n\n\n\n<h2 class=\"wp-block-heading\">Un cuento de \u2018buenos y malos\u2019<\/h2>\n\n\n\n<p>Para muchos acad\u00e9micos e investigadores, las constantes exigencias de que Espa\u00f1a se disculpe no son m\u00e1s que un sinsentido. \u00bfPor qu\u00e9? Pues porque un fen\u00f3meno hist\u00f3rico tan complejo como fue la Conquista de M\u00e9xico&nbsp;<strong>no puede reducirse a un cuento de \u2018buenos y malos\u2019<\/strong>. Y menos ser utilizado en el presente con fines pol\u00edticos.<\/p>\n\n\n\n<p>De vuelta a 2019. Una vez desatada la pol\u00e9mica por la carta dirigida a Felipe VI, la academia manifest\u00f3 su postura.&nbsp;<strong>Alfredo \u00c1vila Rueda<\/strong>, uno de los investigadores en la materia m\u00e1s prestigiosos de M\u00e9xico, perteneciente al Instituto de Investigaciones Hist\u00f3ricas de la Universidad Nacional Aut\u00f3noma de M\u00e9xico (UNAM), lo dej\u00f3 muy claro en una entrevista del peri\u00f3dico mexicano El Economista: \u201ces tiempo de que los mexicanos&nbsp;<strong>nos quitemos de encima la idea de que la Conquista la hizo Espa\u00f1a<\/strong>\u201d. Y es que para \u00e9l, como para tantos otros investigadores en la materia, \u201ces un fen\u00f3meno mucho m\u00e1s complejo que simplemente decir que Espa\u00f1a vino a conquistar M\u00e9xico\u201d. Y, coincidiendo del monarca espa\u00f1ol, considera como \u201cun anacronismo\u201d el que unos hechos ocurridos hace m\u00e1s de 500 a\u00f1os sean juzgados con los par\u00e1metros actuales.<\/p>\n\n\n\n<figure class=\"wp-block-image\"><img decoding=\"async\" src=\"https:\/\/www.ecestaticos.com\/image\/clipping\/c1ea92d4b527f895e7123870a39d1ca9\/perdon-a-mexico-por-que-los-historiadores-y-la-conquista-de-america.jpg\" alt=\"Foto: Grabado propagand\u00edstico de la leyenda negra del belga Thierry de Bry que mostrar\u00eda al conquistador Hernando de Soto torturando a los jefes nativos de Florida.\"\/><\/figure>\n\n\n\n<p><a href=\"https:\/\/www.elconfidencial.com\/cultura\/2019-03-26\/pedir-perdon-espana-conquista-america-historiadores_1903714\/\">\u00bfPerd\u00f3n a M\u00e9xico, por qu\u00e9? Los historiadores y la conquista de Am\u00e9rica<\/a>Marta Medina&nbsp;Paula Cant\u00f3<\/p>\n\n\n\n<p>Siguiendo la misma l\u00ednea, el historiador&nbsp;<strong>Bernardo Garc\u00eda Mart\u00ednez<\/strong>&nbsp;(fallecido en 2017), lo explica en un libro de investigaci\u00f3n hist\u00f3rica que es referente en ese pa\u00eds: \u2018La nueva historia general de M\u00e9xico\u2019 (editado por El Colegio de M\u00e9xico \u2013un prestigioso centro de investigaci\u00f3n, fundado por intelectuales del exilio espa\u00f1ol\u2013). Espec\u00edficamente, en el cap\u00edtulo \u2018Los a\u00f1os de la Conquista\u2019, sostiene: \u201cLa ca\u00edda de M\u00e9xico-Tenochtitlan en 1521 no marca un lindero absoluto o incontrovertible entre un antes y un despu\u00e9s. Debe verse s\u00f3lo como un episodio sobresaliente dentro de una compleja cadena de hechos que dieron forma a un periodo que se ha definido como la conquista\u2026\u201d. Incluso, esas p\u00e1ginas describen c\u00f3mo el mismo Hern\u00e1n Cort\u00e9s supo aprovechar las incontables rencillas, guerras, y conquistas preexistentes a su llegada como una estrategia militar para el \u00e9xito de su empresa. Es decir, desmiente la idea de que<strong>&nbsp;la vida prehisp\u00e1nica hubiese sido un para\u00edso id\u00edlico y pac\u00edfico<\/strong>&nbsp;hasta la llegada de \u2018los espa\u00f1oles\u2019.<\/p>\n\n\n\n<p>Por otra parte,&nbsp;<strong>Carlos Mart\u00ednez Shaw<\/strong>, catedr\u00e1tico em\u00e9rito de Historia Moderna de la Universidad Nacional de Educaci\u00f3n a Distancia (UNED), as\u00ed como miembro de la Real Academia de Historia, cuenta a El Confidencial que \u201cno se puede definir la Historia as\u00ed, de un plumazo\u201d. Para \u00e9l tambi\u00e9n resulta in\u00fatil reducir un periodo tan complejo como La Conquista de M\u00e9xico a un cuento de \u2018buenos y de malos\u2019. \u201cHay que dejar hablar a la historia contando lo que ocurri\u00f3. Hay que argumentar con documentos, con investigaciones serias.&nbsp;<strong>No hay que pensar en adjudicar culpas<\/strong>, mucho menos con finalidades de reivindicaci\u00f3n pol\u00edtica\u201d, insiste.<\/p>\n\n\n\n<p>\u00c9l mismo, en 2015, hizo una presentaci\u00f3n en la Fundaci\u00f3n March titulada<strong>&nbsp;\u201cLa verdadera historia de Hern\u00e1n Cort\u00e9s\u201d<\/strong>&nbsp;(inspir\u00e1ndose en el t\u00edtulo de la ic\u00f3nica cr\u00f3nica de Bernal D\u00edaz del Castillo \u2018Historia verdadera de la conquista de la Nueva Espa\u00f1a\u2019) en la que desmenuza a Cort\u00e9s intentando evadir las dos corrientes tan controvertidas como opuestas que rodean al conquistador extreme\u00f1o:<a href=\"https:\/\/www.elconfidencial.com\/alma-corazon-vida\/2020-08-15\/la-matanza-de-cholula_2713584\/\">&nbsp;la que considera un genocida<\/a>, y la que lo exalta al grado de civilizador. \u201cNo se puede hablar de \u00e9l como un genocida. Lo que ocurri\u00f3 durante la Conquista&nbsp;<strong>fue una dominaci\u00f3n militar<\/strong>, pero no hubo un genocidio. \u00bfDecir que fue un civilizador? Es tambi\u00e9n exagerado, lo cierto es que \u00e9l introdujo la civilizaci\u00f3n europea al actual territorio de M\u00e9xico, pero eso no significa que fuese m\u00e1s civilizado\u201d, expresa a este diario.<\/p>\n\n\n\n<figure class=\"wp-block-image\"><img decoding=\"async\" src=\"https:\/\/www.ecestaticos.com\/image\/clipping\/b5112519372432c6dc0cabcb8db5d562\/a-balazos-con-hernan-cortes-no-hay-perdon-para-el-padre-maldito-de-mexico.jpg\" alt=\"Foto: Relieve tiroteado de Hern\u00e1n Cort\u00e9s en M\u00e9xico. (Foto: Javier Brandoli)\"\/><\/figure>\n\n\n\n<p><a href=\"https:\/\/www.elconfidencial.com\/cultura\/2019-07-20\/hernan-cortes-conquista-mexico-malinche_2133931\/\">A balazos con Hern\u00e1n Cort\u00e9s: no hay perd\u00f3n para el &#8216;padre maldito&#8217; de M\u00e9xico<\/a>Javier Brandoli<\/p>\n\n\n\n<p>Torpeza pol\u00edtica y asuntos internos.<\/p>\n\n\n\n<p>\u201cVemos con preocupaci\u00f3n tanta torpeza pol\u00edtica\u201d. As\u00ed respondi\u00f3&nbsp;<strong>Mari\u00e1ngela Rodr\u00edguez<\/strong>, profesora e investigadora del Centro de Investigaciones y Estudios Superiores en Antropolog\u00eda Social (CIESAS) a este diario al ser preguntada por la relaci\u00f3n entre L\u00f3pez Obrador y Espa\u00f1a. Para ella, el Gobierno mexicano tiene una clara postura de exaltar el pasado ind\u00edgena y de repudiar la Conquista y la colonizaci\u00f3n espa\u00f1ola, algo que considera un sinsentido. \u201cLos espa\u00f1oles de hoy nada tienen qu\u00e9 ver con lo ocurrido entonces\u201d, dice. Lo que m\u00e1s le preocupa es que esa postura de tensi\u00f3n, de exigencia, de reclamo hist\u00f3rico, sea la bandera de un Gobierno sin que \u00e9sta haya tenido la consulta de los historiadores m\u00e1s prestigiosos. Adem\u00e1s, su opini\u00f3n no escatima en dureza contra la crisis en la que la administraci\u00f3n actual ha sumido a M\u00e9xico: \u201cla pol\u00edtica cultural es un desastre absoluto.&nbsp;<strong>La educaci\u00f3n y la cultura mueren de inanici\u00f3n<\/strong>\u201d, sentencia.<\/p>\n\n\n\n<p>Y como tambi\u00e9n lo expuso&nbsp;<strong>Alfredo \u00c1vila<\/strong>&nbsp;en la entrevista de El Economista antes mencionada, la postura de L\u00f3pez Obrador no es otra que la de plantarse ante los mexicanos como<strong>&nbsp;un defensor f\u00e9rreo del nacionalismo<\/strong>, la de exacerbar el discurso patri\u00f3tico con el que muchos mexicanos han sido educados. A\u00fan as\u00ed, el acad\u00e9mico insisti\u00f3 en que en lugar de exigir un perd\u00f3n por lo ocurrido hace tanto tiempo, \u201clos mexicanos debemos asumir nuestra historia, incluida la historia de crueldades y barbaridades, no s\u00f3lo la historia de bronce, de hombres buenos que nos han pintado y asumirla y reconocernos en ella y hacer nosotros un acto de conciencia que hemos cometido errores en el pasado y que podemos resolverlos\u201d, a\u00f1adi\u00f3.<\/p>\n\n\n\n<figure class=\"wp-block-image\"><img decoding=\"async\" src=\"https:\/\/www.ecestaticos.com\/image\/clipping\/16b3a9a35126e34efb91001a869745ca\/el-populismo-buenista-de-amlo-crispa-mexico-lo-que-nos-aguarda-es-pavoroso.jpg\" alt=\"Foto: El presidente de M\u00e9xico, Andr\u00e9s Manuel L\u00f3pez Obrador. (EFE)\"\/><\/figure>\n\n\n\n<p><a href=\"https:\/\/www.elconfidencial.com\/mundo\/2020-06-23\/amlo-enloquecido-populismo-buenista_2649615\/\">El &#8216;populismo buenista&#8217; de AMLO crispa M\u00e9xico: \u00abLo que nos aguarda es pavoroso\u00bb<\/a>Javier Brandoli<\/p>\n\n\n\n<p>\u2018Indignaci\u00f3n\u2019 por el caso Has\u00e9l, y un \u2018ghosting\u2019 diplom\u00e1tico<\/p>\n\n\n\n<p>Desde 2019, la tensi\u00f3n diplom\u00e1tica no ha cesado. Y hoy L\u00f3pez Obrador sigue sin perder una oportunidad para revivir la pol\u00e9mica Espa\u00f1a, sea cual sea el tema.<\/p>\n\n\n\n<p>Cuando&nbsp;<a href=\"https:\/\/www.elconfidencial.com\/espana\/2021-02-16\/rapero-hasel-mossos-entran-universidad-lleida-detener_2952719\/\">Pablo Has\u00e9l entr\u00f3 en prisi\u00f3n<\/a>, L\u00f3pez Obrador declar\u00f3, \u201caqu\u00ed no\u201d, sosteniendo que en su pa\u00eds nadie va a la c\u00e1rcel por una canci\u00f3n o por insultar al presidente. \u00c9l asegur\u00f3 que cualquiera puede manifestarse y expresarse libremente, sin censura y sin represalias.<strong>&nbsp;\u201c\u00a1Ya, lib\u00e9renlo!\u201d<\/strong>, exclam\u00f3. Pero como es costumbre, sus datos son (o ser\u00e1n) otros, pues a simple vista no parece m\u00e1s que una imprudencia, ya que M\u00e9xico fue el pa\u00eds (sin estar actualmente en guerra)&nbsp;<strong>m\u00e1s peligroso para ejercer el periodismo durante 2020<\/strong>, seg\u00fan el \u00faltimo informe anual de Reporteros Sin Fronteras (RSF). En total, ocho reporteros fueron asesinados durante el a\u00f1o pasado, mientras investigaban tramas de corrupci\u00f3n pol\u00edtica y narcotr\u00e1fico (el promedio desde hace cinco a\u00f1os es de entre ocho y diez periodistas ejecutados). Al respecto, tambi\u00e9n est\u00e1n las duras palabras de T\u00e9moris Grecko \u2013incluidas en una pieza del a\u00f1o pasado de The New York Times\u2013, reportero mexicano y autor del libro \u2018No se mata la verdad: el peligro de ser periodista en M\u00e9xico\u2019 (Harper Collins, 2020):&nbsp;<strong>\u201cMatar a un periodista sale gratis\u201d<\/strong>.<\/p>\n\n\n\n<p>Y, por si fuera poco, cabe mencionar que el mismo L\u00f3pez Obrador es quien sistem\u00e1ticamente ha\u00a0<strong>atacado, ignorado, y menospreciado a periodistas<\/strong>\u00a0y medios de comunicaci\u00f3n que no comulgan con su l\u00ednea pol\u00edtica, desde la m\u00e1xima tribuna de su Gobierno, es decir, desde sus conferencias matutinas diarias.<\/p>\n\n\n\n<p><a href=\"https:\/\/www.elconfidencial.com\/mundo\/2020-07-29\/avion-discordia-lopez-obrador-vender_2698419\/\">El avi\u00f3n de la discordia que L\u00f3pez Obrador quiere vender<\/a>EFE<\/p>\n\n\n\n<p>Sin embargo, el \u00faltimo gran dardo que el mandatario mexicano ha lanzado a Espa\u00f1a ha sido uno silencioso, uno de frialdad, pero uno muy cargado de simbolismo:<strong>\u00a0el \u2018ghosting\u2019 a la Embajada de Espa\u00f1a<\/strong>\u00a0durante un acto conmemorativo de los 200 a\u00f1os del Plan de Iguala (documento que reconoc\u00eda a M\u00e9xico como un pa\u00eds independiente) el pasado 24 de febrero. El evento coincidi\u00f3 con el cierre de la visita del presidente argentino, Alberto Fern\u00e1ndez (por cierto, inmerso en el mayor esc\u00e1ndalo desde su llegada a la Casa Rosada,\u00a0<a href=\"https:\/\/www.france24.com\/es\/programas\/covid-19-la-semana-en-am%C3%A9rica\/20210228-vacunacion-vip-covid19-argentina-escandalo\" target=\"_blank\" rel=\"noreferrer noopener\">el \u2018Vacunagate\u2019<\/a>), en la que se confirm\u00f3 la alianza entre ambos gobiernos para lograr\u00a0<strong>\u201cuna Am\u00e9rica Latina integrada<\/strong>\u201d. En el acto, como as\u00ed lo cont\u00f3 el diario El Mundo, estuvieron presentes representantes de distintos pa\u00edses, como Francia, El Salvador, Rep\u00fablica Dominicana y Hait\u00ed, donde L\u00f3pez Obrador declar\u00f3 que el nacimiento del M\u00e9xico independiente s\u00f3lo fue posible gracias \u201cal debilitamiento de la corona espa\u00f1ola\u201d. Pero lo m\u00e1s simb\u00f3lico fue la ausencia de la representaci\u00f3n de Espa\u00f1a, como tambi\u00e9n lo pudo constatar el diario con sede en Avenida San Luis 25.<\/p>\n\n\n\n<p>Fuente: https:\/\/www.elconfidencial.com\/mundo\/2021-03-08\/por-que-el-presidente-mexicano-no-puede-dejar-de-meterse-con-espana_2980303\/<\/p>\n","protected":false},"excerpt":{"rendered":"<p>Desde hace dos a\u00f1os, L\u00f3pez Obrador no ha perdido la ocasi\u00f3n para poner a Espa\u00f1a en el centro de sus [&hellip;]<\/p>\n","protected":false},"author":1,"featured_media":5367,"comment_status":"open","ping_status":"open","sticky":false,"template":"","format":"standard","meta":{"site-sidebar-layout":"default","site-content-layout":"","ast-site-content-layout":"default","site-content-style":"default","site-sidebar-style":"default","ast-global-header-display":"","ast-banner-title-visibility":"","ast-main-header-display":"","ast-hfb-above-header-display":"","ast-hfb-below-header-display":"","ast-hfb-mobile-header-display":"","site-post-title":"","ast-breadcrumbs-content":"","ast-featured-img":"","footer-sml-layout":"","theme-transparent-header-meta":"","adv-header-id-meta":"","stick-header-meta":"","header-above-stick-meta":"","header-main-stick-meta":"","header-below-stick-meta":"","astra-migrate-meta-layouts":"default","ast-page-background-enabled":"default","ast-page-background-meta":{"desktop":{"background-color":"var(--ast-global-color-4)","background-image":"","background-repeat":"repeat","background-position":"center center","background-size":"auto","background-attachment":"scroll","background-type":"","background-media":"","overlay-type":"","overlay-color":"","overlay-opacity":"","overlay-gradient":""},"tablet":{"background-color":"","background-image":"","background-repeat":"repeat","background-position":"center center","background-size":"auto","background-attachment":"scroll","background-type":"","background-media":"","overlay-type":"","overlay-color":"","overlay-opacity":"","overlay-gradient":""},"mobile":{"background-color":"","background-image":"","background-repeat":"repeat","background-position":"center center","background-size":"auto","background-attachment":"scroll","background-type":"","background-media":"","overlay-type":"","overlay-color":"","overlay-opacity":"","overlay-gradient":""}},"ast-content-background-meta":{"desktop":{"background-color":"var(--ast-global-color-5)","background-image":"","background-repeat":"repeat","background-position":"center center","background-size":"auto","background-attachment":"scroll","background-type":"","background-media":"","overlay-type":"","overlay-color":"","overlay-opacity":"","overlay-gradient":""},"tablet":{"background-color":"var(--ast-global-color-5)","background-image":"","background-repeat":"repeat","background-position":"center center","background-size":"auto","background-attachment":"scroll","background-type":"","background-media":"","overlay-type":"","overlay-color":"","overlay-opacity":"","overlay-gradient":""},"mobile":{"background-color":"var(--ast-global-color-5)","background-image":"","background-repeat":"repeat","background-position":"center center","background-size":"auto","background-attachment":"scroll","background-type":"","background-media":"","overlay-type":"","overlay-color":"","overlay-opacity":"","overlay-gradient":""}},"footnotes":""},"categories":[8],"tags":[356,357],"class_list":["post-5366","post","type-post","status-publish","format-standard","has-post-thumbnail","hentry","category-noticias","tag-amlo-y-espana","tag-reivindicacion-nacionalista-mexico"],"_links":{"self":[{"href":"https:\/\/losperiodistas.com.mx\/portal\/wp-json\/wp\/v2\/posts\/5366","targetHints":{"allow":["GET"]}}],"collection":[{"href":"https:\/\/losperiodistas.com.mx\/portal\/wp-json\/wp\/v2\/posts"}],"about":[{"href":"https:\/\/losperiodistas.com.mx\/portal\/wp-json\/wp\/v2\/types\/post"}],"author":[{"embeddable":true,"href":"https:\/\/losperiodistas.com.mx\/portal\/wp-json\/wp\/v2\/users\/1"}],"replies":[{"embeddable":true,"href":"https:\/\/losperiodistas.com.mx\/portal\/wp-json\/wp\/v2\/comments?post=5366"}],"version-history":[{"count":1,"href":"https:\/\/losperiodistas.com.mx\/portal\/wp-json\/wp\/v2\/posts\/5366\/revisions"}],"predecessor-version":[{"id":5368,"href":"https:\/\/losperiodistas.com.mx\/portal\/wp-json\/wp\/v2\/posts\/5366\/revisions\/5368"}],"wp:featuredmedia":[{"embeddable":true,"href":"https:\/\/losperiodistas.com.mx\/portal\/wp-json\/wp\/v2\/media\/5367"}],"wp:attachment":[{"href":"https:\/\/losperiodistas.com.mx\/portal\/wp-json\/wp\/v2\/media?parent=5366"}],"wp:term":[{"taxonomy":"category","embeddable":true,"href":"https:\/\/losperiodistas.com.mx\/portal\/wp-json\/wp\/v2\/categories?post=5366"},{"taxonomy":"post_tag","embeddable":true,"href":"https:\/\/losperiodistas.com.mx\/portal\/wp-json\/wp\/v2\/tags?post=5366"}],"curies":[{"name":"wp","href":"https:\/\/api.w.org\/{rel}","templated":true}]}}