{"id":5363,"date":"2021-03-08T05:56:58","date_gmt":"2021-03-08T11:56:58","guid":{"rendered":"http:\/\/losperiodistas.com.mx\/portal\/?p=5363"},"modified":"2021-03-08T05:57:00","modified_gmt":"2021-03-08T11:57:00","slug":"mujeres-proyectan-en-palacio-su-protesta-mexico-feminicida-un-violador-no-sera-gobernador-sinembargo","status":"publish","type":"post","link":"https:\/\/losperiodistas.com.mx\/portal\/mujeres-proyectan-en-palacio-su-protesta-mexico-feminicida-un-violador-no-sera-gobernador-sinembargo\/","title":{"rendered":"Mujeres proyectan en Palacio su protesta: \u201cM\u00e9xico feminicida\u201d. \u201cUn violador no ser\u00e1 Gobernador\u201d | SinEmbargo"},"content":{"rendered":"\n<p style=\"font-size:18px\"><em>La larga valla de metal que fue colocada el viernes frente al Palacio Nacional de M\u00e9xico, despacho y casa presidencial, fue transformada la noche del s\u00e1bado por colectivas feministas en un \u201cmuro de memoria\u201d.<\/em><\/p>\n\n\n\n<p class=\"has-vivid-cyan-blue-color has-text-color has-medium-font-size\">REDACCI\u00d3N SINEMBARGO<\/p>\n\n\n\n<p>Ciudad de M\u00e9xico, 7 de marzo (EFE\/SinEmbargo).-&nbsp;<strong>Mensajes<\/strong>&nbsp;de protesta superaron este domingo la&nbsp;<strong>muralla<\/strong>&nbsp;que fue colocada frente al&nbsp;<strong>Palacio Nacional<\/strong>, en la&nbsp;<strong>Ciudad de M\u00e9xico<\/strong>, a horas de la marcha de mujeres.<\/p>\n\n\n\n<blockquote class=\"wp-block-quote is-style-large is-layout-flow wp-block-quote-is-layout-flow\"><p>\u201cM\u00e9xico feminicida\u201d. \u201cAborto legal ya\u201d. \u201cUn violador no ser\u00e1 Gobernador\u201d. Esos son los mensajes que fueron proyectados sobre Palacio Nacional, donde vive el Presidente Andr\u00e9s Manuel L\u00f3pez Obrador.<\/p><\/blockquote>\n\n\n\n<p>La larga valla de metal que fue colocada el viernes frente al Palacio Nacional fue transformada la noche del s\u00e1bado por colectivas feministas y amaneci\u00f3 convertida este domingo en un \u201cmuro de memoria\u201d.<\/p>\n\n\n\n<figure class=\"wp-block-image\"><img decoding=\"async\" src=\"https:\/\/i0.wp.com\/sinembargo.mx\/wp-content\/uploads\/2021\/03\/cuartoscuro_803346_digital.jpeg\" alt=\"\"\/><\/figure>\n\n\n\n<h4 class=\"wp-block-heading\"><a href=\"https:\/\/www.sinembargo.mx\/06-03-2021\/3947727\">VER M\u00c1S<\/a><\/h4>\n\n\n\n<h5 class=\"wp-block-heading\"><a href=\"https:\/\/www.sinembargo.mx\/06-03-2021\/3947727\">Las vallas en Palacio Nacional son para proteger el patrimonio cultural y a polic\u00edas: Sheinbaum<\/a><\/h5>\n\n\n\n<p>La contenci\u00f3n, colocada a unos d\u00edas de la marcha feminista del 8 de marzo, D\u00eda Internacional de la Mujer, fue para evitar provocaciones y proteger edificios hist\u00f3ricos, dijo el s\u00e1bado, el Presidente de M\u00e9xico, Andr\u00e9s Manuel L\u00f3pez Obrador, una acci\u00f3n que grupos feministas y opositores al mandatario calificaron como un impedimento a la libre manifestaci\u00f3n.<img fetchpriority=\"high\" decoding=\"async\" src=\"https:\/\/i0.wp.com\/sinembargo.mx\/wp-content\/uploads\/2021\/03\/ev7adl_u8aybazi.jpg\" alt=\"\" width=\"700\" height=\"525\" srcset=\"https:\/\/i0.wp.com\/sinembargo.mx\/wp-content\/uploads\/2021\/03\/ev7adl_u8aybazi.jpg 700w, https:\/\/i0.wp.com\/sinembargo.mx\/wp-content\/uploads\/2021\/03\/ev7adl_u8aybazi-300x225.jpg 300w\"><\/p>\n\n\n\n<p>Mensajes de protesta superaron este domingo la muralla que fue colocada frente al Palacio Nacional, en la Ciudad de M\u00e9xico, a horas de la marcha de mujeres. Foto: @Chelawuera.<img decoding=\"async\" src=\"https:\/\/i0.wp.com\/sinembargo.mx\/wp-content\/uploads\/2021\/03\/ev7adl_voaalw5w.jpg\" alt=\"\" width=\"700\" height=\"525\" srcset=\"https:\/\/i0.wp.com\/sinembargo.mx\/wp-content\/uploads\/2021\/03\/ev7adl_voaalw5w.jpg 700w, https:\/\/i0.wp.com\/sinembargo.mx\/wp-content\/uploads\/2021\/03\/ev7adl_voaalw5w-300x225.jpg 300w\"><\/p>\n\n\n\n<p>Un coraz\u00f3n fue proyectado sobre el lugar en el que vive el Presidente. Foto: @Chelawuera.<img decoding=\"async\" src=\"https:\/\/i0.wp.com\/sinembargo.mx\/wp-content\/uploads\/2021\/03\/ev7adl-vgaeatcc.jpg\" alt=\"\" width=\"700\" height=\"525\" srcset=\"https:\/\/i0.wp.com\/sinembargo.mx\/wp-content\/uploads\/2021\/03\/ev7adl-vgaeatcc.jpg 700w, https:\/\/i0.wp.com\/sinembargo.mx\/wp-content\/uploads\/2021\/03\/ev7adl-vgaeatcc-300x225.jpg 300w\"><\/p>\n\n\n\n<p>Miles marchar\u00e1n ma\u00f1ana en la capital. Foto: @Chelawuera.<img loading=\"lazy\" decoding=\"async\" src=\"https:\/\/i0.wp.com\/sinembargo.mx\/wp-content\/uploads\/2021\/03\/ev68mbgveae76l7.jpg\" alt=\"\" width=\"700\" height=\"1244\" srcset=\"https:\/\/i0.wp.com\/sinembargo.mx\/wp-content\/uploads\/2021\/03\/ev68mbgveae76l7.jpg 700w, https:\/\/i0.wp.com\/sinembargo.mx\/wp-content\/uploads\/2021\/03\/ev68mbgveae76l7-169x300.jpg 169w\"><\/p>\n\n\n\n<p>La protesta en Palacio Nacional. Foto: @AbogadasVioleta.<img loading=\"lazy\" decoding=\"async\" src=\"https:\/\/i0.wp.com\/sinembargo.mx\/wp-content\/uploads\/2021\/03\/ev68mbhu8ai573h.jpg\" alt=\"\" width=\"700\" height=\"933\" srcset=\"https:\/\/i0.wp.com\/sinembargo.mx\/wp-content\/uploads\/2021\/03\/ev68mbhu8ai573h.jpg 700w, https:\/\/i0.wp.com\/sinembargo.mx\/wp-content\/uploads\/2021\/03\/ev68mbhu8ai573h-225x300.jpg 225w\"><\/p>\n\n\n\n<p>El mensaje por Salgado Macedonio. Foto: @AbogadasVioleta.<\/p>\n\n\n\n<p>Ante ello, un grupo de mujeres decidi\u00f3 intervenir la barda met\u00e1lica al pintar los nombres de cientos de mujeres que fueron \u201cV\u00edctimas de Feminicidio\u201d, como escribieron en la leyenda central de la protesta pac\u00edfica.PUBLICIDAD<\/p>\n\n\n\n<p>\u201cNo nos alcanza el espacio para colocar los nombres de las miles de mujeres que han sido asesinadas en M\u00e9xico en los \u00faltimos a\u00f1os\u201d, escribieron en redes las mujeres de la intervenci\u00f3n, quienes lamentaron que el Gobierno mexicano \u201cproteja mejor a los edificios hist\u00f3ricos que a las mujeres\u201d.<img decoding=\"async\" src=\"https:\/\/i0.wp.com\/sinembargo.mx\/wp-content\/uploads\/2021\/03\/se-0703-7.jpg\" alt=\"\"><\/p>\n\n\n\n<h4 class=\"wp-block-heading\"><a href=\"https:\/\/www.sinembargo.mx\/07-03-2021\/3948095\">VER M\u00c1S<\/a><\/h4>\n\n\n\n<h5 class=\"wp-block-heading\"><a href=\"https:\/\/www.sinembargo.mx\/07-03-2021\/3948095\">VIDEO: Una muralla es levantada frente a la casa de Andr\u00e9s Roemer antes de la marcha de mujeres<\/a><\/h5>\n\n\n\n<p>Calificado como un \u201cmuro de paz\u201d por integrantes del Gobierno federal, tras la intervenci\u00f3n las feministas lo llamaron \u201cmuro de memoria\u201d al recordar los casos de centenares de mujeres asesinadas.<\/p>\n\n\n\n<p>Este domingo activistas convocaron al lugar a colectivos feministas para que lleven flores al lugar que desde ahora se apunta para ser el centro de las protestas del 8-M en la capital mexicana.<\/p>\n\n\n\n<p>Por la tarde, decenas de mujeres y organizaciones colocaron ramos de flores sobre la contenci\u00f3n que se ubica en el Z\u00f3calo capitalino, adem\u00e1s pintaron cruces, figuras humanas y nombres en memoria de mujeres v\u00edctimas de violencia.<\/p>\n\n\n\n<p>Adem\u00e1s, otros grupos y colectivos llamaron a las feministas a colocar cemento en la base de la barda para convertirlo en una antimonumenta.<\/p>\n\n\n\n<p>Este domingo, L\u00f3pez Obrador retom\u00f3 el tema de la valla en un video, durante una gira por el sureste del pa\u00eds para supervisar las obras del Tren Maya, en el que dijo que \u201ces mejor poner una valla que poner frente a las mujeres que van a protestar a los granaderos (polic\u00eda antimotines), como era antes, no los podemos enfrentar, tenemos que evitar eso, que no haya violencia, que nadie salga da\u00f1ado, herido\u201d.<img decoding=\"async\" src=\"https:\/\/i0.wp.com\/sinembargo.mx\/wp-content\/uploads\/2021\/03\/muro-memoria-feminicidios-en-mexico.jpg\" alt=\"\"><\/p>\n\n\n\n<h4 class=\"wp-block-heading\"><a href=\"https:\/\/www.sinembargo.mx\/07-03-2021\/3947953\">VER M\u00c1S<\/a><\/h4>\n\n\n\n<h5 class=\"wp-block-heading\"><a href=\"https:\/\/www.sinembargo.mx\/07-03-2021\/3947953\">FOTOGALER\u00cdA: As\u00ed qued\u00f3 el cerco de Palacio Nacional, convertido ahora en el \u201cmuro de la memoria\u201d<\/a><\/h5>\n\n\n\n<p>En el mensaje, publicado en redes sociales previo a la inauguraci\u00f3n del Pabell\u00f3n de la Reina Roja en la zona arqueol\u00f3gica de Palenque, Chiapas, el presidente se\u00f1al\u00f3 cuestion\u00f3 sus opositores quieran promover una campa\u00f1a de desprestigio y \u201cuna gran nota nacional e internacional por colocar la valla de protecci\u00f3n para que no se genere violencia\u201d.<\/p>\n\n\n\n<p>Adem\u00e1s afirm\u00f3: \u201cyo no soy machista, estoy a favor del derecho de las mujeres y estoy a favor de la igualdad.<\/p>\n\n\n\n<p>Los temas de g\u00e9nero y el apoyo a las causas feministas no han sido el fuerte de L\u00f3pez Obrador, quien ha se\u00f1alado que el movimiento feminista en M\u00e9xico est\u00e1 manipulado, declaraciones por las que ha sido se\u00f1alado por colectivos y organizaciones de mujeres de no tener sensibilidad ante la violencia que sufren las mujeres en este pa\u00eds y de no contar con perspectiva de g\u00e9nero.<\/p>\n\n\n\n<p>En los \u00faltimos a\u00f1os en M\u00e9xico las cifras de feminicidios y violencia contra las mujeres han ido en aumento, adem\u00e1s del alto \u00edndice de impunidad que permite que agresores y asesinos sigan en las calles.<\/p>\n\n\n\n<p>M\u00e9xico registr\u00f3 967 feminicidios en 2020, una cifra casi id\u00e9ntica a los 969 cr\u00edmenes por raz\u00f3n de g\u00e9nero de un a\u00f1o antes.<\/p>\n\n\n\n<p>La nueva ola feminista en M\u00e9xico comenz\u00f3 a mediados de 2019, cuando tuvo lugar una fuerte protesta en Ciudad de M\u00e9xico tras tres casos de supuesto abuso sexual de mujeres por parte de polic\u00edas y una serie de feminicidios.<\/p>\n\n\n\n<p>Fuente: https:\/\/www.sinembargo.mx\/07-03-2021\/3948134<\/p>\n","protected":false},"excerpt":{"rendered":"<p>La larga valla de metal que fue colocada el viernes frente al Palacio Nacional de M\u00e9xico, despacho y casa presidencial, [&hellip;]<\/p>\n","protected":false},"author":1,"featured_media":5364,"comment_status":"open","ping_status":"open","sticky":false,"template":"","format":"standard","meta":{"site-sidebar-layout":"default","site-content-layout":"","ast-site-content-layout":"default","site-content-style":"default","site-sidebar-style":"default","ast-global-header-display":"","ast-banner-title-visibility":"","ast-main-header-display":"","ast-hfb-above-header-display":"","ast-hfb-below-header-display":"","ast-hfb-mobile-header-display":"","site-post-title":"","ast-breadcrumbs-content":"","ast-featured-img":"","footer-sml-layout":"","theme-transparent-header-meta":"","adv-header-id-meta":"","stick-header-meta":"","header-above-stick-meta":"","header-main-stick-meta":"","header-below-stick-meta":"","astra-migrate-meta-layouts":"default","ast-page-background-enabled":"default","ast-page-background-meta":{"desktop":{"background-color":"var(--ast-global-color-4)","background-image":"","background-repeat":"repeat","background-position":"center center","background-size":"auto","background-attachment":"scroll","background-type":"","background-media":"","overlay-type":"","overlay-color":"","overlay-opacity":"","overlay-gradient":""},"tablet":{"background-color":"","background-image":"","background-repeat":"repeat","background-position":"center center","background-size":"auto","background-attachment":"scroll","background-type":"","background-media":"","overlay-type":"","overlay-color":"","overlay-opacity":"","overlay-gradient":""},"mobile":{"background-color":"","background-image":"","background-repeat":"repeat","background-position":"center center","background-size":"auto","background-attachment":"scroll","background-type":"","background-media":"","overlay-type":"","overlay-color":"","overlay-opacity":"","overlay-gradient":""}},"ast-content-background-meta":{"desktop":{"background-color":"var(--ast-global-color-5)","background-image":"","background-repeat":"repeat","background-position":"center center","background-size":"auto","background-attachment":"scroll","background-type":"","background-media":"","overlay-type":"","overlay-color":"","overlay-opacity":"","overlay-gradient":""},"tablet":{"background-color":"var(--ast-global-color-5)","background-image":"","background-repeat":"repeat","background-position":"center center","background-size":"auto","background-attachment":"scroll","background-type":"","background-media":"","overlay-type":"","overlay-color":"","overlay-opacity":"","overlay-gradient":""},"mobile":{"background-color":"var(--ast-global-color-5)","background-image":"","background-repeat":"repeat","background-position":"center center","background-size":"auto","background-attachment":"scroll","background-type":"","background-media":"","overlay-type":"","overlay-color":"","overlay-opacity":"","overlay-gradient":""}},"footnotes":""},"categories":[8],"tags":[355,354,353],"class_list":["post-5363","post","type-post","status-publish","format-standard","has-post-thumbnail","hentry","category-noticias","tag-mexico-feminicida","tag-muro-de-la-memoria-mexico","tag-protestas-mujeres-palacio-nacional-mexico"],"_links":{"self":[{"href":"https:\/\/losperiodistas.com.mx\/portal\/wp-json\/wp\/v2\/posts\/5363","targetHints":{"allow":["GET"]}}],"collection":[{"href":"https:\/\/losperiodistas.com.mx\/portal\/wp-json\/wp\/v2\/posts"}],"about":[{"href":"https:\/\/losperiodistas.com.mx\/portal\/wp-json\/wp\/v2\/types\/post"}],"author":[{"embeddable":true,"href":"https:\/\/losperiodistas.com.mx\/portal\/wp-json\/wp\/v2\/users\/1"}],"replies":[{"embeddable":true,"href":"https:\/\/losperiodistas.com.mx\/portal\/wp-json\/wp\/v2\/comments?post=5363"}],"version-history":[{"count":1,"href":"https:\/\/losperiodistas.com.mx\/portal\/wp-json\/wp\/v2\/posts\/5363\/revisions"}],"predecessor-version":[{"id":5365,"href":"https:\/\/losperiodistas.com.mx\/portal\/wp-json\/wp\/v2\/posts\/5363\/revisions\/5365"}],"wp:featuredmedia":[{"embeddable":true,"href":"https:\/\/losperiodistas.com.mx\/portal\/wp-json\/wp\/v2\/media\/5364"}],"wp:attachment":[{"href":"https:\/\/losperiodistas.com.mx\/portal\/wp-json\/wp\/v2\/media?parent=5363"}],"wp:term":[{"taxonomy":"category","embeddable":true,"href":"https:\/\/losperiodistas.com.mx\/portal\/wp-json\/wp\/v2\/categories?post=5363"},{"taxonomy":"post_tag","embeddable":true,"href":"https:\/\/losperiodistas.com.mx\/portal\/wp-json\/wp\/v2\/tags?post=5363"}],"curies":[{"name":"wp","href":"https:\/\/api.w.org\/{rel}","templated":true}]}}