{"id":5356,"date":"2021-03-08T05:50:54","date_gmt":"2021-03-08T11:50:54","guid":{"rendered":"http:\/\/losperiodistas.com.mx\/portal\/?p=5356"},"modified":"2021-03-08T05:50:56","modified_gmt":"2021-03-08T11:50:56","slug":"patron-macho-asi-se-ha-disenado-el-mundo-sin-tener-en-cuenta-a-las-mujeres-el-confidencial","status":"publish","type":"post","link":"https:\/\/losperiodistas.com.mx\/portal\/patron-macho-asi-se-ha-disenado-el-mundo-sin-tener-en-cuenta-a-las-mujeres-el-confidencial\/","title":{"rendered":"Patr\u00f3n macho: as\u00ed se ha dise\u00f1ado el mundo sin tener en cuenta a las mujeres | El Confidencial"},"content":{"rendered":"\n<p style=\"font-size:18px\"><em>Var\u00f3n de mediana edad, cauc\u00e1sico y de unos 70 kilos. Ese es el modelo que predomina a la hora de dise\u00f1ar productos y servicios, lo que deja fuera a m\u00e1s de la mitad de la poblaci\u00f3n<\/em><\/p>\n\n\n\n<p class=\"has-vivid-cyan-blue-color has-text-color has-medium-font-size\">MAR\u00cdA ZUIL \/ MICHAEL MCLOUGHLIN \/ EL CONFIDENCIAL<\/p>\n\n\n\n<p>Asimple vista, un saco de cemento, un piano o un tel\u00e9fono m\u00f3vil no tienen nada en com\u00fan. Pero, como si fuese un chiste, lo cierto es que hay algo que los une desde su origen<strong>:<\/strong>&nbsp;todos ellos fueron dise\u00f1ados tomando<strong>&nbsp;el patr\u00f3n del hombre&nbsp;<\/strong>\u2014en masculino\u2014 medio.<br><br>\u00c1mbitos como el urbanismo, el dise\u00f1o, la tecnolog\u00eda o la sanidad han adolecido tradicionalmente de un sesgo en sus estudios que se encuentra cada vez m\u00e1s en el punto de mira del&nbsp;<a href=\"https:\/\/www.elconfidencial.com\/tags\/temas\/feminismo-16387\/\">feminismo<\/a>. Desde las herramientas para arar hasta algunos f\u00e1rmacos han sido concebidos teniendo en cuenta un modelo concreto de usuario:&nbsp;<strong>el var\u00f3n blanco, de entre 25 y 30 a\u00f1os y unos 70 kilos de peso.<\/strong><\/p>\n\n\n\n<figure class=\"wp-block-image\"><img decoding=\"async\" src=\"https:\/\/www.ecestaticos.com\/image\/clipping\/b92b7f70958681d524f89e8e938a31d9\/repensemos-el-papel-de-la-mujer-en-el-hogar-en-el-trabajo-y-en-nuestra-sociedad.jpg\" alt=\"Foto: Una enfermera se dispone a inyectar una vacuna. (EFE)\"\/><\/figure>\n\n\n\n<p><a href=\"https:\/\/blogs.elconfidencial.com\/economia\/tribuna\/2021-03-08\/papel-mujer-hogar-trabajo-christine-lagarde_2980387\/\">Repensemos el papel de la mujer en el hogar, en el trabajo y en nuestra sociedad<\/a>Christine Lagarde<\/p>\n\n\n\n<p>Este prototipo es el que tradicionalmente se ha usado para la representaci\u00f3n de la humanidad en su conjunto, sin tener en cuenta que ese sesgo deja fuera, como m\u00ednimo, a la otra mitad de la poblaci\u00f3n. La<strong>&nbsp;\u2018otredad\u2019<\/strong>&nbsp;de la que hablaba la fil\u00f3sofa feminista Simone de Beauvoir con que se concibe a las mujeres y que en el caso del dise\u00f1o de productos o servicios cobra especialmente relevancia, porque su finalidad, al fin y al cabo,&nbsp;<strong>es ser \u00fatiles para quienes los usan.<\/strong><\/p>\n\n\n\n<p>En este art\u00edculo, analizamos de qu\u00e9 manera este &#8216;patr\u00f3n macho&#8217; ha influido en el mundo que nos rodea y c\u00f3mo la&nbsp;<a href=\"https:\/\/www.elconfidencial.com\/tags\/otros\/igualdad-de-genero-6066\/\">perspectiva de g\u00e9nero<\/a>&nbsp;se est\u00e1 incorporando a los distintos \u00e1mbitos cient\u00edficos y tecnol\u00f3gicos para corregir las desigualdades derivadas de dise\u00f1os incompletos.<\/p>\n\n\n\n<h2 class=\"wp-block-heading\">La vida cotidiana<\/h2>\n\n\n\n<p>Existe una raz\u00f3n por la que siempre hay m\u00e1s cola en el ba\u00f1o de las mujeres, y es porque no est\u00e1n pensados para ellas. El espacio, en apariencia, es equitativo: se divide en partes iguales entre los dos sexos. Pero lo cierto es que suele haber m\u00e1s &#8216;sitios&#8217; para ellos si se suman los urinarios y los cub\u00edculos. Igualmente, cuando estos espacios son proporcionados, no suele tenerse en cuenta que ellas necesitan, de media,\u00a0<strong>el doble de tiempo cuando acuden al servicio (un 2,3 m\u00e1s)<\/strong>. Tampoco que hay un 25% de probabilidades de que est\u00e9n\u00a0<a href=\"https:\/\/www.elconfidencial.com\/cultura\/2018-06-16\/esta-es-mi-sangre-elise-thiebaut-regla-critica-gloria-steinem_1578505\/\">menstruando<\/a>, de que se encuentren embarazadas, de que sean discapacitadas o de que se trate de personas mayores (poblaciones mayoritariamente femeninas).<\/p>\n\n\n\n<p>No es una discriminaci\u00f3n intencional, sino m\u00e1s bien una&nbsp;<strong>carencia en el estudio de las necesidades y usos que las mujeres&nbsp;<\/strong>hacen de los servicios p\u00fablicos. Es lo que Caroline Criado, autora del libro&nbsp;<a href=\"https:\/\/blogs.elconfidencial.com\/cultura\/mala-fama\/2019-06-19\/literatura-libros-muriel-villanueva-la-gatera_2076943\/\">\u2018La mujer invisible\u2019<\/a>&nbsp;(Seix Barral) denomina<strong>&nbsp;\u201cbrecha de datos\u201d,&nbsp;<\/strong>que \u201cresponde simplemente a una forma de pensar que ha existido durante milenios y que es, m\u00e1s bien, una forma de no pensar. A los hombres se los da por supuestos\u201d.<\/p>\n\n\n\n<p>Una mujer tiene un 47% m\u00e1s de posibilidades de sufrir lesiones graves en un accidente<\/p>\n\n\n\n<p>Un ejemplo claro de esa inercia se encuentra en la\u00a0<strong>seguridad de los autom\u00f3viles.<\/strong>\u00a0Curiosamente, cuando una mujer sufre un\u00a0<a href=\"https:\/\/www.elconfidencial.com\/tags\/temas\/accidentes-6186\/\">accidente al volante<\/a>, tiene un 47% m\u00e1s de posibilidades de sufrir lesiones graves y un 17% m\u00e1s de que el incidente sea mortal. Seg\u00fan explica Criado, esto tiene que ver con c\u00f3mo se colocan al volante: con una postura m\u00e1s echada hacia delante que los hombres porque\u00a0<strong>les es m\u00e1s dif\u00edcil ver por encima del salpicadero<\/strong>\u00a0o llegar correctamente a los pedales, al ser generalmente de menor estatura.<\/p>\n\n\n\n<figure class=\"wp-block-image size-large\"><img fetchpriority=\"high\" decoding=\"async\" width=\"1024\" height=\"530\" src=\"https:\/\/losperiodistas.com.mx\/portal\/wp-content\/uploads\/2021\/03\/Captura-de-Pantalla-2021-03-08-a-las-5.47.56-1024x530.jpg\" alt=\"\" class=\"wp-image-5360\" srcset=\"https:\/\/losperiodistas.com.mx\/portal\/wp-content\/uploads\/2021\/03\/Captura-de-Pantalla-2021-03-08-a-las-5.47.56-1024x530.jpg 1024w, https:\/\/losperiodistas.com.mx\/portal\/wp-content\/uploads\/2021\/03\/Captura-de-Pantalla-2021-03-08-a-las-5.47.56-300x155.jpg 300w, https:\/\/losperiodistas.com.mx\/portal\/wp-content\/uploads\/2021\/03\/Captura-de-Pantalla-2021-03-08-a-las-5.47.56-768x398.jpg 768w, https:\/\/losperiodistas.com.mx\/portal\/wp-content\/uploads\/2021\/03\/Captura-de-Pantalla-2021-03-08-a-las-5.47.56.jpg 1278w\" sizes=\"(max-width: 1024px) 100vw, 1024px\" \/><figcaption>El dise\u00f1o de los coches se hac\u00eda teniendo en cuenta la media de un cuerpo masculino. (L. M.)<\/figcaption><\/figure>\n\n\n\n<p>Y esto es as\u00ed porque los coches se han dise\u00f1ado durante d\u00e9cadas en base a estudios con un maniqu\u00ed (&#8216;dummy&#8217;) que representa a un hombre de 177 cm y de 76 kilos, bastante m\u00e1s alto y pesado que la mujer media. En la Uni\u00f3n Europea, hasta 2011 no se han incorporado los &#8216;dummies&#8217; femeninos para las pruebas de seguridad de los coches,&nbsp;<strong>aunque solo son obligatorios para testar la seguridad del asiento del pasajero,<\/strong>&nbsp;por lo que salvo excepciones como&nbsp;<a href=\"https:\/\/www.elconfidencial.com\/tags\/empresas\/volvo-7559\/\">Volvo<\/a>, pocas marcas los usan de manera sistem\u00e1tica. Adem\u00e1s, estos &#8216;dummies&#8217; son simplemente versiones reducidas del masculino, es decir, hombres bajitos, pero no tienen en cuenta la&nbsp;<strong>fisionom\u00eda, la densidad \u00f3sea ni la distribuci\u00f3n de la masa corporal o cervical&nbsp;<\/strong>de las mujeres.<\/p>\n\n\n\n<p>Lo mismo ocurre con los&nbsp;<strong>chalecos de seguridad<\/strong>. En el a\u00f1o 2018,&nbsp;<a href=\"https:\/\/www.elconfidencial.com\/espana\/2018-08-07\/guardia-civil-sancion-chaleco-antibalas-masculino_1602110\/\">una guardia civil fue expedientada&nbsp;<\/a>por negarse a ponerse el chaleco antibalas del cuerpo. A pesar de ser &#8216;unisex&#8217;, a ella no le cubr\u00eda adecuadamente y, adem\u00e1s, dificultaba el acceso a sus armas. Tambi\u00e9n ocurre, por ejemplo, con los chalecos para pilotos que transmiten la situaci\u00f3n mediante vibraci\u00f3n: est\u00e1n concebidos para funcionar en pechos huesudos, es decir, sin senos.<\/p>\n\n\n\n<p>\u201cEl dise\u00f1o tiene el objetivo de hacer la vida m\u00e1s f\u00e1cil a la gente. Y si dise\u00f1as teniendo en cuenta a las mujeres, est\u00e1s dise\u00f1ando para m\u00e1s gente\u201d, explica la dise\u00f1adora Ester Serraz, miembro de&nbsp;<a href=\"https:\/\/www.disenafeminista.com\/\" target=\"_blank\" rel=\"noreferrer noopener\">Dise\u00f1a Feminista<\/a>, un colectivo de expertas que trabaja y visualiza su profesi\u00f3n en esta l\u00ednea de trabajo. \u201cLo que ocurre es que el dise\u00f1o es un sector donde, a pesar de tener muchas mujeres,&nbsp;<strong>cuando se llega a los puestos de decisi\u00f3n, las mujeres desaparecen<\/strong>. Y a veces, simplemente por las propias din\u00e1micas de las empresas grandes y consultor\u00edas, es f\u00e1cil mimetizarse con esa forma de trabajar\u201d.<\/p>\n\n\n\n<p>\u00abEs f\u00e1cil mimetizarse con las din\u00e1micas de las grandes empresas y consultoras\u00bb<\/p>\n\n\n\n<p>Hace unos meses, cuando una diputada de Podemos en Alicante dijo que el aire acondicionado era machista, gener\u00f3 multitud de mofas y cr\u00edticas. Lo cierto es que detr\u00e1s de esa simplificaci\u00f3n hay un dato revelador que explica a qu\u00e9 se refer\u00eda: el est\u00e1ndar que a d\u00eda de hoy se sigue tomando como referencia de temperatura ideal (entre 24 y 27 grados)<strong>&nbsp;se remonta a estudios de los a\u00f1os sesenta,<\/strong>&nbsp;que tienen en cuenta el metabolismo de un hombre de unos 40 a\u00f1os y 70 kilos de peso. Eso explica que los hombres suelan tener m\u00e1s calor que las mujeres en las oficinas.<\/p>\n\n\n\n<p>Tampoco se pens\u00f3 en las medidas femeninas en cuestiones tan en apariencia inofensivas como el<strong>&nbsp;dise\u00f1o de los pianos.<\/strong>&nbsp;Seg\u00fan los datos recopilados por Criado, el 87% de las pianistas se encuentra en desventaja respecto a los colegas masculinos, ya que la media del palmo de sus manos<strong>&nbsp;es dos cent\u00edmetros m\u00e1s peque\u00f1a<\/strong>. Eso supone que las pianistas sufran un 78% de probabilidades de contraer&nbsp;<a href=\"https:\/\/www.elconfidencial.com\/alma-corazon-vida\/2021-01-19\/se-agravan-las-lesiones-fisicas-por-el-uso-del-movil_2911527\/\">s\u00edndrome del t\u00fanel carpiano<\/a>, frente al 47% de los hombres.<\/p>\n\n\n\n<p>Si en el mundo que usamos a partes iguales hombres y mujeres hay sesgos, all\u00ed donde el hombre predomina la usabilidad para las mujeres es todav\u00eda m\u00e1s pronunciada. Un saco de cemento, cuyos peso y dimensiones son asumibles para muchos hombres, excede lo que pueden cargar la mayor\u00eda de las mujeres. Lo mismo ocurre con los&nbsp;<strong>ladrillos, que encajan a la perfecci\u00f3n en una mano masculina<\/strong>, o la maquinaria agr\u00edcola y sus empu\u00f1aduras. Sin embargo, en pa\u00edses desarrollados como Estados Unidos, sigue habiendo casi un mill\u00f3n de agricultoras o ganaderas (dato de 2007) que necesitan usar a diario estas herramientas para su trabajo y para las que no existe alternativa. En Espa\u00f1a, son 170.000, frente al medio mill\u00f3n de los hombres.<\/p>\n\n\n\n<figure class=\"wp-block-image\"><img decoding=\"async\" src=\"https:\/\/www.ecestaticos.com\/image\/clipping\/335022a6001877e70b879e23e32fe610\/metro-inaccesible-cuando-viajar-con-hijos-pequenos-se-convierte-en-una-pesadilla.jpg\" alt=\"Foto: Metro inaccesible\"\/><\/figure>\n\n\n\n<p><a href=\"https:\/\/www.elconfidencial.com\/espana\/madrid\/2019-09-06\/metro-accesible-paradas-ascensor-escaleras_2209007\/\">Metro inaccesible: cuando viajar con hijos peque\u00f1os se convierte en una pesadilla<\/a>Cristina Su\u00e1rez&nbsp;Michael Mcloughlin<\/p>\n\n\n\n<p>Y aunque es m\u00e1s f\u00e1cil hacer sacos m\u00e1s peque\u00f1os que dejar fuera de la ecuaci\u00f3n la media de todas las mujeres (o a los hombres menos corpulentos), no es as\u00ed como se ha percibido tradicionalmente. La paradoja que Criado se\u00f1ala en su libro es que cuando se se\u00f1alan estas desigualdades, se tiende m\u00e1s a pensar que<strong>&nbsp;hay que \u201carreglar a las mujeres\u201d,&nbsp;<\/strong>antes de concebir un cambio en el dise\u00f1o de las cosas. No ha ocurrido as\u00ed cuando han sido los hombres los que han empezado a usar cosas concebidas solo para las mujeres, como las escobas o fregonas, cuyo alto es ajustado para la media masculina. Para solucionarlo, hace tiempo que existen&nbsp;<a href=\"https:\/\/www.elconfidencial.com\/decompras\/2020-12-20\/mejores-aspiradoras-verticales-escobas-electricas_2115763\/\">palos extensibles<\/a>&nbsp;que permiten a cualquier altura poder hacer las tareas dom\u00e9sticas c\u00f3modamente.<\/p>\n\n\n\n<p>Asumir que los dos sexos realizan tareas dom\u00e9sticas es fruto del avance hacia una sociedad m\u00e1s igualitaria y lo cierto es que hace a\u00f1os que la perspectiva de g\u00e9nero s\u00ed va haciendo m\u00e1s f\u00e1cil la vida de las mujeres a medida que estas brechas&nbsp;<strong>se se\u00f1alan y estudian<\/strong>. Un ejemplo de c\u00f3mo se ha ampliado la perspectiva es el urbanismo durante el \u00faltimo lustro.<\/p>\n\n\n\n<h2 class=\"wp-block-heading\">Una ciudad m\u00e1s eficiente<\/h2>\n\n\n\n<p>\u201cAntes, cuando hablaba de perspectiva de g\u00e9nero en el urbanismo, me miraban como si fuese marciana, con comentarios de todo tipo. Ahora est\u00e1 mucho m\u00e1s interiorizado, aunque como est\u00e1 de moda<strong>&nbsp;tambi\u00e9n hay un riesgo de que se caricaturice y perder la profundidad en el an\u00e1lisis<\/strong>\u201d, explica In\u00e9s S\u00e1nchez de Madariaga, urbanista especializada en perspectiva de g\u00e9nero y comisaria europea en&nbsp;<a href=\"http:\/\/genderedinnovations.stanford.edu\/what-is-gendered-innovations.html\">Gender Innovations<\/a>, proyecto que marca las pautas a seguir para que los proyectos presentados ante la Uni\u00f3n Europea cuenten con la investigaci\u00f3n requerida en esta \u00e1rea.<\/p>\n\n\n\n<p>El&nbsp;<a href=\"https:\/\/www.elconfidencial.com\/cultura\/2021-02-22\/asi-sera-ciudad-poscovid-mayor-revolucion-urbanistica_2957203\/\">urbanismo<\/a>&nbsp;define c\u00f3mo nos movemos en la ciudad, pero el problema es que los datos han recogido tradicionalmente un tipo concreto de movimientos: los productivos. Por eso, hace 13 a\u00f1os, Madariaga fue pionera en acu\u00f1ar el t\u00e9rmino<strong>&nbsp;&#8216;movilidad del cuidado&#8217;&nbsp;<\/strong>para estudiar todos esos trayectos que iban m\u00e1s all\u00e1 del centro de trabajo y que hac\u00edan las mujeres, como el mantenimiento de la casa o el cuidado. \u201cAl no nombrarse como tales, los trayectos para cuidar quedaban diluidos y no se pod\u00edan dise\u00f1ar estrategias de transporte que contemplaran la movilidad de las mujeres\u201d, explica S\u00e1nchez de Madariaga.<\/p>\n\n\n\n<p>No importa que, en realidad, sean las mujeres las que m\u00e1s utilizan el transporte p\u00fablico. En ciudades como Madrid, ellas suponen el 69% de los usuarios de autobuses y el 54% del metro, seg\u00fan datos de 2018 del ayuntamiento. Por eso, han ido surgiendo iniciativas en varias ciudades que tienen m\u00e1s en cuenta estos desplazamientos, como potenciar l\u00edneas circulares que conecten distintos puntos sin tener que pasar por el centro, m\u00e1s empresarial. \u201cHay que tener en cuenta la capilaridad de los desplazamientos: hasta d\u00f3nde son capaces de llegar, como por ejemplo centros sanitarios o colegios. Tambi\u00e9n que haya trayectos&nbsp;<strong>m\u00e1s flexibles y peque\u00f1os,&nbsp;<\/strong>pero en pa\u00edses occidentales es m\u00e1s dif\u00edcil adaptar as\u00ed las ciudades. Son procesos que llevan mucho tiempo\u201d, a\u00f1ade S\u00e1nchez de Madariaga.<\/p>\n\n\n\n<p>\u00abHay que tener en cuenta la capilaridad de los desplazamientos y hasta d\u00f3nde llegan\u00bb.<\/p>\n\n\n\n<figure class=\"wp-block-image size-large\"><img decoding=\"async\" width=\"1024\" height=\"579\" src=\"https:\/\/losperiodistas.com.mx\/portal\/wp-content\/uploads\/2021\/03\/Captura-de-Pantalla-2021-03-08-a-las-5.46.48-1024x579.jpg\" alt=\"\" class=\"wp-image-5359\" srcset=\"https:\/\/losperiodistas.com.mx\/portal\/wp-content\/uploads\/2021\/03\/Captura-de-Pantalla-2021-03-08-a-las-5.46.48-1024x579.jpg 1024w, https:\/\/losperiodistas.com.mx\/portal\/wp-content\/uploads\/2021\/03\/Captura-de-Pantalla-2021-03-08-a-las-5.46.48-300x169.jpg 300w, https:\/\/losperiodistas.com.mx\/portal\/wp-content\/uploads\/2021\/03\/Captura-de-Pantalla-2021-03-08-a-las-5.46.48-768x434.jpg 768w, https:\/\/losperiodistas.com.mx\/portal\/wp-content\/uploads\/2021\/03\/Captura-de-Pantalla-2021-03-08-a-las-5.46.48.jpg 1278w\" sizes=\"(max-width: 1024px) 100vw, 1024px\" \/><figcaption>Foto: Reuters.<\/figcaption><\/figure>\n\n\n\n<p>Estas distintas necesidades del modelo de ciudad tienen que ver con la evoluci\u00f3n de las ciudades y su dise\u00f1o en los a\u00f1os cincuenta y sesenta, cuando el enfoque del urbanismo era&nbsp;<strong>m\u00e1s racionalista y cuantitativo<\/strong>. \u201cBuscaba un perfil medio, que por defecto era el blanco y de clase media\u201d, apunta S\u00e1nchez de Madariaga, tambi\u00e9n profesora de la Universidad Polit\u00e9cnica de Madrid. \u201cY luego las ciudades se expandieron en paralelo al uso de los coches. Eso hace que todo est\u00e9 m\u00e1s lejos: el centro de salud, la piscina, el colegio&#8230; Esto no tuvo tanta importancia hasta que lleg\u00f3 la incorporaci\u00f3n de las mujeres al trabajo y su vida cotidiana cambi\u00f3. Ah\u00ed se ha empezado a ver que el modelo de ciudad es incompatible con la actividad que realizan las mujeres, porque no dan las horas del d\u00eda para ir a trabajar, llevar el ni\u00f1o al colegio, cuidar de un mayor, hacer la compra\u2026\u201d. El d\u00eda tiene 24 horas y si pasamos mucho en el transporte, eso&nbsp;<strong>provoca m\u00e1s jornadas reducidas o que m\u00e1s mujeres acaben por renunciar a su trabajo.<\/strong>&nbsp;\u201cSon limitaciones en la estructura urbana que se convierten en limitaciones en la vida de las mujeres. Por eso ahora se est\u00e1 recuperando en ciudades como Par\u00eds el concepto de tener todo a 15 minutos, que es antiguo, para poder asumir todas esas tareas que implican desplazarse\u201d.<\/p>\n\n\n\n<p>Est\u00e1 comprobado que las mujeres se mueven menos cuando perciben riesgo, por eso el&nbsp;<strong>alumbrado p\u00fablico y la ausencia de puntos ciegos<\/strong>&nbsp;son fundamentales en las ciudades aptas para cualquier g\u00e9nero. Tambi\u00e9n aceras m\u00e1s grandes donde quepan carritos o sillas con ruedas. \u201cY luego piensa que la principal actividad f\u00edsica de las mujeres es caminar, a todas las edades. Garantizar eso genera otros beneficios, como que haya menos personas que se rompan la cadera porque las aceras no sean adecuadas\u201d, a\u00f1ade la urbanista.<\/p>\n\n\n\n<p>Evitar los sesgos masculinos en la gesti\u00f3n de los distintos gobiernos tiene adem\u00e1s ventajas econ\u00f3micas. En su libro, Criado pone un ejemplo del que podemos encontrar una comparaci\u00f3n muy cercana y reciente en&nbsp;<a href=\"https:\/\/www.elconfidencial.com\/espana\/2021-01-21\/confinamiento-filomena-movilidad_2915403\/\">Filomena<\/a>. En Karlskoga (Suecia), despu\u00e9s de una gran nevada, hicieron un estudio y vieron que, antes que limpiar las carreteras como sol\u00eda hacerse primero,<strong>&nbsp;era m\u00e1s econ\u00f3mico despejar las aceras<\/strong>. As\u00ed, razonaron, los coches podr\u00edan seguir circulando aunque fuese con dificultades sobre los cuatro dedos de nieve, pero los peatones \u2014en su mayor\u00eda mujeres\u2014 se lesionar\u00edan menos, ya que tienen tres veces m\u00e1s accidentes que los conductores en condiciones resbaladizas, lo que repercute en menos gastos sanitarios.<\/p>\n\n\n\n<h2 class=\"wp-block-heading\">La medicina de la diferencia<\/h2>\n\n\n\n<p>Si un hombre y una mujer sufren un infarto de miocardio,&nbsp;<strong>\u00bfqui\u00e9n tiene m\u00e1s posibilidades de morir y no superarlo? Ellas<\/strong>. Concretamente, tienen el doble de posibilidades de fallecer, seg\u00fan un estudio del Hospital Val d&#8217;Hebron. No es una denuncia nueva. Esta afecci\u00f3n cardiaca ha sido, probablemente, la m\u00e1s socorrida a la hora de ejemplificar c\u00f3mo siguen existiendo sesgos de g\u00e9nero en la investigaci\u00f3n y en la&nbsp;<a href=\"https:\/\/www.elconfidencial.com\/tags\/temas\/sanidad-6341\/\">atenci\u00f3n m\u00e9dica<\/a>.<\/p>\n\n\n\n<p>\u201cDurante mucho tiempo,&nbsp;<strong>se consider\u00f3 que era algo que no afectaba o al menos no lo hac\u00eda mayoritariamente a la mujer<\/strong>\u201d, explica la doctora Carme Valls Llobet. \u201cEso hizo que durante d\u00e9cadas en los estudios que se realizaban sobre esta enfermedad las mujeres estuviesen ausentes o infrarrepresentadas\u201d, a\u00f1ade la autora de \u2018Mujeres invisibles para la medicina\u201d (Capit\u00e1n Swing).<\/p>\n\n\n\n<figure class=\"wp-block-image size-large\"><img decoding=\"async\" width=\"1024\" height=\"579\" src=\"https:\/\/losperiodistas.com.mx\/portal\/wp-content\/uploads\/2021\/03\/Captura-de-Pantalla-2021-03-08-a-las-5.45.53-1024x579.jpg\" alt=\"\" class=\"wp-image-5358\" srcset=\"https:\/\/losperiodistas.com.mx\/portal\/wp-content\/uploads\/2021\/03\/Captura-de-Pantalla-2021-03-08-a-las-5.45.53-1024x579.jpg 1024w, https:\/\/losperiodistas.com.mx\/portal\/wp-content\/uploads\/2021\/03\/Captura-de-Pantalla-2021-03-08-a-las-5.45.53-300x169.jpg 300w, https:\/\/losperiodistas.com.mx\/portal\/wp-content\/uploads\/2021\/03\/Captura-de-Pantalla-2021-03-08-a-las-5.45.53-768x434.jpg 768w, https:\/\/losperiodistas.com.mx\/portal\/wp-content\/uploads\/2021\/03\/Captura-de-Pantalla-2021-03-08-a-las-5.45.53.jpg 1278w\" sizes=\"(max-width: 1024px) 100vw, 1024px\" \/><figcaption>Las mujeres tienen m\u00e1s posibilidad de morir por un infarto de miocardio que un hombre. (EFE)<\/figcaption><\/figure>\n\n\n\n<p>Las consecuencias son evidentes: en la mayor parte de los pa\u00edses desarrollados, incluido el nuestro, ha sido en muchas ocasiones la primera causa de muerte entre las mujeres. Esta facultativa explica que aunque se haya mejorado,&nbsp;<strong>la medicina sigue teniendo una importante orientaci\u00f3n androc\u00e9ntrica<\/strong>. \u201cSe podr\u00eda decir que ha mejorado hasta en un 30% la situaci\u00f3n, en el sentido de que los trabajos cardiovasculares que incluye la suficiente muestra suponen un tercio del total\u201d.<\/p>\n\n\n\n<p>Pero no es ni mucho menos la \u00fanica disfunci\u00f3n de este tipo. Un trabajo de la catedr\u00e1tica de Medicina Preventiva de la Universidad de Alicante, Mar\u00eda Teresa Ruiz Cantero, concluy\u00f3 que al menos&nbsp;<strong>hay 700 patolog\u00edas en las que se diagnostica peor a las mujeres que a los hombres<\/strong>. La excepci\u00f3n, la&nbsp;<a href=\"https:\/\/www.elconfidencial.com\/tags\/otros\/osteoporosis-7721\/\">osteoporosis<\/a>, que est\u00e1 preconcebida como \u201cuna enfermedad de afecci\u00f3n femenina\u201d.<\/p>\n\n\n\n<p>Hay al menos 700 enfermedades en que la mujer es peor diagnosticada<\/p>\n\n\n\n<p>\u201c<strong>Hay muchos m\u00e1s casos. Por ejemplo, en las enfermedades autoinmunes.<\/strong>&nbsp;El lupus, la artritis reumatoide. Son cosas con much\u00edsima m\u00e1s incidencia entre nosotras. Por ejemplo, la tiroiditis autoinmune afecta a 50 mujeres por cada hombre. Hay que hacer medicina de la diferencia\u201d, sostiene Valls Llobet, que pone el acento en todo lo relacionado con la menstruaci\u00f3n, donde la investigaci\u00f3n, en su opini\u00f3n, lleva un retraso. \u201cEl ejemplo m\u00e1s claro es el de la&nbsp;<a href=\"https:\/\/www.elconfidencial.com\/alma-corazon-vida\/2019-03-08\/signos-podrias-tener-endometriosis_1867298\/\">endometriosis<\/a>. Se ha heredado la idea de que al tener la regla tiene que haber dolor. Se minimiza y simplifica el problema y se acaba diagnosticando tarde\u201d.<\/p>\n\n\n\n<p>Esta facultativa es contundente: hace falta una mirada cl\u00ednica que tambi\u00e9n incorpore la&nbsp;<strong>perspectiva social.<\/strong>&nbsp;\u201cHay que incorporarlo a la atenci\u00f3n m\u00e9dica y tener en cuenta efectos derivados de cosas como la doble jornada, que hist\u00f3ricamente han cargado las mujeres. Si lo hacemos, tendremos mejores diagn\u00f3sticos\u201d.<br><br>Cree que la medicina suele caer en la \u201c<strong>hipermedicalizaci\u00f3n<\/strong>\u201d de algunos problemas que padecen m\u00e1s ellas que ellos. \u201cPor ejemplo, la ansiedad. Se suele recetar un&nbsp;<a href=\"https:\/\/www.elconfidencial.com\/tecnologia\/ciencia\/2021-03-06\/antidepresivos-neurociencia-psiquiatria_2978247\/\">antidepresivo<\/a>, cuando el origen puede estar en una anemia o en otra dolencia. Desde muy j\u00f3venes, se nos tiende a dar ansiol\u00edticos y eso genera una dependencia que se prolonga durante muchos a\u00f1os\u201d.<\/p>\n\n\n\n<figure class=\"wp-block-image\"><img decoding=\"async\" src=\"https:\/\/www.ecestaticos.com\/image\/clipping\/f85ef7ea6508d1b0a6340b38c9b94c4c\/asi-funcionan-los-antidepresivos-el-paper-que-echa-por-tierra-50-anos-de-psiquiatria.jpg\" alt=\"Foto: La pandemia de covid-19 ha disparado los casos de ansiedad o depresi\u00f3n. (EC)\"\/><\/figure>\n\n\n\n<p><a href=\"https:\/\/www.elconfidencial.com\/tecnologia\/ciencia\/2021-03-06\/antidepresivos-neurociencia-psiquiatria_2978247\/\">As\u00ed funcionan los antidepresivos: el &#8216;paper&#8217; que echa por tierra 50 a\u00f1os de psiquiatr\u00eda<\/a>Antonio Villarreal<\/p>\n\n\n\n<p>Se\u00f1ala, a la hora de hablar de los tratamientos, otro problema. Las mujeres tambi\u00e9n son invisibles en la investigaci\u00f3n de muchos f\u00e1rmacos. \u201cEsto hay que abordarlo. Porque tenemos una farmacocin\u00e9tica muy diferente. Nuestros cuerpos no absorben, reaccionan o eliminan igual los medicamentos\u201d, sostiene. Esto se deja ver en el inicio de la cadena: denuncia que&nbsp;<strong>el 80% de los ensayos se hace con ratas macho, un 5% con ratas hembra y el resto con un grupo \u201cindefinido\u201d.<\/strong>&nbsp;El argumento que se suele dar es que los ciclos hormonales pueden distorsionar el resultado, algo que ha sido refutado por la ciencia en m\u00faltiples ocasiones.<\/p>\n\n\n\n<p>\u201cEl problema base est\u00e1 en la investigaci\u00f3n. No tanto porque no se haga, sino porque no se da a conocer lo suficiente. Las conclusiones no llegan a la docencia y de esta forma no llegan luego a<strong>&nbsp;la atenci\u00f3n primaria u hospitalaria<\/strong>\u201d, resume.<\/p>\n\n\n\n<h2 class=\"wp-block-heading\">\u00bfC\u00f3mo evitar un algoritmo machista?<\/h2>\n\n\n\n<p>Una de las cosas que se han puesto encima de la mesa en los \u00faltimos a\u00f1os es c\u00f3mo impactan estos \u2018tics\u2019 en el desarrollo de nuevas tecnolog\u00edas. \u201cCreo que los ha habido siempre, pero\u00a0<strong>se ha podido empezar a cuantificar a gran escala ahora con la explosi\u00f3n de la ciencia de datos<\/strong>\u201d, explica Nerea Luis, doctora en Inteligencia Artificial e ingeniera en Sngular. Un ejemplo, se\u00f1ala esta investigadora, es c\u00f3mo las &#8216;apps&#8217; oficiales para el control del ciclo menstrual han tardado en llegar a los \u2018smartwatches\u2019 mucho m\u00e1s que otras funciones relacionadas con la salud y el bienestar personal. \u00abNo es tanto sesgo como quiz\u00e1s olvido\u00bb.<\/p>\n\n\n\n<figure class=\"wp-block-image size-large\"><img loading=\"lazy\" decoding=\"async\" width=\"1024\" height=\"582\" src=\"https:\/\/losperiodistas.com.mx\/portal\/wp-content\/uploads\/2021\/03\/Captura-de-Pantalla-2021-03-08-a-las-5.44.44-1024x582.jpg\" alt=\"\" class=\"wp-image-5357\" srcset=\"https:\/\/losperiodistas.com.mx\/portal\/wp-content\/uploads\/2021\/03\/Captura-de-Pantalla-2021-03-08-a-las-5.44.44-1024x582.jpg 1024w, https:\/\/losperiodistas.com.mx\/portal\/wp-content\/uploads\/2021\/03\/Captura-de-Pantalla-2021-03-08-a-las-5.44.44-300x171.jpg 300w, https:\/\/losperiodistas.com.mx\/portal\/wp-content\/uploads\/2021\/03\/Captura-de-Pantalla-2021-03-08-a-las-5.44.44-768x437.jpg 768w, https:\/\/losperiodistas.com.mx\/portal\/wp-content\/uploads\/2021\/03\/Captura-de-Pantalla-2021-03-08-a-las-5.44.44.jpg 1270w\" sizes=\"(max-width: 1024px) 100vw, 1024px\" \/><figcaption>La palma de la mano de un hombre es dos cent\u00edmetros mayor que la de una mujer. (L. M.)<\/figcaption><\/figure>\n\n\n\n<p>Aunque ahora suena con fuerza el &#8216;software&#8217;, el asunto se viene denunciando tradicionalmente en la construcci\u00f3n de terminales y de equipos, en cosas tan comunes como el mismo tama\u00f1o de los tel\u00e9fonos, m\u00e1xima ahora que<a href=\"https:\/\/www.elconfidencial.com\/tecnologia\/2014-04-08\/el-tamano-importa-como-elegir-el-telefono-que-mejor-se-adapta-a-tu-mano_113101\/\">&nbsp;ha ido increment\u00e1ndose<\/a>&nbsp;con el paso de los a\u00f1os. \u201c<strong>El tel\u00e9fono inteligente medio tiene hoy d\u00eda 14 cent\u00edmetros<\/strong>, y aunque estamos realmente muy impresionados con el tama\u00f1o de su pantalla, cambia un poco el asunto cuando se trata de que encaje en las manos de la mitad de la poblaci\u00f3n (por no hablar de sus bolsillos)\u201d, se\u00f1ala Criado. Esto impide, por ejemplo, que puedan hacer fotograf\u00edas con una mano con la misma facilidad que los hombres.<\/p>\n\n\n\n<p>En 2018,&nbsp;<a href=\"https:\/\/www.elconfidencial.com\/tags\/temas\/amazon-4757\/\">Amazon<\/a>&nbsp;tuvo que desconectar un algoritmo que hab\u00eda creado para seleccionar curr\u00edculos para trabajar en la empresa. Hab\u00eda estado trabajando desde 2014 hasta 2017. El problema es que<strong>&nbsp;priorizaba las candidaturas masculinas o directamente descartaba las femeninas,&nbsp;<\/strong>a pesar de tener m\u00e9ritos similares. \u00bfQu\u00e9 problema hubo para que el sistema se volviese machista? Entre otras cosas, que la base de datos con que hab\u00eda sido alimentado era de 10 a\u00f1os antes. \u201cSi con algo as\u00ed introduces el factor g\u00e9nero y el factor estudios, pues es probable que acabes empujando el sistema a que te muestre ingenieros cuando se trata de ellos y enfermeras cuando se trata de ellas\u201d.<\/p>\n\n\n\n<p>\u201cLos propios algoritmos hacen asociaciones un poco maquiav\u00e9licas que no te esperas cuando los dise\u00f1as\u201d, a\u00f1ade. Un experimento de la empresa espa\u00f1ola Bikolabs se top\u00f3 con una particular situaci\u00f3n. Fotograf\u00eda de hombre y de mujer. Misma postura, misma vestimenta. La&nbsp;<a href=\"https:\/\/www.elconfidencial.com\/tags\/otros\/inteligencia-artificial-13783\/\">inteligencia artificial<\/a>&nbsp;reconoc\u00eda que \u00e9l llevaba un martillo, pero cuando&nbsp;<strong>analizaba lo que ten\u00eda ella esta herramienta resultaba ser un secador.<\/strong><\/p>\n\n\n\n<figure class=\"wp-block-image\"><img decoding=\"async\" src=\"https:\/\/www.ecestaticos.com\/image\/clipping\/71d04b6ae6c5c2a6d4271b066a7d2ef8\/harto-de-culos-en-instagram-el-circulo-vicioso-de-algoritmos-del-que-no-puedes-huir.jpg\" alt=\"Foto: (Foto: EFE)\"\/><\/figure>\n\n\n\n<p><a href=\"https:\/\/www.elconfidencial.com\/tecnologia\/2020-09-05\/instagram-algoritmos-spotify-netflix-factor-humano_2736540\/\">\u00bfHarto de culos en Instagram? El c\u00edrculo vicioso de algoritmos del que no puedes huir<\/a>M. Mcloughlin<\/p>\n\n\n\n<p>\u201cEso es algo que es muy expl\u00edcito. Que puedes detectar r\u00e1pido. Pero otras cosas son impl\u00edcitas, puedes tardar tiempo en percatarte y necesitas una auditor\u00eda para comprobar que no est\u00e1n funcionando correctamente\u201d, cuenta la ingeniera. \u201cHay otras veces que el sesgo es introducido voluntariamente, como ocurre en estas &#8216;apps&#8217; que suben una imagen y&nbsp;<a href=\"https:\/\/www.elconfidencial.com\/tecnologia\/2020-06-15\/faceapp-aplicacion-sexo-mujer-hombre-fotografia-datos_2639107\/\">te cambia de sexo<\/a>: los montajes de chicas siempre tienen maquillaje\u201d.<\/p>\n\n\n\n<p><strong>Uno de los problemas es la representatividad del material que se utiliza para entrenar estos sistemas.&nbsp;<\/strong>\u201cSi los datos est\u00e1n sesgados, decidir\u00e1 sesgadamente\u201d. Por ejemplo, en 2016, una investigadora de Washington descubri\u00f3 que el software de reconocimiento de voz de Google reconoce la voz masculina con un 70% m\u00e1s de precisi\u00f3n que la de las mujeres.<\/p>\n\n\n\n<p>Tambi\u00e9n a los sistemas de reconocimiento facial les cuesta m\u00e1s con mujeres de\u00a0<a href=\"https:\/\/www.elconfidencial.com\/tecnologia\/2020-09-21\/racismo-algoritmo-twitter-redes-sociales_2755891\/\">etnia africana<\/a>, porque muchas veces no hay tantas im\u00e1genes disponibles para utilizar en los preparativos. Ocurre lo mismo que cuando buscas CEO en Google Im\u00e1genes: el porcentaje de hombres que se muestra es mayor. \u201cMuchas veces, se utilizan herramientas de modelado de caras sint\u00e9ticas para balancear el resultado\u201d, explica. \u201cPero eso abre una discusi\u00f3n muy interesante sobre\u00a0<strong>la representatividad de la sociedad en el buscador y otras plataformas<\/strong>\u201d, agrega Nerea Luis. \u201cTenemos una oportunidad de corregir sesgos impl\u00edcitos en la sociedad con estas tecnolog\u00edas, pero lo dicho, hay que debatirlo bien, planificarlo y hacerlo exhaustivamente\u201d.<\/p>\n\n\n\n<p>Fuente: https:\/\/www.elconfidencial.com\/tecnologia\/2021-03-08\/feminismo-diseno-patron-tecnologia_2980212\/<\/p>\n","protected":false},"excerpt":{"rendered":"<p>Var\u00f3n de mediana edad, cauc\u00e1sico y de unos 70 kilos. Ese es el modelo que predomina a la hora de [&hellip;]<\/p>\n","protected":false},"author":1,"featured_media":5361,"comment_status":"open","ping_status":"open","sticky":false,"template":"","format":"standard","meta":{"site-sidebar-layout":"default","site-content-layout":"","ast-site-content-layout":"default","site-content-style":"default","site-sidebar-style":"default","ast-global-header-display":"","ast-banner-title-visibility":"","ast-main-header-display":"","ast-hfb-above-header-display":"","ast-hfb-below-header-display":"","ast-hfb-mobile-header-display":"","site-post-title":"","ast-breadcrumbs-content":"","ast-featured-img":"","footer-sml-layout":"","theme-transparent-header-meta":"","adv-header-id-meta":"","stick-header-meta":"","header-above-stick-meta":"","header-main-stick-meta":"","header-below-stick-meta":"","astra-migrate-meta-layouts":"default","ast-page-background-enabled":"default","ast-page-background-meta":{"desktop":{"background-color":"var(--ast-global-color-4)","background-image":"","background-repeat":"repeat","background-position":"center center","background-size":"auto","background-attachment":"scroll","background-type":"","background-media":"","overlay-type":"","overlay-color":"","overlay-opacity":"","overlay-gradient":""},"tablet":{"background-color":"","background-image":"","background-repeat":"repeat","background-position":"center center","background-size":"auto","background-attachment":"scroll","background-type":"","background-media":"","overlay-type":"","overlay-color":"","overlay-opacity":"","overlay-gradient":""},"mobile":{"background-color":"","background-image":"","background-repeat":"repeat","background-position":"center center","background-size":"auto","background-attachment":"scroll","background-type":"","background-media":"","overlay-type":"","overlay-color":"","overlay-opacity":"","overlay-gradient":""}},"ast-content-background-meta":{"desktop":{"background-color":"var(--ast-global-color-5)","background-image":"","background-repeat":"repeat","background-position":"center center","background-size":"auto","background-attachment":"scroll","background-type":"","background-media":"","overlay-type":"","overlay-color":"","overlay-opacity":"","overlay-gradient":""},"tablet":{"background-color":"var(--ast-global-color-5)","background-image":"","background-repeat":"repeat","background-position":"center center","background-size":"auto","background-attachment":"scroll","background-type":"","background-media":"","overlay-type":"","overlay-color":"","overlay-opacity":"","overlay-gradient":""},"mobile":{"background-color":"var(--ast-global-color-5)","background-image":"","background-repeat":"repeat","background-position":"center center","background-size":"auto","background-attachment":"scroll","background-type":"","background-media":"","overlay-type":"","overlay-color":"","overlay-opacity":"","overlay-gradient":""}},"footnotes":""},"categories":[8],"tags":[350,352,351],"class_list":["post-5356","post","type-post","status-publish","format-standard","has-post-thumbnail","hentry","category-noticias","tag-patron-macho-en-el-mundo","tag-patrones-masculinos-en-la-industria","tag-productos-disenados-para-hombres-no-para-mujeres"],"_links":{"self":[{"href":"https:\/\/losperiodistas.com.mx\/portal\/wp-json\/wp\/v2\/posts\/5356","targetHints":{"allow":["GET"]}}],"collection":[{"href":"https:\/\/losperiodistas.com.mx\/portal\/wp-json\/wp\/v2\/posts"}],"about":[{"href":"https:\/\/losperiodistas.com.mx\/portal\/wp-json\/wp\/v2\/types\/post"}],"author":[{"embeddable":true,"href":"https:\/\/losperiodistas.com.mx\/portal\/wp-json\/wp\/v2\/users\/1"}],"replies":[{"embeddable":true,"href":"https:\/\/losperiodistas.com.mx\/portal\/wp-json\/wp\/v2\/comments?post=5356"}],"version-history":[{"count":1,"href":"https:\/\/losperiodistas.com.mx\/portal\/wp-json\/wp\/v2\/posts\/5356\/revisions"}],"predecessor-version":[{"id":5362,"href":"https:\/\/losperiodistas.com.mx\/portal\/wp-json\/wp\/v2\/posts\/5356\/revisions\/5362"}],"wp:featuredmedia":[{"embeddable":true,"href":"https:\/\/losperiodistas.com.mx\/portal\/wp-json\/wp\/v2\/media\/5361"}],"wp:attachment":[{"href":"https:\/\/losperiodistas.com.mx\/portal\/wp-json\/wp\/v2\/media?parent=5356"}],"wp:term":[{"taxonomy":"category","embeddable":true,"href":"https:\/\/losperiodistas.com.mx\/portal\/wp-json\/wp\/v2\/categories?post=5356"},{"taxonomy":"post_tag","embeddable":true,"href":"https:\/\/losperiodistas.com.mx\/portal\/wp-json\/wp\/v2\/tags?post=5356"}],"curies":[{"name":"wp","href":"https:\/\/api.w.org\/{rel}","templated":true}]}}