{"id":53546,"date":"2023-06-22T09:16:23","date_gmt":"2023-06-22T14:16:23","guid":{"rendered":"http:\/\/losperiodistas.com.mx\/portal\/?p=53546"},"modified":"2023-06-22T09:16:25","modified_gmt":"2023-06-22T14:16:25","slug":"el-todoterreno-que-hitler-regalo-a-franco-un-simbolo-de-poder-que-emulo-a-los-reyes-y-sus-carruajes-el-cultural","status":"publish","type":"post","link":"https:\/\/losperiodistas.com.mx\/portal\/el-todoterreno-que-hitler-regalo-a-franco-un-simbolo-de-poder-que-emulo-a-los-reyes-y-sus-carruajes-el-cultural\/","title":{"rendered":"El todoterreno que Hitler regal\u00f3 a Franco: un s\u00edmbolo de poder que emul\u00f3 a los reyes y sus carruajes | El Cultural"},"content":{"rendered":"\n<h2 class=\"has-light-green-cyan-background-color has-background has-medium-font-size wp-block-heading\">Patrimonio Nacional estrena la sala de la Galer\u00eda de las Colecciones Reales dedicada a las exposiciones temporales con una muestra que analiza el v\u00ednculo entre el poder mon\u00e1rquico y el transporte desde Carlos V.<\/h2>\n\n\n\n<div class=\"wp-block-image is-style-default\"><figure class=\"aligncenter size-large\"><img fetchpriority=\"high\" decoding=\"async\" width=\"1024\" height=\"576\" src=\"https:\/\/losperiodistas.com.mx\/portal\/wp-content\/uploads\/2023\/06\/773183398_234139568_1706x960-1024x576.jpg\" alt=\"\" class=\"wp-image-53547\" srcset=\"https:\/\/losperiodistas.com.mx\/portal\/wp-content\/uploads\/2023\/06\/773183398_234139568_1706x960-1024x576.jpg 1024w, https:\/\/losperiodistas.com.mx\/portal\/wp-content\/uploads\/2023\/06\/773183398_234139568_1706x960-300x169.jpg 300w, https:\/\/losperiodistas.com.mx\/portal\/wp-content\/uploads\/2023\/06\/773183398_234139568_1706x960-768x432.jpg 768w, https:\/\/losperiodistas.com.mx\/portal\/wp-content\/uploads\/2023\/06\/773183398_234139568_1706x960-1536x864.jpg 1536w, https:\/\/losperiodistas.com.mx\/portal\/wp-content\/uploads\/2023\/06\/773183398_234139568_1706x960.jpg 1706w\" sizes=\"(max-width: 1024px) 100vw, 1024px\" \/><figcaption>El Mercedes-Benz Especial todoterreno 540 G4 W31 que Hitler regal\u00f3 a Franco. Foto: Rodrigo Jim\u00e9nez (Efe)<\/figcaption><\/figure><\/div>\n\n\n\n<p class=\"has-vivid-red-color has-text-color has-medium-font-size\"><strong>DAVID BARREIRA \/ EL CULTURAL<\/strong><\/p>\n\n\n\n<p id=\"paragraph_1\">El recorrido expositivo de&nbsp;<em>En movimiento. Veh\u00edculos y carruajes de Patrimonio Nacional<\/em>, la primera muestra temporal de la todav\u00eda no inaugurada&nbsp;<strong><a href=\"https:\/\/www.elespanol.com\/el-cultural\/historia\/patrimonio\/20230428\/galeria-colecciones-reales-fecha-apertura-anos-retrasos\/759674316_0.html\">Galer\u00eda de las Colecciones Reales<\/a><\/strong>&nbsp;\u2014el D\u00eda D, tras a\u00f1os de retrasos, llegar\u00e1 al fin el pr\u00f3ximo 28 de junio\u2014 conduce y desemboca ante un vestigio automovil\u00edstico cuyo origen poco tiene que ver con la Corona o con un rey espa\u00f1ol. El Mercedes-Benz Especial todoterreno 540 G4 W31, de seis ruedas y morro tractoresco, esconde una relaci\u00f3n c\u00f3mplice entre dictadores:&nbsp;<a href=\"https:\/\/www.elespanol.com\/el-cultural\/historia\/20220514\/engano-hitler-aliados-colaboracionistas-construir-europa-nazi\/672182802_0.html\">fue un regalo que&nbsp;<strong>Adolf Hitler<\/strong>&nbsp;le hizo a&nbsp;<strong>Francisco Franco<\/strong><\/a>&nbsp;en enero de 1940, en plena II Guerra Mundial, a trav\u00e9s de su embajador en Madrid, en un acto celebrado en el Palacio de Oriente.<\/p>\n\n\n\n<p id=\"paragraph_2\">En la cartela que acompa\u00f1a al coche, que ten\u00eda capacidad para siete ocupantes, fue dise\u00f1ado con todas las comodidades y detalles imaginables y contaba con mejoras a nivel de motor, transmisi\u00f3n de la direcci\u00f3n, sistema hidr\u00e1ulico de frenado y un tanque de combustible que funcionaba por gravedad, se lee: \u00ab<strong>Fue un instrumento de propaganda<\/strong>, un s\u00edmbolo de la potencia militar e industrial alemana, destinado \u00fanica y exclusivamente a los miembros\u00a0<a href=\"https:\/\/www.elespanol.com\/el-cultural\/historia\/20230523\/suicidio-hitler-capitulacion-dias-derrumbo-tercer-reich\/764423956_0.html\">del gobierno de Hitler<\/a>\u00ab.<\/p>\n\n\n\n<p id=\"paragraph_3\">Esa caracter\u00edstica es lo que conecta al Mercedes con la media docena de carruajes que le hacen pasillo en la di\u00e1fana planta -3 de la Galer\u00eda de las Colecciones Reales: una serie de veh\u00edculos utilizados en el siglo XVI para transportar, por ejemplo, a\u00a0<strong><a href=\"https:\/\/www.elespanol.com\/el-cultural\/letras\/20201215\/felipe-ii-leyenda-negra-relato-aureo\/543697406_0.html\">Felipe II<\/a><\/strong>\u00a0entre los distintos Reales Sitios o en sus jornadas de caza que se fueron transformando a medida que avanzaban las centurias en un elemento m\u00e1s del ceremonial cortesano, en\u00a0<strong>una representaci\u00f3n simb\u00f3lica (y esplendorosa) del poder de los monarcas<\/strong>, como se ha podido comprobar recientemente con la coronaci\u00f3n de Carlos III de Inglaterra.<\/p>\n\n\n\n<p id=\"paragraph_3\"><img decoding=\"async\" height=\"1061\" width=\"1706\" src=\"https:\/\/s1.eestatic.com\/2023\/06\/21\/actualidad\/773183386_234139211_1706x1061.jpg\" alt=\"Coche de Tableros Dorados, de finales del siglo XVIII, que perteneci\u00f3 al primer marqu\u00e9s de Branciforte y fue adquirido para Fernando VII.\"><\/p>\n\n\n\n<p>Coche de Tableros Dorados, de finales del siglo XVIII, que perteneci\u00f3 al primer marqu\u00e9s de Branciforte y fue adquirido para Fernando VII.\u00a0Rodrigo Jim\u00e9nez\u00a0Efe<\/p>\n\n\n\n<p id=\"paragraph_4\">El t\u00edtulo de la exposici\u00f3n,\u00a0<em>En movimiento<\/em>, que re\u00fane medio centenar de piezas entre carrozas, trineos, lienzos o un carruaje infantil de Isabel II, parece contradecir un poco esta idea de la evoluci\u00f3n del carruaje de medio de transporte complejo a elemento simb\u00f3lico.\u00a0<strong>Ana de la Cueva<\/strong>, presidenta de Patrimonio Nacional, ha explicado durante la presentaci\u00f3n de la muestra que\u00a0se trata de \u00abuna met\u00e1fora de la propia Galer\u00eda y de la transformaci\u00f3n que est\u00e1 impulsando en\u00a0<a href=\"https:\/\/www.elespanol.com\/el-cultural\/arte\/20220214\/patrimonio-nacional-rescata-caravaggio-palacio-real\/650185116_0.html\">Patrimonio Nacional<\/a>\u00a0en cuanto a visibilidad, apertura y modernidad\u00bb.<\/p>\n\n\n\n<p id=\"paragraph_5\">La museograf\u00eda est\u00e1 articulada en una galer\u00eda central y bastante oscura que invita al p\u00fablico a asomarse a los carruajes desde la distancia a trav\u00e9s de unos grandes ventanales, o desde unos peque\u00f1os espacios exteriores limitados por catenarias. Es decir,\u00a0<strong>no se puede\u00a0<em>cotillear<\/em>\u00a0el interior de los veh\u00edculos<\/strong>\u00a0y hay que conformarse con unas pantallas t\u00e1ctiles de tama\u00f1o tablet para descubrir su lujo interior.<\/p>\n\n\n\n<p id=\"paragraph_5\"><img decoding=\"async\" height=\"1081\" width=\"1706\" src=\"https:\/\/s1.eestatic.com\/2023\/06\/21\/actualidad\/773183379_234138977_1706x1081.jpg\" alt=\"Un grupo de personas observa otro de los carruajes de la muestra.\"><\/p>\n\n\n\n<p>Un grupo de personas observa otro de los carruajes de la muestra.&nbsp;Rodrigo Jim\u00e9nez&nbsp;Efe<\/p>\n\n\n\n<p id=\"paragraph_6\"><strong>Isabel Rodr\u00edguez<\/strong>, conservadora y comisaria, ha explicado que&nbsp;la&nbsp;muestra \u00abre\u00fane un conjunto de piezas singulares que no estaban expuestas\u00bb y logra \u00abacercarnos&nbsp;a la vida de la Corte y a la escenograf\u00eda representativa la monarqu\u00eda a trav\u00e9s de&nbsp;<strong>obras \u00fanicas,&nbsp;<\/strong><strong>monumentales y de belleza impactante<\/strong>\u00ab: \u00abSon aut\u00e9nticas obras de arte, que, adem\u00e1s, proporcionaban seguridad y confort a quienes iban en su interior\u00bb.<\/p>\n\n\n\n<p id=\"paragraph_7\">Entre los carruajes seleccionados destacan la Berlina Dorada, un tipo de carroza de gala desarrollada en Par\u00eds y que data de mediados del siglo XVIII; el Land\u00f3 de Bronces, un coche de caballos descapotable de 1829 y que iniciaba la marcha en las comitivas; o el Coche de Concha \u2014inspirado en el arte grecorromano y egipcio\u2014 y el Coche de Cifras, que pertenecieron a\u00a0<a href=\"https:\/\/www.elespanol.com\/el-cultural\/historia\/20230520\/juego-tronos-castizo-triangulo-amoroso-agonica-lucha\/763673753_0.html\">los soberanos\u00a0<strong>Carlos IV<\/strong>\u00a0y\u00a0<strong>Mar\u00eda Luisa de Parma<\/strong><\/a>.<\/p>\n\n\n\n<p id=\"paragraph_7\"><img loading=\"lazy\" decoding=\"async\" height=\"1086\" width=\"1706\" src=\"https:\/\/s1.eestatic.com\/2023\/06\/21\/actualidad\/773183393_234139446_1706x1086.jpg\" alt=\"La litera del emperador Carlos V.\"><\/p>\n\n\n\n<p>La litera del emperador Carlos V.&nbsp;Patrimonio Nacional<\/p>\n\n\n\n<p id=\"paragraph_8\">Una de las joyas de los fondos de Patrimonio Nacional es el llamado Coche de la Corona Real, una berlina de gran gala realizada en 1829 para&nbsp;<strong><a href=\"https:\/\/www.elespanol.com\/el-cultural\/letras\/20180119\/fernando-vii-biografia-definitiva-rey-felon\/278473762_0.html\">Fernando VII<\/a><\/strong>&nbsp;y que se va a poder ver en la planta dedicada a los Borbones de la Galer\u00eda de las Colecciones Reales. Revestida con motivos decorativos realizados en bronce dorado con figuras aleg\u00f3ricas al poder y a las virtudes del monarca y dotada de una doble suspensi\u00f3n de ballestas a la&nbsp;<em>pollignac<\/em>&nbsp;para mejorar el confort \u2014fue el primer carruaje de las Caballerizas Reales en disponer de este mecanismo\u2014, es famosa tambi\u00e9n por ser el veh\u00edculo que transportaba a&nbsp;<strong>Alfonso XIII y Victoria Eugenia el d\u00eda de su boda<\/strong>, cuando a su paso por Casa Ciriaco, en la calle Mayor, sufrieron un atentado fallido perpetrado por el anarquista Mateo Morral.<\/p>\n\n\n\n<p id=\"paragraph_9\">Y si\u00a0<em>En movimiento<\/em>\u00a0pretende abordar la historia del carruaje y los veh\u00edculos en Espa\u00f1a y su papel como representaci\u00f3n del poder, las dos piezas que abren y cierran la exposici\u00f3n resumen el abismo tecnol\u00f3gico en la industria del transporte que separa los siglos XVI y XX. Por un lado,\u00a0<strong>una litera de madera<\/strong>\u00a0que perteneci\u00f3 al\u00a0<a href=\"https:\/\/www.elespanol.com\/el-cultural\/historia\/20220123\/carlos-grandes-perdedores-historia\/644185828_0.html\">emperador\u00a0<strong>Carlos V<\/strong><\/a>\u00a0y que habr\u00eda tra\u00eddo desde Alemania en 1552 ya enfermo de gota \u2014es imposible no ligar esta humilde cama, otro testimonio de la fragilidad del rey, del hombre m\u00e1s poderoso del mundo en ese momento, con la silla (lo que se expone en la actualidad es una r\u00e9plica) en la que qued\u00f3 postrado en el Monasterio de Yuste los dos \u00faltimos a\u00f1os de su vida\u2014.\u00a0<\/p>\n\n\n\n<p id=\"paragraph_9\"><img loading=\"lazy\" decoding=\"async\" height=\"1097\" width=\"1706\" src=\"https:\/\/s1.eestatic.com\/2023\/06\/21\/actualidad\/773183375_234138841_1706x1097.jpg\" alt=\"Mercedes-Benz 770 (Grosser Mercedes)\"><\/p>\n\n\n\n<p>Mercedes-Benz 770 (Grosser Mercedes)&nbsp;Rodrigo Jim\u00e9nez&nbsp;Efe<\/p>\n\n\n\n<p id=\"paragraph_10\">En el otro extremo de la l\u00ednea temporal se encuentra otro Mercedes-Benz, menos llamativo, aunque m\u00e1s raro, que el todoterreno. Es un modelo Grosser Mercedes, tipo Pullman Limousine, para siete ocupantes y con 155 caballos de vapor de potencia. De este modelo solo se fabricaron 88 unidades, y es\u00a0<strong>una de las \u00fanicas ocho unidades con la carrocer\u00eda blindada<\/strong>. Tambi\u00e9n fue enviado desde la Alemania nazi a la Espa\u00f1a de Franco: el Ministerio del Ej\u00e9rcito pag\u00f3 en 1945 un \u00abprecio convenido\u00bb de 60.000 marcos, aunque parece, se lee en la cartela, que hab\u00eda sido ofrecido anteriormente como obsequio por parte de Hitler.<\/p>\n\n\n\n<p>Fuente: <a href=\"https:\/\/www.elespanol.com\/el-cultural\/historia\/20230621\/todoterreno-hitler-regalo-franco-simbolo-poder-carruajes\/773172934_0.html\">https:\/\/www.elespanol.com\/el-cultural\/historia\/20230621\/todoterreno-hitler-regalo-franco-simbolo-poder-carruajes\/773172934_0.html<\/a><\/p>\n","protected":false},"excerpt":{"rendered":"<p>Patrimonio Nacional estrena la sala de la Galer\u00eda de las Colecciones Reales dedicada a las exposiciones temporales con una muestra [&hellip;]<\/p>\n","protected":false},"author":1,"featured_media":53547,"comment_status":"open","ping_status":"open","sticky":false,"template":"","format":"standard","meta":{"site-sidebar-layout":"default","site-content-layout":"","ast-site-content-layout":"default","site-content-style":"default","site-sidebar-style":"default","ast-global-header-display":"","ast-banner-title-visibility":"","ast-main-header-display":"","ast-hfb-above-header-display":"","ast-hfb-below-header-display":"","ast-hfb-mobile-header-display":"","site-post-title":"","ast-breadcrumbs-content":"","ast-featured-img":"","footer-sml-layout":"","theme-transparent-header-meta":"","adv-header-id-meta":"","stick-header-meta":"","header-above-stick-meta":"","header-main-stick-meta":"","header-below-stick-meta":"","astra-migrate-meta-layouts":"default","ast-page-background-enabled":"default","ast-page-background-meta":{"desktop":{"background-color":"var(--ast-global-color-4)","background-image":"","background-repeat":"repeat","background-position":"center center","background-size":"auto","background-attachment":"scroll","background-type":"","background-media":"","overlay-type":"","overlay-color":"","overlay-opacity":"","overlay-gradient":""},"tablet":{"background-color":"","background-image":"","background-repeat":"repeat","background-position":"center center","background-size":"auto","background-attachment":"scroll","background-type":"","background-media":"","overlay-type":"","overlay-color":"","overlay-opacity":"","overlay-gradient":""},"mobile":{"background-color":"","background-image":"","background-repeat":"repeat","background-position":"center center","background-size":"auto","background-attachment":"scroll","background-type":"","background-media":"","overlay-type":"","overlay-color":"","overlay-opacity":"","overlay-gradient":""}},"ast-content-background-meta":{"desktop":{"background-color":"var(--ast-global-color-5)","background-image":"","background-repeat":"repeat","background-position":"center center","background-size":"auto","background-attachment":"scroll","background-type":"","background-media":"","overlay-type":"","overlay-color":"","overlay-opacity":"","overlay-gradient":""},"tablet":{"background-color":"var(--ast-global-color-5)","background-image":"","background-repeat":"repeat","background-position":"center center","background-size":"auto","background-attachment":"scroll","background-type":"","background-media":"","overlay-type":"","overlay-color":"","overlay-opacity":"","overlay-gradient":""},"mobile":{"background-color":"var(--ast-global-color-5)","background-image":"","background-repeat":"repeat","background-position":"center center","background-size":"auto","background-attachment":"scroll","background-type":"","background-media":"","overlay-type":"","overlay-color":"","overlay-opacity":"","overlay-gradient":""}},"footnotes":""},"categories":[8],"tags":[17084,17082,17083],"class_list":["post-53546","post","type-post","status-publish","format-standard","has-post-thumbnail","hentry","category-noticias","tag-colecciones-reales-de-espana","tag-francisco-franco-y-hitler","tag-mercedes-benz-todoterreno"],"_links":{"self":[{"href":"https:\/\/losperiodistas.com.mx\/portal\/wp-json\/wp\/v2\/posts\/53546","targetHints":{"allow":["GET"]}}],"collection":[{"href":"https:\/\/losperiodistas.com.mx\/portal\/wp-json\/wp\/v2\/posts"}],"about":[{"href":"https:\/\/losperiodistas.com.mx\/portal\/wp-json\/wp\/v2\/types\/post"}],"author":[{"embeddable":true,"href":"https:\/\/losperiodistas.com.mx\/portal\/wp-json\/wp\/v2\/users\/1"}],"replies":[{"embeddable":true,"href":"https:\/\/losperiodistas.com.mx\/portal\/wp-json\/wp\/v2\/comments?post=53546"}],"version-history":[{"count":1,"href":"https:\/\/losperiodistas.com.mx\/portal\/wp-json\/wp\/v2\/posts\/53546\/revisions"}],"predecessor-version":[{"id":53548,"href":"https:\/\/losperiodistas.com.mx\/portal\/wp-json\/wp\/v2\/posts\/53546\/revisions\/53548"}],"wp:featuredmedia":[{"embeddable":true,"href":"https:\/\/losperiodistas.com.mx\/portal\/wp-json\/wp\/v2\/media\/53547"}],"wp:attachment":[{"href":"https:\/\/losperiodistas.com.mx\/portal\/wp-json\/wp\/v2\/media?parent=53546"}],"wp:term":[{"taxonomy":"category","embeddable":true,"href":"https:\/\/losperiodistas.com.mx\/portal\/wp-json\/wp\/v2\/categories?post=53546"},{"taxonomy":"post_tag","embeddable":true,"href":"https:\/\/losperiodistas.com.mx\/portal\/wp-json\/wp\/v2\/tags?post=53546"}],"curies":[{"name":"wp","href":"https:\/\/api.w.org\/{rel}","templated":true}]}}