{"id":53540,"date":"2023-06-22T08:50:59","date_gmt":"2023-06-22T13:50:59","guid":{"rendered":"http:\/\/losperiodistas.com.mx\/portal\/?p=53540"},"modified":"2023-06-22T08:51:04","modified_gmt":"2023-06-22T13:51:04","slug":"clausuran-feministas-la-secretaria-de-salud-federal-y-presentan-ola-de-amparos-contra-cancelacion-de-noms-la-costilla-rota","status":"publish","type":"post","link":"https:\/\/losperiodistas.com.mx\/portal\/clausuran-feministas-la-secretaria-de-salud-federal-y-presentan-ola-de-amparos-contra-cancelacion-de-noms-la-costilla-rota\/","title":{"rendered":"\u2018Clausuran\u2019 feministas la Secretar\u00eda de Salud Federal y presentan ola de amparos contra cancelaci\u00f3n de NOMS | La Costilla Rota"},"content":{"rendered":"\n<h2 class=\"has-white-color has-vivid-purple-background-color has-text-color has-background has-medium-font-size wp-block-heading\">Denuncian la grave violaci\u00f3n a los derechos humanos de las mujeres que implica la eliminaci\u00f3n de las Normas Oficiales anunciadas el pasado 2 de junio<\/h2>\n\n\n\n<figure class=\"wp-block-image size-large is-style-default\"><img fetchpriority=\"high\" decoding=\"async\" width=\"1024\" height=\"684\" src=\"https:\/\/losperiodistas.com.mx\/portal\/wp-content\/uploads\/2023\/06\/Captura-de-Pantalla-2023-06-22-a-las-7.44.24-1024x684.jpg\" alt=\"\" class=\"wp-image-53541\" srcset=\"https:\/\/losperiodistas.com.mx\/portal\/wp-content\/uploads\/2023\/06\/Captura-de-Pantalla-2023-06-22-a-las-7.44.24-1024x684.jpg 1024w, https:\/\/losperiodistas.com.mx\/portal\/wp-content\/uploads\/2023\/06\/Captura-de-Pantalla-2023-06-22-a-las-7.44.24-300x200.jpg 300w, https:\/\/losperiodistas.com.mx\/portal\/wp-content\/uploads\/2023\/06\/Captura-de-Pantalla-2023-06-22-a-las-7.44.24-768x513.jpg 768w, https:\/\/losperiodistas.com.mx\/portal\/wp-content\/uploads\/2023\/06\/Captura-de-Pantalla-2023-06-22-a-las-7.44.24-1536x1026.jpg 1536w, https:\/\/losperiodistas.com.mx\/portal\/wp-content\/uploads\/2023\/06\/Captura-de-Pantalla-2023-06-22-a-las-7.44.24.jpg 1560w\" sizes=\"(max-width: 1024px) 100vw, 1024px\" \/><\/figure>\n\n\n\n<p><\/p>\n\n\n\n<p class=\"has-vivid-red-color has-text-color has-medium-font-size\"><strong>LA COSTILLA ROTA<\/strong><\/p>\n\n\n\n<p><em><strong>LaCostillaRota.-21 de junio 2023.-<\/strong><\/em>&nbsp;Como parte de denominada Jornada Nacional por el Derecho a la Vida y la Salud de las Mujeres, activistas y destacadas feministas de todo el pa\u00eds, presentaron este lunes una ola de amparos en contra de la cancelaci\u00f3n de varias normas oficiales mexicanas, cuya eliminaci\u00f3n denuncian, implicar\u00eda una grave violaci\u00f3n a los derechos humanos de las mujeres.<\/p>\n\n\n\n<figure class=\"wp-block-image is-style-default\"><img decoding=\"async\" src=\"https:\/\/lacostillarota.com\/wp-content\/uploads\/2023\/06\/jornada.jpeg\" alt=\"\" class=\"wp-image-9140\"\/><\/figure>\n\n\n\n<figure class=\"wp-block-embed is-type-rich is-provider-twitter wp-block-embed-twitter\"><div class=\"wp-block-embed__wrapper\">\nhttps:\/\/twitter.com\/ArussiUnda\/status\/1671349430052634625?ref_src=twsrc%5Etfw%7Ctwcamp%5Etweetembed%7Ctwterm%5E1671349430052634625%7Ctwgr%5E124d99cde4ba37e7abe3d39303dfc9d402469850%7Ctwcon%5Es1_c10&#038;ref_url=https%3A%2F%2Flacostillarota.com%2F2023%2F06%2F21%2Fclausuran-feministas-la-secretaria-de-salud-federal-y-presentan-ola-de-amparos-contra-cancelacion-de-noms%2F\n<\/div><\/figure>\n\n\n\n<p>As\u00ed mismo, fue convocada una manifestaci\u00f3n pac\u00edfica frente a la Estela de Luz en la Ciudad de M\u00e9xico, que concluy\u00f3 con la clausura simb\u00f3lica de la Secretaria de Salud Federal, part\u00edcipe, seg\u00fan las acusaciones de las manifestantes, de la violaci\u00f3n al derecho a la vida y la salud de las mujeres.<\/p>\n\n\n\n<figure class=\"wp-block-embed is-type-rich is-provider-twitter wp-block-embed-twitter\"><div class=\"wp-block-embed__wrapper\">\nhttps:\/\/twitter.com\/YndiraSandoval\/status\/1671248387067502592?ref_src=twsrc%5Etfw%7Ctwcamp%5Etweetembed%7Ctwterm%5E1671248387067502592%7Ctwgr%5E124d99cde4ba37e7abe3d39303dfc9d402469850%7Ctwcon%5Es1_c10&#038;ref_url=https%3A%2F%2Flacostillarota.com%2F2023%2F06%2F21%2Fclausuran-feministas-la-secretaria-de-salud-federal-y-presentan-ola-de-amparos-contra-cancelacion-de-noms%2F\n<\/div><\/figure>\n\n\n\n<p>Patricia Olamendi, de la Colectiva Nosotras tenemos otros datos, e Yndira Sandoval, impulsora de la #3de3VsViolencia y vocera de Las Constituyentes Mx, informaron que durante el 20 y 21 de junio, se estar\u00e1n presentando m\u00e1s de 100 amparos de mujeres de distintas colectivas feministas de todo el pa\u00eds con el prop\u00f3sito de obtener la suspensi\u00f3n inmediata de la cancelaci\u00f3n anunciada el 2 de junio en el Diario Oficial de la Federaci\u00f3n de al menos 35 NOM en materia de salud.<\/p>\n\n\n\n<figure class=\"wp-block-embed is-type-rich is-provider-twitter wp-block-embed-twitter\"><div class=\"wp-block-embed__wrapper\">\n<blockquote class=\"twitter-tweet\" data-width=\"500\" data-dnt=\"true\"><p lang=\"es\" dir=\"ltr\">Ya solicit\u00e9 amparo por la cancelaci\u00f3n de las Normas Oficiales de salud. Hoy lo har\u00e1n diversas mujeres y organizaciones. Los derechos humanos no son letra muerta tenemos que hacerlos valer. <a href=\"https:\/\/twitter.com\/hashtag\/LaSaludEsMiDerecho?src=hash&amp;ref_src=twsrc%5Etfw\">#LaSaludEsMiDerecho<\/a> <a href=\"https:\/\/twitter.com\/SCJN?ref_src=twsrc%5Etfw\">@SCJN<\/a> <a href=\"https:\/\/t.co\/3N4TrJsomp\">pic.twitter.com\/3N4TrJsomp<\/a><\/p>&mdash; Patricia Olamendi (@PatyOlamendi) <a href=\"https:\/\/twitter.com\/PatyOlamendi\/status\/1671169446667501568?ref_src=twsrc%5Etfw\">June 20, 2023<\/a><\/blockquote><script async src=\"https:\/\/platform.twitter.com\/widgets.js\" charset=\"utf-8\"><\/script>\n<\/div><\/figure>\n\n\n\n<p>Fuente: <a href=\"https:\/\/lacostillarota.com\/2023\/06\/21\/clausuran-feministas-la-secretaria-de-salud-federal-y-presentan-ola-de-amparos-contra-cancelacion-de-noms\/\">https:\/\/lacostillarota.com\/2023\/06\/21\/clausuran-feministas-la-secretaria-de-salud-federal-y-presentan-ola-de-amparos-contra-cancelacion-de-noms\/<\/a><\/p>\n","protected":false},"excerpt":{"rendered":"<p>Denuncian la grave violaci\u00f3n a los derechos humanos de las mujeres que implica la eliminaci\u00f3n de las Normas Oficiales anunciadas [&hellip;]<\/p>\n","protected":false},"author":1,"featured_media":53541,"comment_status":"open","ping_status":"open","sticky":false,"template":"","format":"standard","meta":{"site-sidebar-layout":"default","site-content-layout":"","ast-site-content-layout":"default","site-content-style":"default","site-sidebar-style":"default","ast-global-header-display":"","ast-banner-title-visibility":"","ast-main-header-display":"","ast-hfb-above-header-display":"","ast-hfb-below-header-display":"","ast-hfb-mobile-header-display":"","site-post-title":"","ast-breadcrumbs-content":"","ast-featured-img":"","footer-sml-layout":"","theme-transparent-header-meta":"","adv-header-id-meta":"","stick-header-meta":"","header-above-stick-meta":"","header-main-stick-meta":"","header-below-stick-meta":"","astra-migrate-meta-layouts":"default","ast-page-background-enabled":"default","ast-page-background-meta":{"desktop":{"background-color":"var(--ast-global-color-4)","background-image":"","background-repeat":"repeat","background-position":"center center","background-size":"auto","background-attachment":"scroll","background-type":"","background-media":"","overlay-type":"","overlay-color":"","overlay-opacity":"","overlay-gradient":""},"tablet":{"background-color":"","background-image":"","background-repeat":"repeat","background-position":"center center","background-size":"auto","background-attachment":"scroll","background-type":"","background-media":"","overlay-type":"","overlay-color":"","overlay-opacity":"","overlay-gradient":""},"mobile":{"background-color":"","background-image":"","background-repeat":"repeat","background-position":"center center","background-size":"auto","background-attachment":"scroll","background-type":"","background-media":"","overlay-type":"","overlay-color":"","overlay-opacity":"","overlay-gradient":""}},"ast-content-background-meta":{"desktop":{"background-color":"var(--ast-global-color-5)","background-image":"","background-repeat":"repeat","background-position":"center center","background-size":"auto","background-attachment":"scroll","background-type":"","background-media":"","overlay-type":"","overlay-color":"","overlay-opacity":"","overlay-gradient":""},"tablet":{"background-color":"var(--ast-global-color-5)","background-image":"","background-repeat":"repeat","background-position":"center center","background-size":"auto","background-attachment":"scroll","background-type":"","background-media":"","overlay-type":"","overlay-color":"","overlay-opacity":"","overlay-gradient":""},"mobile":{"background-color":"var(--ast-global-color-5)","background-image":"","background-repeat":"repeat","background-position":"center center","background-size":"auto","background-attachment":"scroll","background-type":"","background-media":"","overlay-type":"","overlay-color":"","overlay-opacity":"","overlay-gradient":""}},"footnotes":""},"categories":[8],"tags":[17081,14515],"class_list":["post-53540","post","type-post","status-publish","format-standard","has-post-thumbnail","hentry","category-noticias","tag-lasaludesmiderecho","tag-la-costilla-rota"],"_links":{"self":[{"href":"https:\/\/losperiodistas.com.mx\/portal\/wp-json\/wp\/v2\/posts\/53540","targetHints":{"allow":["GET"]}}],"collection":[{"href":"https:\/\/losperiodistas.com.mx\/portal\/wp-json\/wp\/v2\/posts"}],"about":[{"href":"https:\/\/losperiodistas.com.mx\/portal\/wp-json\/wp\/v2\/types\/post"}],"author":[{"embeddable":true,"href":"https:\/\/losperiodistas.com.mx\/portal\/wp-json\/wp\/v2\/users\/1"}],"replies":[{"embeddable":true,"href":"https:\/\/losperiodistas.com.mx\/portal\/wp-json\/wp\/v2\/comments?post=53540"}],"version-history":[{"count":1,"href":"https:\/\/losperiodistas.com.mx\/portal\/wp-json\/wp\/v2\/posts\/53540\/revisions"}],"predecessor-version":[{"id":53542,"href":"https:\/\/losperiodistas.com.mx\/portal\/wp-json\/wp\/v2\/posts\/53540\/revisions\/53542"}],"wp:featuredmedia":[{"embeddable":true,"href":"https:\/\/losperiodistas.com.mx\/portal\/wp-json\/wp\/v2\/media\/53541"}],"wp:attachment":[{"href":"https:\/\/losperiodistas.com.mx\/portal\/wp-json\/wp\/v2\/media?parent=53540"}],"wp:term":[{"taxonomy":"category","embeddable":true,"href":"https:\/\/losperiodistas.com.mx\/portal\/wp-json\/wp\/v2\/categories?post=53540"},{"taxonomy":"post_tag","embeddable":true,"href":"https:\/\/losperiodistas.com.mx\/portal\/wp-json\/wp\/v2\/tags?post=53540"}],"curies":[{"name":"wp","href":"https:\/\/api.w.org\/{rel}","templated":true}]}}