{"id":53537,"date":"2023-06-22T08:34:01","date_gmt":"2023-06-22T13:34:01","guid":{"rendered":"http:\/\/losperiodistas.com.mx\/portal\/?p=53537"},"modified":"2023-06-22T08:34:03","modified_gmt":"2023-06-22T13:34:03","slug":"el-submarino-desaparecido-en-el-atlantico-norte-se-habria-quedado-sin-oxigeno-segun-los-calculos-euronews","status":"publish","type":"post","link":"https:\/\/losperiodistas.com.mx\/portal\/el-submarino-desaparecido-en-el-atlantico-norte-se-habria-quedado-sin-oxigeno-segun-los-calculos-euronews\/","title":{"rendered":"El submarino desaparecido en el Atl\u00e1ntico Norte se habr\u00eda quedado sin ox\u00edgeno, seg\u00fan los c\u00e1lculos\u00a0| Euronews"},"content":{"rendered":"\n<figure class=\"wp-block-image size-large is-style-default\"><img fetchpriority=\"high\" decoding=\"async\" width=\"1024\" height=\"576\" src=\"https:\/\/losperiodistas.com.mx\/portal\/wp-content\/uploads\/2023\/06\/Captura-de-Pantalla-2023-06-22-a-las-7.27.40-1024x576.jpg\" alt=\"\" class=\"wp-image-53538\" srcset=\"https:\/\/losperiodistas.com.mx\/portal\/wp-content\/uploads\/2023\/06\/Captura-de-Pantalla-2023-06-22-a-las-7.27.40-1024x576.jpg 1024w, https:\/\/losperiodistas.com.mx\/portal\/wp-content\/uploads\/2023\/06\/Captura-de-Pantalla-2023-06-22-a-las-7.27.40-300x169.jpg 300w, https:\/\/losperiodistas.com.mx\/portal\/wp-content\/uploads\/2023\/06\/Captura-de-Pantalla-2023-06-22-a-las-7.27.40-768x432.jpg 768w, https:\/\/losperiodistas.com.mx\/portal\/wp-content\/uploads\/2023\/06\/Captura-de-Pantalla-2023-06-22-a-las-7.27.40-1536x864.jpg 1536w, https:\/\/losperiodistas.com.mx\/portal\/wp-content\/uploads\/2023\/06\/Captura-de-Pantalla-2023-06-22-a-las-7.27.40.jpg 1700w\" sizes=\"(max-width: 1024px) 100vw, 1024px\" \/><\/figure>\n\n\n\n<p>VIDEO: <a href=\"https:\/\/es.euronews.com\/video\/2023\/06\/22\/se-agota-el-tiempo-en-la-busqueda-del-submarino-desaparecido-en-el-atlantico-norte\">https:\/\/es.euronews.com\/video\/2023\/06\/22\/se-agota-el-tiempo-en-la-busqueda-del-submarino-desaparecido-en-el-atlantico-norte<\/a><\/p>\n\n\n\n<p class=\"has-vivid-red-color has-text-color has-medium-font-size\"><strong>EFE \/ EURONEWS<\/strong><\/p>\n\n\n\n<p>Se estimaba que el ox\u00edgeno de la nave se agotar\u00eda a lo largo de la ma\u00f1ana del jueves, hora local.<\/p>\n\n\n\n<p>Se agotan, definitivamente, las opciones de encontrar con vida a los cinco tripulantes del submarino desaparecido en el Atl\u00e1ntico Norte, en plena visita a los restos del Titanic.&nbsp;<\/p>\n\n\n\n<p>Los equipos de rescate siguen trabajando sin descanso, conscientes de que el tiempo pr\u00e1cticamente se ha acabado. Seg\u00fan los expertos,&nbsp;<strong>el ox\u00edgeno del interior del Tit\u00e1n se agotaba a lo largo de la ma\u00f1ana del jueves,<\/strong>&nbsp;hora local.<\/p>\n\n\n\n<p>Con todo, los guardacostas de Estados Unidos instaban hace unas horas a no perder la esperanza. \u00abTenemos que permanecer optimistas y esperanzados cuando est\u00e1s en un caso de b\u00fasqueda y rescate\u00bb, dec\u00eda a la prensa el capit\u00e1n&nbsp;<strong>Jamie Frederick<\/strong>. \u00abY ahora estamos justo en medio del caso de b\u00fasqueda y rescate, as\u00ed que no quiero entrar en una discusi\u00f3n sobre cu\u00e1ndo terminar\u00eda (la operaci\u00f3n) con respecto a este caso\u00bb.<\/p>\n\n\n\n<ul class=\"wp-block-list\"><li><a href=\"https:\/\/es.euronews.com\/2023\/06\/20\/sin-senales-del-submarino-turistico-del-titanic-cuando-quedan-40-horas-de-oxigeno\">Sin se\u00f1ales del submarino tur\u00edstico del Titanic cuando quedan 40 horas de ox\u00edgeno<\/a><\/li><li><a href=\"https:\/\/es.euronews.com\/2023\/06\/21\/los-equipos-de-busqueda-del-submarino-desaparecido-detectan-ruidos-bajo-el-agua\">Los equipos de b\u00fasqueda del submarino desaparecido detectan \u00abruidos\u00bb bajo el agua<\/a><\/li><\/ul>\n\n\n\n<h2 class=\"wp-block-heading\">Los esperanzadores sonidos<\/h2>\n\n\n\n<p>Dentro del sumergible viajaban cinco personas.&nbsp;<strong>Stockton Rush<\/strong>, director general de OceanGate, el aventurero brit\u00e1nico&nbsp;<strong>Hamish Harding<\/strong>; Los paquistan\u00edes&nbsp;<strong>Shahzada<\/strong>&nbsp;y&nbsp;<strong>Suleman Dawood<\/strong>, padre e hijo, y el explorador submarino franc\u00e9s y experto en el Titanic&nbsp;<strong>Paul-Henry Nargeolet<\/strong>.<\/p>\n\n\n\n<p>Por ellos, una flota internacional de buques y aviones de reconocimiento se encarga de intentarlo hasta el final.\u00a0<strong>La llegada de unos sonidos regulares<\/strong>\u00a0desde debajo del agua reactiv\u00f3 las esperanzas, pero no solo se trata de un \u00e1rea de b\u00fasqueda muy grande, sino que, como confesaba el propio Frederick, \u00abno sabemos qu\u00e9 son esos sonidos\u00bb.<\/p>\n\n\n\n<p>Las operaciones tienen lugar a 1448 kil\u00f3metros del cabo Cod (Massachussets, Estados Unidos) y a unos 644 kil\u00f3metros de San Juan de Terranova (Canad\u00e1).<\/p>\n\n\n\n<p>En ella participan efectivos y recursos de Estados Unidos, Canad\u00e1, Francia y el Reino Unido, con aviones, embarcaciones y drones submarinos.<\/p>\n\n\n\n<h2 class=\"wp-block-heading\">La atracci\u00f3n por el Titanic<\/h2>\n\n\n\n<p>Los restos del Titanic, que se hundi\u00f3 tras colisionar con un iceberg en 1912, se encuentran a&nbsp;<strong>una profundidad de alrededor de 3800 metros<\/strong>&nbsp;y a una distancia de aproximadamente 640 kil\u00f3metros de la isla canadiense de Terranova.<\/p>\n\n\n\n<p>El sumergible, cuyo nombre es Tit\u00e1n y que fue remolcado por el barco \u00abPolar Prince\u00bb, parti\u00f3 el viernes desde San Juan de Terranova (Canad\u00e1) hacia el lugar del hundimiento del Titanic.<\/p>\n\n\n\n<p>OceanGate Expeditions es la \u00fanica compa\u00f1\u00eda que tiene un submarino capaz de llegar al fondo del oc\u00e9ano para ver los restos del Titanic de cerca.<\/p>\n\n\n\n<p>En su p\u00e1gina web, la compa\u00f1\u00eda ofrece viajes de ocho d\u00edas y siete noches para visitar los restos del Titanic, con\u00a0<strong>un precio aproximado de 250 000 d\u00f3lares.<\/strong><\/p>\n\n\n\n<p>Fuente: <a href=\"https:\/\/es.euronews.com\/2023\/06\/22\/se-agota-el-tiempo-en-la-busqueda-del-submarino-desaparecido-en-el-atlantico-norte\">https:\/\/es.euronews.com\/2023\/06\/22\/se-agota-el-tiempo-en-la-busqueda-del-submarino-desaparecido-en-el-atlantico-norte<\/a><\/p>\n","protected":false},"excerpt":{"rendered":"<p>VIDEO: https:\/\/es.euronews.com\/video\/2023\/06\/22\/se-agota-el-tiempo-en-la-busqueda-del-submarino-desaparecido-en-el-atlantico-norte EFE \/ EURONEWS Se estimaba que el ox\u00edgeno de la nave se agotar\u00eda a lo largo de la [&hellip;]<\/p>\n","protected":false},"author":1,"featured_media":53538,"comment_status":"open","ping_status":"open","sticky":false,"template":"","format":"standard","meta":{"site-sidebar-layout":"default","site-content-layout":"","ast-site-content-layout":"default","site-content-style":"default","site-sidebar-style":"default","ast-global-header-display":"","ast-banner-title-visibility":"","ast-main-header-display":"","ast-hfb-above-header-display":"","ast-hfb-below-header-display":"","ast-hfb-mobile-header-display":"","site-post-title":"","ast-breadcrumbs-content":"","ast-featured-img":"","footer-sml-layout":"","theme-transparent-header-meta":"","adv-header-id-meta":"","stick-header-meta":"","header-above-stick-meta":"","header-main-stick-meta":"","header-below-stick-meta":"","astra-migrate-meta-layouts":"default","ast-page-background-enabled":"default","ast-page-background-meta":{"desktop":{"background-color":"var(--ast-global-color-4)","background-image":"","background-repeat":"repeat","background-position":"center center","background-size":"auto","background-attachment":"scroll","background-type":"","background-media":"","overlay-type":"","overlay-color":"","overlay-opacity":"","overlay-gradient":""},"tablet":{"background-color":"","background-image":"","background-repeat":"repeat","background-position":"center center","background-size":"auto","background-attachment":"scroll","background-type":"","background-media":"","overlay-type":"","overlay-color":"","overlay-opacity":"","overlay-gradient":""},"mobile":{"background-color":"","background-image":"","background-repeat":"repeat","background-position":"center center","background-size":"auto","background-attachment":"scroll","background-type":"","background-media":"","overlay-type":"","overlay-color":"","overlay-opacity":"","overlay-gradient":""}},"ast-content-background-meta":{"desktop":{"background-color":"var(--ast-global-color-5)","background-image":"","background-repeat":"repeat","background-position":"center center","background-size":"auto","background-attachment":"scroll","background-type":"","background-media":"","overlay-type":"","overlay-color":"","overlay-opacity":"","overlay-gradient":""},"tablet":{"background-color":"var(--ast-global-color-5)","background-image":"","background-repeat":"repeat","background-position":"center center","background-size":"auto","background-attachment":"scroll","background-type":"","background-media":"","overlay-type":"","overlay-color":"","overlay-opacity":"","overlay-gradient":""},"mobile":{"background-color":"var(--ast-global-color-5)","background-image":"","background-repeat":"repeat","background-position":"center center","background-size":"auto","background-attachment":"scroll","background-type":"","background-media":"","overlay-type":"","overlay-color":"","overlay-opacity":"","overlay-gradient":""}},"footnotes":""},"categories":[8],"tags":[17080,17079,9524],"class_list":["post-53537","post","type-post","status-publish","format-standard","has-post-thumbnail","hentry","category-noticias","tag-sumergible-desaparecido","tag-titan","tag-titanic"],"_links":{"self":[{"href":"https:\/\/losperiodistas.com.mx\/portal\/wp-json\/wp\/v2\/posts\/53537","targetHints":{"allow":["GET"]}}],"collection":[{"href":"https:\/\/losperiodistas.com.mx\/portal\/wp-json\/wp\/v2\/posts"}],"about":[{"href":"https:\/\/losperiodistas.com.mx\/portal\/wp-json\/wp\/v2\/types\/post"}],"author":[{"embeddable":true,"href":"https:\/\/losperiodistas.com.mx\/portal\/wp-json\/wp\/v2\/users\/1"}],"replies":[{"embeddable":true,"href":"https:\/\/losperiodistas.com.mx\/portal\/wp-json\/wp\/v2\/comments?post=53537"}],"version-history":[{"count":1,"href":"https:\/\/losperiodistas.com.mx\/portal\/wp-json\/wp\/v2\/posts\/53537\/revisions"}],"predecessor-version":[{"id":53539,"href":"https:\/\/losperiodistas.com.mx\/portal\/wp-json\/wp\/v2\/posts\/53537\/revisions\/53539"}],"wp:featuredmedia":[{"embeddable":true,"href":"https:\/\/losperiodistas.com.mx\/portal\/wp-json\/wp\/v2\/media\/53538"}],"wp:attachment":[{"href":"https:\/\/losperiodistas.com.mx\/portal\/wp-json\/wp\/v2\/media?parent=53537"}],"wp:term":[{"taxonomy":"category","embeddable":true,"href":"https:\/\/losperiodistas.com.mx\/portal\/wp-json\/wp\/v2\/categories?post=53537"},{"taxonomy":"post_tag","embeddable":true,"href":"https:\/\/losperiodistas.com.mx\/portal\/wp-json\/wp\/v2\/tags?post=53537"}],"curies":[{"name":"wp","href":"https:\/\/api.w.org\/{rel}","templated":true}]}}