{"id":53534,"date":"2023-06-22T07:56:22","date_gmt":"2023-06-22T12:56:22","guid":{"rendered":"http:\/\/losperiodistas.com.mx\/portal\/?p=53534"},"modified":"2023-06-22T07:56:24","modified_gmt":"2023-06-22T12:56:24","slug":"el-papa-a-los-jovenes-de-la-jmj-faltan-40-dias-nos-vemos-en-lisboa-vatican-news","status":"publish","type":"post","link":"https:\/\/losperiodistas.com.mx\/portal\/el-papa-a-los-jovenes-de-la-jmj-faltan-40-dias-nos-vemos-en-lisboa-vatican-news\/","title":{"rendered":"El Papa a los j\u00f3venes de la JMJ: \u201cFaltan 40 d\u00edas, nos vemos en Lisboa\u201d | Vatican News"},"content":{"rendered":"\n<p class=\"has-luminous-vivid-amber-background-color has-background has-medium-font-size\">Este jueves, 22 de junio, fue publicado el videomensaje que el Santo Padre envi\u00f3 a los j\u00f3venes que se est\u00e1n preparando para participar en la pr\u00f3xima JMJ Lisboa 2023. A 40 d\u00edas de la \u201cfiesta de la juventud\u201d, el Pont\u00edfice alienta a los j\u00f3venes a no hacer caso a \u201caquellos que reducen la vida a ideas\u201d. Tambi\u00e9n envi\u00f3 un saludo a los trabajadores encargados de la log\u00edstica de la JMJ, a quienes agradece \u201cpor dar una mano a esta organizaci\u00f3n\u201d.<\/p>\n\n\n\n<div class=\"wp-block-image is-style-default\"><figure class=\"aligncenter size-large\"><img fetchpriority=\"high\" decoding=\"async\" width=\"1024\" height=\"575\" src=\"https:\/\/losperiodistas.com.mx\/portal\/wp-content\/uploads\/2023\/06\/Captura-de-Pantalla-2023-06-22-a-las-6.50.39-1024x575.jpg\" alt=\"\" class=\"wp-image-53535\" srcset=\"https:\/\/losperiodistas.com.mx\/portal\/wp-content\/uploads\/2023\/06\/Captura-de-Pantalla-2023-06-22-a-las-6.50.39-1024x575.jpg 1024w, https:\/\/losperiodistas.com.mx\/portal\/wp-content\/uploads\/2023\/06\/Captura-de-Pantalla-2023-06-22-a-las-6.50.39-300x168.jpg 300w, https:\/\/losperiodistas.com.mx\/portal\/wp-content\/uploads\/2023\/06\/Captura-de-Pantalla-2023-06-22-a-las-6.50.39-768x431.jpg 768w, https:\/\/losperiodistas.com.mx\/portal\/wp-content\/uploads\/2023\/06\/Captura-de-Pantalla-2023-06-22-a-las-6.50.39.jpg 1500w\" sizes=\"(max-width: 1024px) 100vw, 1024px\" \/><\/figure><\/div>\n\n\n\n<p><\/p>\n\n\n\n<p class=\"has-vivid-red-color has-text-color has-medium-font-size\"><strong>VATICAN NEWS<\/strong><\/p>\n\n\n\n<p>\u201cEn este momento es el punto donde todos tenemos que mirar. Los j\u00f3venes tienen que mirar, a ustedes j\u00f3venes, adelante. Faltan 40 d\u00edas como una Cuaresma hasta llegar al encuentro de Lisboa\u201d, con estas palabras el Papa Francisco alienta a los j\u00f3venes que se est\u00e1n preparando para participar en la Jornada Mundial de la Juventud (JMJ), Lisboa 2023, que se realizar\u00e1 del 1 al 6 de agosto pr\u00f3ximo en la capital de Portugal y tambi\u00e9n a aquellos que van a seguir la JMJ desde lejos.<\/p>\n\n\n\n<h2 class=\"wp-block-heading\"><strong>Voy a estar con ustedes en Lisboa<\/strong><\/h2>\n\n\n\n<p>En su videomensaje, el Santo Padre se\u00f1ala que, est\u00e1 preparado y listo a participar en la \u201cfiesta de la juventud\u201d y a pesar de la reciente intervenci\u00f3n quir\u00fargica a la que fue sometido el pasado 7 de junio, el Pont\u00edfice confirma su presencia en Lisboa.<\/p>\n\n\n\n<p><em>\u201cYo ya tengo todo en la mano porque tengo ganas de ir. Algunos piensan que por la enfermedad no puedo ir, pero el m\u00e9dico me dijo que puedo ir, as\u00ed que voy a estar con ustedes\u201d.<\/em><\/p>\n\n\n\n<h2 class=\"wp-block-heading\"><strong>Poner en pr\u00e1ctica los tres lenguajes de la vida<\/strong><\/h2>\n\n\n\n<p>A los j\u00f3venes, el Papa Francisco los alienta a ir adelante sin hacer caso \u201ca aquellos que reducen la vida a ideas\u201d, ya que ellos, \u201chan perdido la alegr\u00eda de la vida y la alegr\u00eda del encuentro\u201d. Y, al contrario, los invita a rezar por ellos y a poner en pr\u00e1ctica los tres lenguajes de la vida.<\/p>\n\n\n\n<p><em>\u201cEl lenguaje de la cabeza. El lenguaje del coraz\u00f3n. El lenguaje de las manos. El Lenguaje de la cabeza, para pensar claramente lo que sentimos y lo que hacemos. El lenguaje del coraz\u00f3n para sentir bien, profundamente lo que pensamos y lo que hacemos. Y el lenguaje de las manos para hacer con eficacia lo que sentimos y lo que pensamos\u201d.<\/em><\/p>\n\n\n\n<figure class=\"wp-block-embed is-type-video is-provider-youtube wp-block-embed-youtube wp-embed-aspect-16-9 wp-has-aspect-ratio\"><div class=\"wp-block-embed__wrapper\">\n<iframe title=\"Papa aos jovens: &quot;Vou estar convosco&quot;\" width=\"500\" height=\"281\" src=\"https:\/\/www.youtube.com\/embed\/zUc84CjqfU0?feature=oembed\" frameborder=\"0\" allow=\"accelerometer; autoplay; clipboard-write; encrypted-media; gyroscope; picture-in-picture; web-share\" referrerpolicy=\"strict-origin-when-cross-origin\" allowfullscreen><\/iframe>\n<\/div><\/figure>\n\n\n\n<p><\/p>\n\n\n\n<h2 class=\"wp-block-heading\"><strong>El \u201cgracias\u201d del Papa a los trabajadores de la log\u00edstica<\/strong><\/h2>\n\n\n\n<p>Esta ma\u00f1ana tambi\u00e9n fue publicado el videomensaje que el Papa Francisco envi\u00f3 a los trabajadores de la sociedad civil, encargados de la log\u00edstica de la JMJ Lisboa 2023. A ellos el Pont\u00edfice les agradeci\u00f3 por el trabajo que est\u00e1n realizando y por hacer posible la \u201cinfraestructura del encuentro juvenil\u201d.<\/p>\n\n\n\n<p><em>\u201cS\u00e9 que ustedes est\u00e1n quemando horas y horas de trabajo para posibilitar esto. Y no es lo peor. Lo m\u00e1s dif\u00edcil va a venir despu\u00e9s, cuando en plena Jornada ustedes tengan que mantener las estructuras de orden, de salud, de alimentaci\u00f3n, de limpieza, tantas cosas que son necesarias. Ustedes no aparecen como personajes de la Jornada de la Juventud, pero ustedes la sostienen\u201d.<\/em><\/p>\n\n\n\n<h2 class=\"wp-block-heading\"><strong>Gracias por ser semilla<\/strong><\/h2>\n\n\n\n<p>El Santo Padre tambi\u00e9n agradeci\u00f3 a los trabajadores encargados de la infraestructura por dar una mano en la organizaci\u00f3n de la JMJ, por su generosidad y por no dejarse seducir por los cantos de sirena.<\/p>\n\n\n\n<p><em>\u201cLa Jornada no se puede hacer sin el trabajo de ustedes. Por eso les digo \u2018gracias\u2019, gracias por ser semilla. Porque ustedes son como la semilla, van a florecer desde abajo. No se ve, el fruto va a aparecer. Gracias por dar una mano a esta organizaci\u00f3n. Gracias por la generosidad de ustedes. Y gracias por no dejarse seducir por los cantos de sirena. Esos lo \u00fanico que saben es criticar a los dem\u00e1s y son incapaces de ofrecer un proyecto viable\u201d.<\/em><\/p>\n\n\n\n<figure class=\"wp-block-embed is-type-video is-provider-youtube wp-block-embed-youtube wp-embed-aspect-16-9 wp-has-aspect-ratio\"><div class=\"wp-block-embed__wrapper\">\n<iframe title=\"Papa \u00e0 sociedade: &quot;Obrigado por serem semente&quot;\" width=\"500\" height=\"281\" src=\"https:\/\/www.youtube.com\/embed\/HFRfSTcyKlY?feature=oembed\" frameborder=\"0\" allow=\"accelerometer; autoplay; clipboard-write; encrypted-media; gyroscope; picture-in-picture; web-share\" referrerpolicy=\"strict-origin-when-cross-origin\" allowfullscreen><\/iframe>\n<\/div><\/figure>\n\n\n\n<p><\/p>\n\n\n\n<p>Fuente: <a href=\"https:\/\/www.vaticannews.va\/es\/papa\/news\/2023-06\/papa-francisco-video-mensaje-jmj-lisboa-2023-jovenes-trabajadore.html\">https:\/\/www.vaticannews.va\/es\/papa\/news\/2023-06\/papa-francisco-video-mensaje-jmj-lisboa-2023-jovenes-trabajadore.html<\/a><\/p>\n","protected":false},"excerpt":{"rendered":"<p>Este jueves, 22 de junio, fue publicado el videomensaje que el Santo Padre envi\u00f3 a los j\u00f3venes que se est\u00e1n [&hellip;]<\/p>\n","protected":false},"author":1,"featured_media":53535,"comment_status":"open","ping_status":"open","sticky":false,"template":"","format":"standard","meta":{"site-sidebar-layout":"default","site-content-layout":"","ast-site-content-layout":"default","site-content-style":"default","site-sidebar-style":"default","ast-global-header-display":"","ast-banner-title-visibility":"","ast-main-header-display":"","ast-hfb-above-header-display":"","ast-hfb-below-header-display":"","ast-hfb-mobile-header-display":"","site-post-title":"","ast-breadcrumbs-content":"","ast-featured-img":"","footer-sml-layout":"","theme-transparent-header-meta":"","adv-header-id-meta":"","stick-header-meta":"","header-above-stick-meta":"","header-main-stick-meta":"","header-below-stick-meta":"","astra-migrate-meta-layouts":"default","ast-page-background-enabled":"default","ast-page-background-meta":{"desktop":{"background-color":"var(--ast-global-color-4)","background-image":"","background-repeat":"repeat","background-position":"center center","background-size":"auto","background-attachment":"scroll","background-type":"","background-media":"","overlay-type":"","overlay-color":"","overlay-opacity":"","overlay-gradient":""},"tablet":{"background-color":"","background-image":"","background-repeat":"repeat","background-position":"center center","background-size":"auto","background-attachment":"scroll","background-type":"","background-media":"","overlay-type":"","overlay-color":"","overlay-opacity":"","overlay-gradient":""},"mobile":{"background-color":"","background-image":"","background-repeat":"repeat","background-position":"center center","background-size":"auto","background-attachment":"scroll","background-type":"","background-media":"","overlay-type":"","overlay-color":"","overlay-opacity":"","overlay-gradient":""}},"ast-content-background-meta":{"desktop":{"background-color":"var(--ast-global-color-5)","background-image":"","background-repeat":"repeat","background-position":"center center","background-size":"auto","background-attachment":"scroll","background-type":"","background-media":"","overlay-type":"","overlay-color":"","overlay-opacity":"","overlay-gradient":""},"tablet":{"background-color":"var(--ast-global-color-5)","background-image":"","background-repeat":"repeat","background-position":"center center","background-size":"auto","background-attachment":"scroll","background-type":"","background-media":"","overlay-type":"","overlay-color":"","overlay-opacity":"","overlay-gradient":""},"mobile":{"background-color":"var(--ast-global-color-5)","background-image":"","background-repeat":"repeat","background-position":"center center","background-size":"auto","background-attachment":"scroll","background-type":"","background-media":"","overlay-type":"","overlay-color":"","overlay-opacity":"","overlay-gradient":""}},"footnotes":""},"categories":[8],"tags":[17077,17078,196],"class_list":["post-53534","post","type-post","status-publish","format-standard","has-post-thumbnail","hentry","category-noticias","tag-jmjlisboa","tag-fiesta-de-la-juventud","tag-papa-francisco"],"_links":{"self":[{"href":"https:\/\/losperiodistas.com.mx\/portal\/wp-json\/wp\/v2\/posts\/53534","targetHints":{"allow":["GET"]}}],"collection":[{"href":"https:\/\/losperiodistas.com.mx\/portal\/wp-json\/wp\/v2\/posts"}],"about":[{"href":"https:\/\/losperiodistas.com.mx\/portal\/wp-json\/wp\/v2\/types\/post"}],"author":[{"embeddable":true,"href":"https:\/\/losperiodistas.com.mx\/portal\/wp-json\/wp\/v2\/users\/1"}],"replies":[{"embeddable":true,"href":"https:\/\/losperiodistas.com.mx\/portal\/wp-json\/wp\/v2\/comments?post=53534"}],"version-history":[{"count":1,"href":"https:\/\/losperiodistas.com.mx\/portal\/wp-json\/wp\/v2\/posts\/53534\/revisions"}],"predecessor-version":[{"id":53536,"href":"https:\/\/losperiodistas.com.mx\/portal\/wp-json\/wp\/v2\/posts\/53534\/revisions\/53536"}],"wp:featuredmedia":[{"embeddable":true,"href":"https:\/\/losperiodistas.com.mx\/portal\/wp-json\/wp\/v2\/media\/53535"}],"wp:attachment":[{"href":"https:\/\/losperiodistas.com.mx\/portal\/wp-json\/wp\/v2\/media?parent=53534"}],"wp:term":[{"taxonomy":"category","embeddable":true,"href":"https:\/\/losperiodistas.com.mx\/portal\/wp-json\/wp\/v2\/categories?post=53534"},{"taxonomy":"post_tag","embeddable":true,"href":"https:\/\/losperiodistas.com.mx\/portal\/wp-json\/wp\/v2\/tags?post=53534"}],"curies":[{"name":"wp","href":"https:\/\/api.w.org\/{rel}","templated":true}]}}