{"id":53528,"date":"2023-06-22T07:26:57","date_gmt":"2023-06-22T12:26:57","guid":{"rendered":"http:\/\/losperiodistas.com.mx\/portal\/?p=53528"},"modified":"2023-06-22T07:26:59","modified_gmt":"2023-06-22T12:26:59","slug":"segunda-feria-del-autoempleo-contigo-mujer-el-25-de-junio","status":"publish","type":"post","link":"https:\/\/losperiodistas.com.mx\/portal\/segunda-feria-del-autoempleo-contigo-mujer-el-25-de-junio\/","title":{"rendered":"Segunda Feria del Autoempleo &#8216;Contigo Mujer&#8217; el 25 de junio"},"content":{"rendered":"\n<ul class=\"has-medium-font-size wp-block-list\"><li>Habr\u00e1 productos bordados a mano, art\u00edculos de madera, pi\u00f1atas, bisuter\u00eda, salsas, encurtidos, velas, jabones artesanales, reposter\u00eda, panader\u00eda y mucho m\u00e1s.<\/li><\/ul>\n\n\n\n<figure class=\"wp-block-image size-large is-style-default\"><img fetchpriority=\"high\" decoding=\"async\" width=\"1024\" height=\"682\" src=\"https:\/\/losperiodistas.com.mx\/portal\/wp-content\/uploads\/2023\/06\/WhatsApp-Image-2023-06-21-at-11.29.33-1024x682.jpeg\" alt=\"\" class=\"wp-image-53531\" srcset=\"https:\/\/losperiodistas.com.mx\/portal\/wp-content\/uploads\/2023\/06\/WhatsApp-Image-2023-06-21-at-11.29.33-1024x682.jpeg 1024w, https:\/\/losperiodistas.com.mx\/portal\/wp-content\/uploads\/2023\/06\/WhatsApp-Image-2023-06-21-at-11.29.33-300x200.jpeg 300w, https:\/\/losperiodistas.com.mx\/portal\/wp-content\/uploads\/2023\/06\/WhatsApp-Image-2023-06-21-at-11.29.33-768x512.jpeg 768w, https:\/\/losperiodistas.com.mx\/portal\/wp-content\/uploads\/2023\/06\/WhatsApp-Image-2023-06-21-at-11.29.33.jpeg 1280w\" sizes=\"(max-width: 1024px) 100vw, 1024px\" \/><figcaption>Ayuntamiento Puebla<\/figcaption><\/figure>\n\n\n\n<p class=\"has-vivid-red-color has-text-color has-medium-font-size\"><strong>COMUNICADO<\/strong><\/p>\n\n\n\n<p>El pr\u00f3ximo domingo 25 de junio, de 9:00 a 18:00 horas, llegar\u00e1 a la Plaza de la Democracia -en el Centro Hist\u00f3rico, frente al Carolino- la Segunda Feria del Autoempleo \u2018Contigo Mujer\u2019; un espacio de promoci\u00f3n y venta de diversos proyectos de negocio encabezados por 40 poblanas que se capacitaron con el Gobierno Municipal.<\/p>\n\n\n\n<p>Impulsada por la administraci\u00f3n de Eduardo Rivera P\u00e9rez, Presidente Municipal, en esta Feria se promocionar\u00e1n productos bordados a mano, como camisas, carteras, bolsas y pulseras; art\u00edculos elaborados en madera, m\u00e1rmol y cer\u00e1mica; serigraf\u00eda en playeras, tazas y gorras; pi\u00f1atas, bisuter\u00eda, salsas, encurtidos, velas y jabones artesanales, reposter\u00eda, panader\u00eda y mucho m\u00e1s.<\/p>\n\n\n\n<p>\u201cEstamos rodeados de grandes mujeres; competentes, poderosas, que est\u00e1n demostrando que quieren salir adelante, y que son un ejemplo para Puebla\u201d, asever\u00f3 en su mensaje Eduardo Rivera, luego de celebrar que gracias a la estrategia \u2018Contigo Mujer\u2019 se han beneficiado a 150 mil poblanas en temas de capacitaci\u00f3n para el autoempleo, autodefensa, fortalecimiento familiar y prevenci\u00f3n de la violencia.<\/p>\n\n\n\n<p>Es as\u00ed como \u2018Contigo Mujer\u2019 se ha consolidado como una iniciativa que realmente acompa\u00f1a a las poblanas en sus sue\u00f1os por la independencia econ\u00f3mica, ya que tal y como lo record\u00f3 la Regidora Dolores Cervantes Moctezuma, cuenta con tres fases concretas de acci\u00f3n: cursos de educaci\u00f3n financiera, empoderamiento y liderazgo; talleres en diversos oficios con validez oficial; y mentor\u00edas con la Confederaci\u00f3n Patronal de la Rep\u00fablica Mexicana (Coparmex) Puebla.<\/p>\n\n\n\n<p>Por ello, el Ayuntamiento de Puebla invita a la ciudadan\u00eda a asistir a la Feria, consumir local y apoyar a mujeres emprendedoras que aprendieron a elaborar sus productos en los cursos impartidos por la Secretar\u00eda para la Igualdad Sustantiva -dirigida por Karina Romero Alcal\u00e1- y el Sistema Municipal DIF -encabezado desde su Patronato por Liliana Ortiz P\u00e9rez-.<\/p>\n\n\n\n<p>La presentaci\u00f3n de la Segunda Feria del Autoempleo \u2018Contigo Mujer\u2019 tambi\u00e9n estuvo encabezada por Alejandra Sandra Bautista Robles, emprendedora poblana y artesana en madera; as\u00ed como Aranzazu Landero Coix, directora de la Licenciatura en Consultor\u00eda y Gesti\u00f3n de la Imagen de AS Media; Carolina Morales Garc\u00eda, directora del SMDIF de Puebla y \u00c1ngel Garc\u00eda Gonz\u00e1lez, Jefe de la Polic\u00eda capitalina en la Zona Centro.<\/p>\n","protected":false},"excerpt":{"rendered":"<p>Habr\u00e1 productos bordados a mano, art\u00edculos de madera, pi\u00f1atas, bisuter\u00eda, salsas, encurtidos, velas, jabones artesanales, reposter\u00eda, panader\u00eda y mucho m\u00e1s. [&hellip;]<\/p>\n","protected":false},"author":1,"featured_media":53532,"comment_status":"open","ping_status":"open","sticky":false,"template":"","format":"standard","meta":{"site-sidebar-layout":"default","site-content-layout":"","ast-site-content-layout":"default","site-content-style":"default","site-sidebar-style":"default","ast-global-header-display":"","ast-banner-title-visibility":"","ast-main-header-display":"","ast-hfb-above-header-display":"","ast-hfb-below-header-display":"","ast-hfb-mobile-header-display":"","site-post-title":"","ast-breadcrumbs-content":"","ast-featured-img":"","footer-sml-layout":"","theme-transparent-header-meta":"","adv-header-id-meta":"","stick-header-meta":"","header-above-stick-meta":"","header-main-stick-meta":"","header-below-stick-meta":"","astra-migrate-meta-layouts":"default","ast-page-background-enabled":"default","ast-page-background-meta":{"desktop":{"background-color":"var(--ast-global-color-4)","background-image":"","background-repeat":"repeat","background-position":"center center","background-size":"auto","background-attachment":"scroll","background-type":"","background-media":"","overlay-type":"","overlay-color":"","overlay-opacity":"","overlay-gradient":""},"tablet":{"background-color":"","background-image":"","background-repeat":"repeat","background-position":"center center","background-size":"auto","background-attachment":"scroll","background-type":"","background-media":"","overlay-type":"","overlay-color":"","overlay-opacity":"","overlay-gradient":""},"mobile":{"background-color":"","background-image":"","background-repeat":"repeat","background-position":"center center","background-size":"auto","background-attachment":"scroll","background-type":"","background-media":"","overlay-type":"","overlay-color":"","overlay-opacity":"","overlay-gradient":""}},"ast-content-background-meta":{"desktop":{"background-color":"var(--ast-global-color-5)","background-image":"","background-repeat":"repeat","background-position":"center center","background-size":"auto","background-attachment":"scroll","background-type":"","background-media":"","overlay-type":"","overlay-color":"","overlay-opacity":"","overlay-gradient":""},"tablet":{"background-color":"var(--ast-global-color-5)","background-image":"","background-repeat":"repeat","background-position":"center center","background-size":"auto","background-attachment":"scroll","background-type":"","background-media":"","overlay-type":"","overlay-color":"","overlay-opacity":"","overlay-gradient":""},"mobile":{"background-color":"var(--ast-global-color-5)","background-image":"","background-repeat":"repeat","background-position":"center center","background-size":"auto","background-attachment":"scroll","background-type":"","background-media":"","overlay-type":"","overlay-color":"","overlay-opacity":"","overlay-gradient":""}},"footnotes":""},"categories":[8],"tags":[7279],"class_list":["post-53528","post","type-post","status-publish","format-standard","has-post-thumbnail","hentry","category-noticias","tag-contigoyconrumbo"],"_links":{"self":[{"href":"https:\/\/losperiodistas.com.mx\/portal\/wp-json\/wp\/v2\/posts\/53528","targetHints":{"allow":["GET"]}}],"collection":[{"href":"https:\/\/losperiodistas.com.mx\/portal\/wp-json\/wp\/v2\/posts"}],"about":[{"href":"https:\/\/losperiodistas.com.mx\/portal\/wp-json\/wp\/v2\/types\/post"}],"author":[{"embeddable":true,"href":"https:\/\/losperiodistas.com.mx\/portal\/wp-json\/wp\/v2\/users\/1"}],"replies":[{"embeddable":true,"href":"https:\/\/losperiodistas.com.mx\/portal\/wp-json\/wp\/v2\/comments?post=53528"}],"version-history":[{"count":1,"href":"https:\/\/losperiodistas.com.mx\/portal\/wp-json\/wp\/v2\/posts\/53528\/revisions"}],"predecessor-version":[{"id":53533,"href":"https:\/\/losperiodistas.com.mx\/portal\/wp-json\/wp\/v2\/posts\/53528\/revisions\/53533"}],"wp:featuredmedia":[{"embeddable":true,"href":"https:\/\/losperiodistas.com.mx\/portal\/wp-json\/wp\/v2\/media\/53532"}],"wp:attachment":[{"href":"https:\/\/losperiodistas.com.mx\/portal\/wp-json\/wp\/v2\/media?parent=53528"}],"wp:term":[{"taxonomy":"category","embeddable":true,"href":"https:\/\/losperiodistas.com.mx\/portal\/wp-json\/wp\/v2\/categories?post=53528"},{"taxonomy":"post_tag","embeddable":true,"href":"https:\/\/losperiodistas.com.mx\/portal\/wp-json\/wp\/v2\/tags?post=53528"}],"curies":[{"name":"wp","href":"https:\/\/api.w.org\/{rel}","templated":true}]}}