{"id":53525,"date":"2023-06-22T07:15:42","date_gmt":"2023-06-22T12:15:42","guid":{"rendered":"http:\/\/losperiodistas.com.mx\/portal\/?p=53525"},"modified":"2023-06-22T07:15:43","modified_gmt":"2023-06-22T12:15:43","slug":"por-oportunista-y-perdedor-jose-chedraui-no-tiene-cabida-en-morena-carvajal-y-herrera-ljo","status":"publish","type":"post","link":"https:\/\/losperiodistas.com.mx\/portal\/por-oportunista-y-perdedor-jose-chedraui-no-tiene-cabida-en-morena-carvajal-y-herrera-ljo\/","title":{"rendered":"Por \u201coportunista\u201d y \u201cperdedor\u201d, Jos\u00e9 Chedraui no tiene cabida en Morena: Carvajal y Herrera | LJO"},"content":{"rendered":"\n<figure class=\"wp-block-embed is-type-video is-provider-youtube wp-block-embed-youtube wp-embed-aspect-16-9 wp-has-aspect-ratio\"><div class=\"wp-block-embed__wrapper\">\n<iframe title=\"Liderazgos de Morena acusan oportunismo de Jos\u00e9 Chedraui y piden al partido cerrarle la puerta\" width=\"500\" height=\"281\" src=\"https:\/\/www.youtube.com\/embed\/v83Bc0C1GaM?feature=oembed\" frameborder=\"0\" allow=\"accelerometer; autoplay; clipboard-write; encrypted-media; gyroscope; picture-in-picture; web-share\" referrerpolicy=\"strict-origin-when-cross-origin\" allowfullscreen><\/iframe>\n<\/div><\/figure>\n\n\n\n<p><\/p>\n\n\n\n<p class=\"has-vivid-red-color has-text-color has-medium-font-size\"><strong>M\u00d3NICA CAMACHO \/ LA JORNADA DE ORIENTE<\/strong><\/p>\n\n\n\n<p>Los aspirantes de Morena a la presidencia municipal de Puebla Alejandro Carvajal Hidalgo e Iv\u00e1n Herrera Villag\u00f3mez solicitaron al partido Morena cerrar el paso al empresario Jos\u00e9 Chedraui Bubid como aspirante a la alcald\u00eda de la capital, al recordar que en el PRI luch\u00f3 contra el movimiento que encabeza el actual presidente del pa\u00eds, Andr\u00e9s Manuel L\u00f3pez Obrador.<\/p>\n\n\n\n<p>El diputado federal&nbsp;<a href=\"https:\/\/twitter.com\/acarvajalh\" target=\"_blank\" rel=\"noreferrer noopener\">Alejandro Carvajal<\/a>&nbsp;adem\u00e1s lo consider\u00f3 un perfil \u201cperdedor\u201d, debido a que no logr\u00f3 aterrizar en el tricolor su proyecto de gobernar la ciudad m\u00e1s importante de la entidad federativa.<\/p>\n\n\n\n<p class=\"has-cyan-bluish-gray-background-color has-background\"><strong>Tal vez te interese:<\/strong><a href=\"https:\/\/www.lajornadadeoriente.com.mx\/puebla\/una-falta-de-respeto-ingreso-de-jose-chedraui-a-morena\/\" target=\"_blank\" rel=\"noreferrer noopener\">Una falta de respeto contra la militancia el posible ingreso de Jos\u00e9 Chedraui a Morena: Rodr\u00edguez<\/a><\/p>\n\n\n\n<blockquote class=\"wp-block-quote is-layout-flow wp-block-quote-is-layout-flow\"><p>\u201cEl tres veces perdedor en las contiendas internas del PRI pretende que Morena le d\u00e9 cabida siendo que apoy\u00f3 a Enrique Pe\u00f1a Nieto y a Mario Mar\u00edn Torres, quiere refugiarse en Morena bajo el escudo de candidatura ciudadana\u201d, reprob\u00f3.<\/p><\/blockquote>\n\n\n\n<h1 class=\"wp-block-heading\">Un error, abrirle las puertas a Jos\u00e9 Chedraui: Iv\u00e1n Herrera<\/h1>\n\n\n\n<p>Iv\u00e1n Herrera consider\u00f3 un error la decisi\u00f3n de la presidente estatal de Regeneraci\u00f3n Nacional, Olga Luc\u00eda Romero Garci-Crespo, de dejar abierta la posibilidad de incorporar a Jos\u00e9 Chedraui al instituto pol\u00edtico, por lo que le pidi\u00f3 corregir.<\/p>\n\n\n\n<p>\u201cEn qu\u00e9 ha abonado al movimiento, en qu\u00e9 ha abonado a la Cuarta Transformaci\u00f3n (4T)\u201d, cuestion\u00f3 el integrante del grupo parlamentario de Morena en el Congreso de Puebla y exregidor del ayuntamiento de la capital.<\/p>\n\n\n\n<p>Se\u00f1al\u00f3 que las puertas del partido lopezobradorista tienen que abrirse a pol\u00edticos que deseen trabajar y construir a favor de la 4T y no para aspirantes que se mueven por \u201coportunismo pol\u00edtico\u201d, postura con la que coincidi\u00f3 Alejandro Carvajal.<\/p>\n\n\n\n<p>\u201cSe tienen que revisar los perfiles de manera profunda, para que no se repita la historia de personajes como Lilly T\u00e9llez que, de manera oportunista, entraron al movimiento sin tener fuerza electoral y al final nos restaron (con la decisi\u00f3n de irse a otros partidos). \u201cA Pepe tal vez la gente lo conozca, pero no tiene fuerza ni base social\u201d, anot\u00f3 Carvajal.<\/p>\n\n\n\n<p class=\"has-cyan-bluish-gray-background-color has-background\"><strong>Puedes ver:<\/strong>&nbsp;<a href=\"https:\/\/www.lajornadadeoriente.com.mx\/puebla\/no-descarta-morena-la-adhesion-de-jose-chedraui\/\" target=\"_blank\" rel=\"noreferrer noopener\">No descarta la dirigencia estatal de Morena la adhesi\u00f3n del priista Jos\u00e9 Chedraui<\/a><\/p>\n\n\n\n<h2 class=\"wp-block-heading\">Morena corre el riesgo de desdibujarse, alerta<\/h2>\n\n\n\n<p>Iv\u00e1n Herrera advirti\u00f3 a la dirigencia estatal Morena corre el riesgo de \u201cdesdibujarse\u201d, en caso de que persista en su intenci\u00f3n de abrir la puerta a todo el que pretende usufructuar la imagen de L\u00f3pez Obrador, para hacer realidad sus aspiraciones personales en la elecci\u00f3n de 2024.<\/p>\n\n\n\n<p>\u201cPerder\u00eda (Regeneraci\u00f3n Nacional) todo el sentido, lo que se ha ido construyendo con mucho esfuerzo, con mucha dedicaci\u00f3n. Muchas personas dejaron su vida para que se diera este gran movimiento que encabeza el presidente\u201d, a\u00f1adi\u00f3.<\/p>\n\n\n\n<p>En esa l\u00f3gica, invit\u00f3 a todos los integrantes de Morena que aspiran a un cargo de elecci\u00f3n popular a unirse, con el prop\u00f3sito de hacer ver a la dirigencia estatal de Olga Luc\u00eda Romero y nacional de Mario Delgado Carrillo que el instituto pol\u00edtico cuenta con militantes competitivos, para que antes \u201cde que miremos hacia afuera, miremos hacia dentro\u201d.<\/p>\n\n\n\n<p>Fuente: <a href=\"https:\/\/www.lajornadadeoriente.com.mx\/puebla\/jose-chedraui-no-tiene-cabida-en-morena\/\">https:\/\/www.lajornadadeoriente.com.mx\/puebla\/jose-chedraui-no-tiene-cabida-en-morena\/<\/a><\/p>\n","protected":false},"excerpt":{"rendered":"<p>M\u00d3NICA CAMACHO \/ LA JORNADA DE ORIENTE Los aspirantes de Morena a la presidencia municipal de Puebla Alejandro Carvajal Hidalgo [&hellip;]<\/p>\n","protected":false},"author":1,"featured_media":53526,"comment_status":"open","ping_status":"open","sticky":false,"template":"","format":"standard","meta":{"site-sidebar-layout":"default","site-content-layout":"","ast-site-content-layout":"default","site-content-style":"default","site-sidebar-style":"default","ast-global-header-display":"","ast-banner-title-visibility":"","ast-main-header-display":"","ast-hfb-above-header-display":"","ast-hfb-below-header-display":"","ast-hfb-mobile-header-display":"","site-post-title":"","ast-breadcrumbs-content":"","ast-featured-img":"","footer-sml-layout":"","theme-transparent-header-meta":"","adv-header-id-meta":"","stick-header-meta":"","header-above-stick-meta":"","header-main-stick-meta":"","header-below-stick-meta":"","astra-migrate-meta-layouts":"default","ast-page-background-enabled":"default","ast-page-background-meta":{"desktop":{"background-color":"var(--ast-global-color-4)","background-image":"","background-repeat":"repeat","background-position":"center center","background-size":"auto","background-attachment":"scroll","background-type":"","background-media":"","overlay-type":"","overlay-color":"","overlay-opacity":"","overlay-gradient":""},"tablet":{"background-color":"","background-image":"","background-repeat":"repeat","background-position":"center center","background-size":"auto","background-attachment":"scroll","background-type":"","background-media":"","overlay-type":"","overlay-color":"","overlay-opacity":"","overlay-gradient":""},"mobile":{"background-color":"","background-image":"","background-repeat":"repeat","background-position":"center center","background-size":"auto","background-attachment":"scroll","background-type":"","background-media":"","overlay-type":"","overlay-color":"","overlay-opacity":"","overlay-gradient":""}},"ast-content-background-meta":{"desktop":{"background-color":"var(--ast-global-color-5)","background-image":"","background-repeat":"repeat","background-position":"center center","background-size":"auto","background-attachment":"scroll","background-type":"","background-media":"","overlay-type":"","overlay-color":"","overlay-opacity":"","overlay-gradient":""},"tablet":{"background-color":"var(--ast-global-color-5)","background-image":"","background-repeat":"repeat","background-position":"center center","background-size":"auto","background-attachment":"scroll","background-type":"","background-media":"","overlay-type":"","overlay-color":"","overlay-opacity":"","overlay-gradient":""},"mobile":{"background-color":"var(--ast-global-color-5)","background-image":"","background-repeat":"repeat","background-position":"center center","background-size":"auto","background-attachment":"scroll","background-type":"","background-media":"","overlay-type":"","overlay-color":"","overlay-opacity":"","overlay-gradient":""}},"footnotes":""},"categories":[8],"tags":[15648,17076,17074,725,17075,14193],"class_list":["post-53525","post","type-post","status-publish","format-standard","has-post-thumbnail","hentry","category-noticias","tag-alejandro-carvajal-hidalgo","tag-ivan-herrera","tag-leobardo-rodriguez-juarez","tag-morena-puebla","tag-olga-lucia-romero-garci-crespo-3","tag-pepe-chedraui"],"_links":{"self":[{"href":"https:\/\/losperiodistas.com.mx\/portal\/wp-json\/wp\/v2\/posts\/53525","targetHints":{"allow":["GET"]}}],"collection":[{"href":"https:\/\/losperiodistas.com.mx\/portal\/wp-json\/wp\/v2\/posts"}],"about":[{"href":"https:\/\/losperiodistas.com.mx\/portal\/wp-json\/wp\/v2\/types\/post"}],"author":[{"embeddable":true,"href":"https:\/\/losperiodistas.com.mx\/portal\/wp-json\/wp\/v2\/users\/1"}],"replies":[{"embeddable":true,"href":"https:\/\/losperiodistas.com.mx\/portal\/wp-json\/wp\/v2\/comments?post=53525"}],"version-history":[{"count":1,"href":"https:\/\/losperiodistas.com.mx\/portal\/wp-json\/wp\/v2\/posts\/53525\/revisions"}],"predecessor-version":[{"id":53527,"href":"https:\/\/losperiodistas.com.mx\/portal\/wp-json\/wp\/v2\/posts\/53525\/revisions\/53527"}],"wp:featuredmedia":[{"embeddable":true,"href":"https:\/\/losperiodistas.com.mx\/portal\/wp-json\/wp\/v2\/media\/53526"}],"wp:attachment":[{"href":"https:\/\/losperiodistas.com.mx\/portal\/wp-json\/wp\/v2\/media?parent=53525"}],"wp:term":[{"taxonomy":"category","embeddable":true,"href":"https:\/\/losperiodistas.com.mx\/portal\/wp-json\/wp\/v2\/categories?post=53525"},{"taxonomy":"post_tag","embeddable":true,"href":"https:\/\/losperiodistas.com.mx\/portal\/wp-json\/wp\/v2\/tags?post=53525"}],"curies":[{"name":"wp","href":"https:\/\/api.w.org\/{rel}","templated":true}]}}