{"id":53522,"date":"2023-06-22T07:04:21","date_gmt":"2023-06-22T12:04:21","guid":{"rendered":"http:\/\/losperiodistas.com.mx\/portal\/?p=53522"},"modified":"2023-06-22T07:04:23","modified_gmt":"2023-06-22T12:04:23","slug":"presenta-armenta-un-diagnostico-de-puebla","status":"publish","type":"post","link":"https:\/\/losperiodistas.com.mx\/portal\/presenta-armenta-un-diagnostico-de-puebla\/","title":{"rendered":"Presenta Armenta un Diagn\u00f3stico de Puebla &nbsp;"},"content":{"rendered":"\n<p class=\"has-medium-font-size\">*Tiene propuestas para construir un mejor futuro<\/p>\n\n\n\n<figure class=\"wp-block-image size-large is-style-default\"><img fetchpriority=\"high\" decoding=\"async\" width=\"1024\" height=\"621\" src=\"https:\/\/losperiodistas.com.mx\/portal\/wp-content\/uploads\/2023\/06\/ALEJANDRO-ARMENTA-1024x621.jpeg\" alt=\"\" class=\"wp-image-53523\" srcset=\"https:\/\/losperiodistas.com.mx\/portal\/wp-content\/uploads\/2023\/06\/ALEJANDRO-ARMENTA-1024x621.jpeg 1024w, https:\/\/losperiodistas.com.mx\/portal\/wp-content\/uploads\/2023\/06\/ALEJANDRO-ARMENTA-300x182.jpeg 300w, https:\/\/losperiodistas.com.mx\/portal\/wp-content\/uploads\/2023\/06\/ALEJANDRO-ARMENTA-768x466.jpeg 768w, https:\/\/losperiodistas.com.mx\/portal\/wp-content\/uploads\/2023\/06\/ALEJANDRO-ARMENTA.jpeg 1280w\" sizes=\"(max-width: 1024px) 100vw, 1024px\" \/><\/figure>\n\n\n\n<p class=\"has-vivid-red-color has-text-color\" style=\"font-size:26px\"><strong><em>Por Ra\u00fal Torres Salmer\u00f3n<\/em><\/strong><\/p>\n\n\n\n<p>En su m\u00e1s reciente libro de nombre Por Amor a Puebla, el Senador de la Rep\u00fablica y Presidente de la Mesa Directiva del Senador, el poblano Alejandro Armenta hace hincapi\u00e9 en que en la pol\u00edtica se premia la lealtad, pero quienes tienen una responsabilidad p\u00fablica tambi\u00e9n tienen que ser eficaces en el desempe\u00f1o de sus funciones.<\/p>\n\n\n\n<p>Armenta asevera que el amor a la patria nos une como pa\u00eds y nos identifica como naci\u00f3n, pues nos permite trascender en los procesos de transformaci\u00f3n, como el que encabeza el Presidente de la Rep\u00fablica, Andr\u00e9s Manuel L\u00f3pez Obrador.<\/p>\n\n\n\n<p>En la presentaci\u00f3n en el Senado en la Ciudad de M\u00e9xico, expres\u00f3 que su libro permite entender el estatus demogr\u00e1fico, las circunstancias econ\u00f3micas y el sentimiento social de los poblanos.<\/p>\n\n\n\n<p>La obra muestra los sentimientos de la ciudadan\u00eda de Puebla, que ha recogido por m\u00e1s de 34 a\u00f1os por la entidad, los cuales son un llamado al grito de esperanza para vivir con dignidad.<\/p>\n\n\n\n<p>El Presidente del Instituto Nacional de Administraci\u00f3n P\u00fablica, Luis Miguel Mart\u00ednez Anzures, presente en la ceremonia plante\u00f3 que el libro tiene la b\u00fasqueda de justicia social y bienestar de las personas, se inspira en aportar elementos \u00fatiles para lograr una transformaci\u00f3n efectiva en Puebla y en beneficio de sus ciudadanos.<\/p>\n\n\n\n<p>Tambi\u00e9n sostuvo que el autor alude a la necesidad de atender los retos del bienestar desde una perspectiva integral en sinton\u00eda con una visi\u00f3n internacional del desarrollo urbano.<\/p>\n\n\n\n<p>Este diagn\u00f3stico de Puebla en la actualidad abarca 10 temas fundamentales y sus soluciones.<\/p>\n\n\n\n<p>Inicia con Econom\u00eda y Productividad, sigue con Distribuci\u00f3n de la Riqueza, repasa el Empleo y Derechos Laborales, contin\u00faa con Derechos Humanos y Justicia, aborda la Seguridad P\u00fablica, analiza Educaci\u00f3n y Capacitaci\u00f3n, plantea el Medio Ambiente y Ecolog\u00eda, retoma la Ciencia y Tecnolog\u00eda y finaliza con Cultura y Patrimonio.&nbsp;&nbsp;<\/p>\n\n\n\n<p>Es una especie de tesis de nivel Doctorado donde expone los 10 temas, los analiza y propone soluciones para Puebla.<\/p>\n\n\n\n<p>LA SEGURIDAD P\u00daBLICA<\/p>\n\n\n\n<p>Uno de los m\u00e1s importantes rubros que ocupa y preocupa a los poblanos, es Seguridad P\u00fablica, un tema complejo que involucra gran cantidad de actores, factores y elementos en relaciones m\u00faltiples y cambiantes donde entran en juego sectores y eventos que competen a otras esferas de gobierno como el desarrollo social.<\/p>\n\n\n\n<p>Armenta propone revisar la evoluci\u00f3n de dos principales \u00edndices de seguridad que ha tenido Puebla en los \u00faltimos 10 a\u00f1os, del fuero federal y com\u00fan, as\u00ed como la cifra negra que es el c\u00e1lculo de delitos no documentados.<\/p>\n\n\n\n<p>Ello permitir\u00e1 saber en principio las prioridades del Gobierno. Armenta analiza las Fortalezas y Debilidades, aborda despu\u00e9s los Retos y Desaf\u00edos para dar paso a las Propuestas y Soluciones, que en el caso de la Puebla actual son:<\/p>\n\n\n\n<p>1. Incremento presupuestal a tareas de seguridad. 2. Fortalecimiento de las capacidades de prevenci\u00f3n e investigaci\u00f3n. 3. Actualizar infraestructura y equipamiento. 4. Optimizar los sistemas de an\u00e1lisis en inteligencia criminal. 5. Impulso y estandarizaci\u00f3n del certificado \u00fanico policial.<\/p>\n\n\n\n<p>6. Identificaci\u00f3n e incorporaci\u00f3n de mejores pr\u00e1cticas policiales. 7. Mejorar la coordinaci\u00f3n de los cuerpos de seguridad en los tres \u00f3rdenes de Gobierno. 8. Inversi\u00f3n en infraestructura para la prevenci\u00f3n de la delincuencia situacional. 9. Activaci\u00f3n de los centros de mediaci\u00f3n municipales. 10. Fortalecimiento de la participaci\u00f3n de los consejos ciudadanos de Seguridad Publica.<\/p>\n\n\n\n<p>De forma adicional, concluye Alejandro Armenta en este rubro, a las propuestas generales se pueden sumar ideas concretas para mejorar al mismo tiempo los \u00edndices de seguridad del estado y la imagen de los cuerpos de seguridad entre los poblanos.<\/p>\n\n\n\n<p>B\u00e1sicamente ser\u00edan Vinculaci\u00f3n Social, Profesionalizaci\u00f3n, Contralor\u00eda Social. M\u00edstica Profesional y Reconciliaci\u00f3n.<\/p>\n\n\n\n<p>El libro ser\u00e1 presentado este jueves a las 5 de la tarde en el hotel Quinta Real del Centro Hist\u00f3rico de Puebla Capital, donde adem\u00e1s del Senador de la Rep\u00fablica Alejandro Armenta, har\u00e1 los comentarios respectivos el Doctor C\u00e9sar Cansino del Sistema nacional de Investigadores.<\/p>\n\n\n\n<p>En fin, como escribi\u00f3 Sergio Caballero en su poema Tengo Miedo del Futuro:<\/p>\n\n\n\n<p>Estoy asustado de la oscuridad<\/p>\n\n\n\n<p>tengo miedo a la luz<\/p>\n\n\n\n<p>tengo miedo del futuro<\/p>\n\n\n\n<p>tengo miedo del presente<\/p>\n\n\n\n<p>tengo miedo de estar solo<\/p>\n\n\n\n<p>tengo miedo de estar con los dem\u00e1s.<\/p>\n\n\n\n<p>Tengo miedo de mis propios pensamientos<\/p>\n\n\n\n<p>tengo miedo de tus pensamientos<\/p>\n\n\n\n<p>tengo miedo del mundo<\/p>\n\n\n\n<p>tengo miedo de m\u00ed mismo.<\/p>\n\n\n\n<p>raultorress@hotmail.com<\/p>\n","protected":false},"excerpt":{"rendered":"<p>*Tiene propuestas para construir un mejor futuro Por Ra\u00fal Torres Salmer\u00f3n En su m\u00e1s reciente libro de nombre Por Amor [&hellip;]<\/p>\n","protected":false},"author":1,"featured_media":53523,"comment_status":"open","ping_status":"open","sticky":false,"template":"","format":"standard","meta":{"site-sidebar-layout":"default","site-content-layout":"","ast-site-content-layout":"default","site-content-style":"default","site-sidebar-style":"default","ast-global-header-display":"","ast-banner-title-visibility":"","ast-main-header-display":"","ast-hfb-above-header-display":"","ast-hfb-below-header-display":"","ast-hfb-mobile-header-display":"","site-post-title":"","ast-breadcrumbs-content":"","ast-featured-img":"","footer-sml-layout":"","theme-transparent-header-meta":"","adv-header-id-meta":"","stick-header-meta":"","header-above-stick-meta":"","header-main-stick-meta":"","header-below-stick-meta":"","astra-migrate-meta-layouts":"default","ast-page-background-enabled":"default","ast-page-background-meta":{"desktop":{"background-color":"var(--ast-global-color-4)","background-image":"","background-repeat":"repeat","background-position":"center center","background-size":"auto","background-attachment":"scroll","background-type":"","background-media":"","overlay-type":"","overlay-color":"","overlay-opacity":"","overlay-gradient":""},"tablet":{"background-color":"","background-image":"","background-repeat":"repeat","background-position":"center center","background-size":"auto","background-attachment":"scroll","background-type":"","background-media":"","overlay-type":"","overlay-color":"","overlay-opacity":"","overlay-gradient":""},"mobile":{"background-color":"","background-image":"","background-repeat":"repeat","background-position":"center center","background-size":"auto","background-attachment":"scroll","background-type":"","background-media":"","overlay-type":"","overlay-color":"","overlay-opacity":"","overlay-gradient":""}},"ast-content-background-meta":{"desktop":{"background-color":"var(--ast-global-color-5)","background-image":"","background-repeat":"repeat","background-position":"center center","background-size":"auto","background-attachment":"scroll","background-type":"","background-media":"","overlay-type":"","overlay-color":"","overlay-opacity":"","overlay-gradient":""},"tablet":{"background-color":"var(--ast-global-color-5)","background-image":"","background-repeat":"repeat","background-position":"center center","background-size":"auto","background-attachment":"scroll","background-type":"","background-media":"","overlay-type":"","overlay-color":"","overlay-opacity":"","overlay-gradient":""},"mobile":{"background-color":"var(--ast-global-color-5)","background-image":"","background-repeat":"repeat","background-position":"center center","background-size":"auto","background-attachment":"scroll","background-type":"","background-media":"","overlay-type":"","overlay-color":"","overlay-opacity":"","overlay-gradient":""}},"footnotes":""},"categories":[8,19],"tags":[3642,13190],"class_list":["post-53522","post","type-post","status-publish","format-standard","has-post-thumbnail","hentry","category-noticias","category-sin-limites-2","tag-alejandro-armenta","tag-por-amor-a-puebla"],"_links":{"self":[{"href":"https:\/\/losperiodistas.com.mx\/portal\/wp-json\/wp\/v2\/posts\/53522","targetHints":{"allow":["GET"]}}],"collection":[{"href":"https:\/\/losperiodistas.com.mx\/portal\/wp-json\/wp\/v2\/posts"}],"about":[{"href":"https:\/\/losperiodistas.com.mx\/portal\/wp-json\/wp\/v2\/types\/post"}],"author":[{"embeddable":true,"href":"https:\/\/losperiodistas.com.mx\/portal\/wp-json\/wp\/v2\/users\/1"}],"replies":[{"embeddable":true,"href":"https:\/\/losperiodistas.com.mx\/portal\/wp-json\/wp\/v2\/comments?post=53522"}],"version-history":[{"count":1,"href":"https:\/\/losperiodistas.com.mx\/portal\/wp-json\/wp\/v2\/posts\/53522\/revisions"}],"predecessor-version":[{"id":53524,"href":"https:\/\/losperiodistas.com.mx\/portal\/wp-json\/wp\/v2\/posts\/53522\/revisions\/53524"}],"wp:featuredmedia":[{"embeddable":true,"href":"https:\/\/losperiodistas.com.mx\/portal\/wp-json\/wp\/v2\/media\/53523"}],"wp:attachment":[{"href":"https:\/\/losperiodistas.com.mx\/portal\/wp-json\/wp\/v2\/media?parent=53522"}],"wp:term":[{"taxonomy":"category","embeddable":true,"href":"https:\/\/losperiodistas.com.mx\/portal\/wp-json\/wp\/v2\/categories?post=53522"},{"taxonomy":"post_tag","embeddable":true,"href":"https:\/\/losperiodistas.com.mx\/portal\/wp-json\/wp\/v2\/tags?post=53522"}],"curies":[{"name":"wp","href":"https:\/\/api.w.org\/{rel}","templated":true}]}}