{"id":53519,"date":"2023-06-22T06:56:49","date_gmt":"2023-06-22T11:56:49","guid":{"rendered":"http:\/\/losperiodistas.com.mx\/portal\/?p=53519"},"modified":"2023-06-22T06:56:50","modified_gmt":"2023-06-22T11:56:50","slug":"ardelio-vargas-nuevo-subsecretario-de-desarrollo-politico-en-segob-puebla-e-consulta","status":"publish","type":"post","link":"https:\/\/losperiodistas.com.mx\/portal\/ardelio-vargas-nuevo-subsecretario-de-desarrollo-politico-en-segob-puebla-e-consulta\/","title":{"rendered":"Ardelio Vargas, nuevo subsecretario de Desarrollo Pol\u00edtico en Segob Puebla | E-Consulta"},"content":{"rendered":"\n<p class=\"has-background has-medium-font-size\" style=\"background-color:#e22ef4\"><strong>Vargas Fosado ha sido cuestionado por su labor al frente del INM y los se\u00f1alamientos de maltratos a migrantes, as\u00ed como su desempe\u00f1o durante el morenovallismo<\/strong><\/p>\n\n\n\n<p><\/p>\n\n\n\n<div class=\"wp-block-image is-style-default\"><figure class=\"aligncenter size-full\"><img fetchpriority=\"high\" decoding=\"async\" width=\"640\" height=\"425\" src=\"https:\/\/losperiodistas.com.mx\/portal\/wp-content\/uploads\/2023\/06\/ardelio_vargas_nuevo_subsecretario_de_desarrollo_politico_en_segob_puebla.jpg\" alt=\"\" class=\"wp-image-53520\" srcset=\"https:\/\/losperiodistas.com.mx\/portal\/wp-content\/uploads\/2023\/06\/ardelio_vargas_nuevo_subsecretario_de_desarrollo_politico_en_segob_puebla.jpg 640w, https:\/\/losperiodistas.com.mx\/portal\/wp-content\/uploads\/2023\/06\/ardelio_vargas_nuevo_subsecretario_de_desarrollo_politico_en_segob_puebla-300x199.jpg 300w\" sizes=\"(max-width: 640px) 100vw, 640px\" \/><figcaption><em>Foto \/ Agencia Enfoque<\/em><\/figcaption><\/figure><\/div>\n\n\n\n<p class=\"has-vivid-red-color has-text-color has-medium-font-size\"><strong>RENATA V\u00c1ZQUEZ \/ E-CONSULTA<\/strong><\/p>\n\n\n\n<p>La noche de este mi\u00e9rcoles 21 de junio, el gobernador del estado de Puebla,&nbsp;<a href=\"https:\/\/www.e-consulta.com\/nota\/2023-06-19\/gobierno\/gobernador-cespedes-y-zoe-robledo-dialogan-sobre-temas-imss-bienestar\" target=\"_blank\" rel=\"noreferrer noopener\">Sergio Salom\u00f3n C\u00e9spedes Peregrina<\/a>, design\u00f3 a&nbsp;<strong>Ardelio Vargas Fosado<\/strong>&nbsp;como nuevo subsecretario de Desarrollo Pol\u00edtico de la Secretar\u00eda de Gobernaci\u00f3n del Estado, en sustituci\u00f3n de&nbsp;<strong>V\u00edctor Correau Galeazzi<\/strong>.<\/p>\n\n\n\n<p><a href=\"https:\/\/www.e-consulta.com\/nota\/2023-06-06\/ciudad\/campesinos-pantepec-acusan-ardelio-vargas-por-despojo-de-100-hectareas\" target=\"_blank\" rel=\"noreferrer noopener\">Ardelio Vargas<\/a>&nbsp;fue secretario de Seguridad en el gobierno de Rafael Moreno Valle y titular del Instituto Nacional de Migraci\u00f3n (INM) en el sexenio de Enrique Pe\u00f1a Nieto. El tambi\u00e9n exdiputado se desempe\u00f1\u00f3 como asesor en&nbsp;<strong>asuntos de seguridad y gobernanza<\/strong>&nbsp;durante la gesti\u00f3n del difunto exgobernador Luis Miguel Barbosa Huerta, pero&nbsp;<strong>dej\u00f3 el cargo por supuestos \u201cmotivos personales\u201d<\/strong>.<\/p>\n\n\n\n<p class=\"has-cyan-bluish-gray-background-color has-background\"><strong>Te recomendamos:&nbsp;<\/strong><a href=\"https:\/\/www.e-consulta.com\/nota\/2023-06-20\/gobierno\/gobernador-cespedes-y-cuitlahuac-garcia-se-reunen-en-puebla\" target=\"_blank\" rel=\"noreferrer noopener\"><strong>Gobernador C\u00e9spedes y Cuitl\u00e1huac Garc\u00eda se re\u00fanen en Puebla<\/strong><\/a><\/p>\n\n\n\n<p>Vargas Fosado ha sido cuestionado por su labor al frente del INM y los se\u00f1alamientos de maltratos a migrantes, as\u00ed como su trabajo durante el morenovallismo<\/p>\n\n\n\n<p>En 2006 fung\u00eda como jefe del Estado Mayor de la Polic\u00eda Federal Preventiva cuando se mont\u00f3 un\u00a0<strong>operativo policiaco en Texcoco y San Salvador Atenco<\/strong>, localidades del Estado de M\u00e9xico, contra campesinos del llamado Frente de Pueblos en Defensa de la Tierra (FPDT), que deriv\u00f3 en un enfrentamiento dej\u00f3 un saldo de dos muertos, 207 detenidos y\u00a0<strong>26 presuntas violaciones sexuales a mujeres.<\/strong><\/p>\n\n\n\n<p>Asimismo, en la administraci\u00f3n de&nbsp;<strong>Rafael Moreno Valle<\/strong>, Ardelio Vargas fungi\u00f3 como secretario de Seguridad P\u00fablica (SSP); durante este periodo muchos elementos de la Polic\u00eda Estatal Preventiva (PEP)&nbsp;<strong>fueron despedidos<\/strong><strong>&nbsp;de manera arbitraria<\/strong><strong>.<\/strong><\/p>\n\n\n\n<p>Respecto a&nbsp;<strong>V\u00edctor Correau<\/strong>, lleg\u00f3 a la subsecretar\u00eda de Desarrollo Pol\u00edtico en enero de 2022, luego de ser director del organismo p\u00fablico descentralizado denominado&nbsp;<strong>\u201cCiudad Modelo\u201d<\/strong>, donde dej\u00f3 inc\u00f3gnitas sobre las inversiones en dicha zona, toda vez que se hab\u00edan anunciado varios proyectos.<\/p>\n\n\n\n<p>En la subsecretar\u00eda de Desarrollo Pol\u00edtico fue aceptado por\u00a0<strong>Ana Lucia Hill<\/strong>, titular de la Secretar\u00eda de Gobernaci\u00f3n y desde ah\u00ed intent\u00f3 quitarle el puesto, lo cual no consigui\u00f3. Sin embargo, ahora\u00a0<strong>Ardelio Vargas es nuevo subsecretario de Desarrollo Pol\u00edtico en Segob Puebla.<\/strong><\/p>\n\n\n\n<p>Fuente: <a href=\"https:\/\/www.e-consulta.com\/nota\/2023-06-22\/gobierno\/ardelio-vargas-nuevo-subsecretario-de-desarrollo-politico-en-segob-puebla\">https:\/\/www.e-consulta.com\/nota\/2023-06-22\/gobierno\/ardelio-vargas-nuevo-subsecretario-de-desarrollo-politico-en-segob-puebla<\/a><\/p>\n","protected":false},"excerpt":{"rendered":"<p>Vargas Fosado ha sido cuestionado por su labor al frente del INM y los se\u00f1alamientos de maltratos a migrantes, as\u00ed [&hellip;]<\/p>\n","protected":false},"author":1,"featured_media":53520,"comment_status":"open","ping_status":"open","sticky":false,"template":"","format":"standard","meta":{"site-sidebar-layout":"default","site-content-layout":"","ast-site-content-layout":"default","site-content-style":"default","site-sidebar-style":"default","ast-global-header-display":"","ast-banner-title-visibility":"","ast-main-header-display":"","ast-hfb-above-header-display":"","ast-hfb-below-header-display":"","ast-hfb-mobile-header-display":"","site-post-title":"","ast-breadcrumbs-content":"","ast-featured-img":"","footer-sml-layout":"","theme-transparent-header-meta":"","adv-header-id-meta":"","stick-header-meta":"","header-above-stick-meta":"","header-main-stick-meta":"","header-below-stick-meta":"","astra-migrate-meta-layouts":"default","ast-page-background-enabled":"default","ast-page-background-meta":{"desktop":{"background-color":"var(--ast-global-color-4)","background-image":"","background-repeat":"repeat","background-position":"center center","background-size":"auto","background-attachment":"scroll","background-type":"","background-media":"","overlay-type":"","overlay-color":"","overlay-opacity":"","overlay-gradient":""},"tablet":{"background-color":"","background-image":"","background-repeat":"repeat","background-position":"center center","background-size":"auto","background-attachment":"scroll","background-type":"","background-media":"","overlay-type":"","overlay-color":"","overlay-opacity":"","overlay-gradient":""},"mobile":{"background-color":"","background-image":"","background-repeat":"repeat","background-position":"center center","background-size":"auto","background-attachment":"scroll","background-type":"","background-media":"","overlay-type":"","overlay-color":"","overlay-opacity":"","overlay-gradient":""}},"ast-content-background-meta":{"desktop":{"background-color":"var(--ast-global-color-5)","background-image":"","background-repeat":"repeat","background-position":"center center","background-size":"auto","background-attachment":"scroll","background-type":"","background-media":"","overlay-type":"","overlay-color":"","overlay-opacity":"","overlay-gradient":""},"tablet":{"background-color":"var(--ast-global-color-5)","background-image":"","background-repeat":"repeat","background-position":"center center","background-size":"auto","background-attachment":"scroll","background-type":"","background-media":"","overlay-type":"","overlay-color":"","overlay-opacity":"","overlay-gradient":""},"mobile":{"background-color":"var(--ast-global-color-5)","background-image":"","background-repeat":"repeat","background-position":"center center","background-size":"auto","background-attachment":"scroll","background-type":"","background-media":"","overlay-type":"","overlay-color":"","overlay-opacity":"","overlay-gradient":""}},"footnotes":""},"categories":[8],"tags":[622,3392],"class_list":["post-53519","post","type-post","status-publish","format-standard","has-post-thumbnail","hentry","category-noticias","tag-ardelio-vargas-fosado","tag-gobierno-puebla"],"_links":{"self":[{"href":"https:\/\/losperiodistas.com.mx\/portal\/wp-json\/wp\/v2\/posts\/53519","targetHints":{"allow":["GET"]}}],"collection":[{"href":"https:\/\/losperiodistas.com.mx\/portal\/wp-json\/wp\/v2\/posts"}],"about":[{"href":"https:\/\/losperiodistas.com.mx\/portal\/wp-json\/wp\/v2\/types\/post"}],"author":[{"embeddable":true,"href":"https:\/\/losperiodistas.com.mx\/portal\/wp-json\/wp\/v2\/users\/1"}],"replies":[{"embeddable":true,"href":"https:\/\/losperiodistas.com.mx\/portal\/wp-json\/wp\/v2\/comments?post=53519"}],"version-history":[{"count":1,"href":"https:\/\/losperiodistas.com.mx\/portal\/wp-json\/wp\/v2\/posts\/53519\/revisions"}],"predecessor-version":[{"id":53521,"href":"https:\/\/losperiodistas.com.mx\/portal\/wp-json\/wp\/v2\/posts\/53519\/revisions\/53521"}],"wp:featuredmedia":[{"embeddable":true,"href":"https:\/\/losperiodistas.com.mx\/portal\/wp-json\/wp\/v2\/media\/53520"}],"wp:attachment":[{"href":"https:\/\/losperiodistas.com.mx\/portal\/wp-json\/wp\/v2\/media?parent=53519"}],"wp:term":[{"taxonomy":"category","embeddable":true,"href":"https:\/\/losperiodistas.com.mx\/portal\/wp-json\/wp\/v2\/categories?post=53519"},{"taxonomy":"post_tag","embeddable":true,"href":"https:\/\/losperiodistas.com.mx\/portal\/wp-json\/wp\/v2\/tags?post=53519"}],"curies":[{"name":"wp","href":"https:\/\/api.w.org\/{rel}","templated":true}]}}