{"id":53509,"date":"2023-06-21T10:09:57","date_gmt":"2023-06-21T15:09:57","guid":{"rendered":"http:\/\/losperiodistas.com.mx\/portal\/?p=53509"},"modified":"2023-06-21T10:09:59","modified_gmt":"2023-06-21T15:09:59","slug":"monologos-de-menade-mario-riestra-demostro-que-para-ser-hay-que-parecer","status":"publish","type":"post","link":"https:\/\/losperiodistas.com.mx\/portal\/monologos-de-menade-mario-riestra-demostro-que-para-ser-hay-que-parecer\/","title":{"rendered":"Mon\u00f3logos de M\u00e9nade | Mario Riestra demostr\u00f3 que para ser, hay que parecer"},"content":{"rendered":"\n<figure class=\"wp-block-image size-large is-style-default\"><img fetchpriority=\"high\" decoding=\"async\" width=\"1024\" height=\"576\" src=\"https:\/\/losperiodistas.com.mx\/portal\/wp-content\/uploads\/2023\/06\/Mario-Riestra-1024x576.jpg\" alt=\"\" class=\"wp-image-53510\" srcset=\"https:\/\/losperiodistas.com.mx\/portal\/wp-content\/uploads\/2023\/06\/Mario-Riestra-1024x576.jpg 1024w, https:\/\/losperiodistas.com.mx\/portal\/wp-content\/uploads\/2023\/06\/Mario-Riestra-300x169.jpg 300w, https:\/\/losperiodistas.com.mx\/portal\/wp-content\/uploads\/2023\/06\/Mario-Riestra-768x432.jpg 768w, https:\/\/losperiodistas.com.mx\/portal\/wp-content\/uploads\/2023\/06\/Mario-Riestra.jpg 1200w\" sizes=\"(max-width: 1024px) 100vw, 1024px\" \/><\/figure>\n\n\n\n<p><\/p>\n\n\n\n<p class=\"has-vivid-red-color has-text-color\" style=\"font-size:26px\"><strong><em>Por Itandehui Rodr\u00edguez Mart\u00ednez<\/em><\/strong><\/p>\n\n\n\n<p>@Itandehui_RoMa<\/p>\n\n\n\n<p>Cuanta raz\u00f3n guarda esa frase, para ser, hay que parecer y Mario Riestra parece candidato a la presidencia municipal de Puebla.<\/p>\n\n\n\n<p>Conocedor de los tiempos y de las formas, ha decidido ser cauto y respetar el calendario electoral. Es por eso que no hay una manifestaci\u00f3n abierta con relaci\u00f3n a sus aspiraciones, pero todas y todos tenemos claro cu\u00e1l es su pr\u00f3xima meta.<\/p>\n\n\n\n<p>El d\u00eda de ayer, durante su Segundo Informe Legislativo, fue arropado por unas mil personas\u2026 Nada m\u00e1s, entre las que se encontraban lo mismo, panistas que priistas, perredistas, emecistas. Adem\u00e1s se dieron cita una gran cantidad de l\u00edderes y representantes de la clase empresarial, como H\u00e9ctor S\u00e1nchez, Carlos Azomoza, Olga M\u00e9ndez entre muchos m\u00e1s.<\/p>\n\n\n\n<p>Tambi\u00e9n llegaron l\u00edderes de colonias, de asociaciones de comerciantes, ex jugadores de la Franja y, por supuesto, su familia.<\/p>\n\n\n\n<p>Entre los pol\u00edticos poblanos se pudo ver a Ana Tere Aranda, Blanca Alcal\u00e1, Carolina Beauregard, Genoveva Huerta, Silvia Tan\u00fas, Augusta D\u00edaz de Rivera y, por supuesto Jes\u00fas Zaldivar. Respondiero a la convocatoria Fernando Morales, Carlos Mart\u00ednez, Roxana Luna y Jorge Aguilar Chedraui quien, sin duda, dio la nota al reaparecer p\u00fablicamente en Puebla. Tambi\u00e9n Sergio Moreno Valle, Josefina Buxad\u00e9, entre varios m\u00e1s.<\/p>\n\n\n\n<p>Por supuesto que no pod\u00eda faltar Eduardo Rivera P\u00e9rez. El alcalde dej\u00f3 claro que har\u00e1 equipo con Mario Riestra en lo que venga y este, le refrend\u00f3 su compromiso de trabajar por Puebla y los poblanos.<\/p>\n\n\n\n<p>Adem\u00e1s, le acompa\u00f1aron, su coordinador de diputados Federales de Acci\u00f3n Nacional, Jorge Romero, el coordinador de la bancada del PAN en el Senado, Julen Rementer\u00eda, varios diputados federales, una representante de Marko Cort\u00e9s y Silvano Aureoles.<\/p>\n\n\n\n<p>Cuando me preguntan qu\u00e9 creo que debe tener una persona pol\u00edtica para aspirar a un cargo, siempre digo lo mismo, debe tener honestidad consigo misma y responderse, en soledad, tres preguntas al espejo:<\/p>\n\n\n\n<ol class=\"wp-block-list\" type=\"1\"><li>\u00bfTengo el capital pol\u00edtico?<\/li><li>\u00bfTengo el capital econ\u00f3mico o lo puedo reunir?<\/li><li>\u00bfTengo el capital social?<\/li><\/ol>\n\n\n\n<p>Sin necesidad de preguntarle, porque lo que se ve, no se juzga, puedo apostar que Mario, con una mano en la cintura, puede responder con contundencia:<\/p>\n\n\n\n<p>\u201c\u00a1S\u00ed, s\u00ed y por supuesto que s\u00ed!\u201d.<\/p>\n\n\n\n<p>Y s\u00ed ese es el poder de convocatoria que tiene en un caluros\u00edsimo martes a media ma\u00f1ana, est\u00e1 m\u00e1s que armado para lo que viene. \u00a1Felicidades, Mario Riestra!<\/p>\n\n\n\n<h2 class=\"wp-block-heading\">Puebla discriminadora<\/h2>\n\n\n\n<p>En otros temas por mucho menos agradables y como dato para cualquiera que pretenda contender en 2024 por un cargo de elecci\u00f3n popular, \u00bfsab\u00edan que Puebla es el segundo estado a nivel nacional d\u00f3nde hay m\u00e1s denuncias por discriminaci\u00f3n?<\/p>\n\n\n\n<p>De eso, les contar\u00e9 ma\u00f1ana.<\/p>\n","protected":false},"excerpt":{"rendered":"<p>Por Itandehui Rodr\u00edguez Mart\u00ednez @Itandehui_RoMa Cuanta raz\u00f3n guarda esa frase, para ser, hay que parecer y Mario Riestra parece candidato [&hellip;]<\/p>\n","protected":false},"author":1,"featured_media":53510,"comment_status":"open","ping_status":"open","sticky":false,"template":"","format":"standard","meta":{"site-sidebar-layout":"default","site-content-layout":"","ast-site-content-layout":"default","site-content-style":"default","site-sidebar-style":"default","ast-global-header-display":"","ast-banner-title-visibility":"","ast-main-header-display":"","ast-hfb-above-header-display":"","ast-hfb-below-header-display":"","ast-hfb-mobile-header-display":"","site-post-title":"","ast-breadcrumbs-content":"","ast-featured-img":"","footer-sml-layout":"","theme-transparent-header-meta":"","adv-header-id-meta":"","stick-header-meta":"","header-above-stick-meta":"","header-main-stick-meta":"","header-below-stick-meta":"","astra-migrate-meta-layouts":"default","ast-page-background-enabled":"default","ast-page-background-meta":{"desktop":{"background-color":"var(--ast-global-color-4)","background-image":"","background-repeat":"repeat","background-position":"center center","background-size":"auto","background-attachment":"scroll","background-type":"","background-media":"","overlay-type":"","overlay-color":"","overlay-opacity":"","overlay-gradient":""},"tablet":{"background-color":"","background-image":"","background-repeat":"repeat","background-position":"center center","background-size":"auto","background-attachment":"scroll","background-type":"","background-media":"","overlay-type":"","overlay-color":"","overlay-opacity":"","overlay-gradient":""},"mobile":{"background-color":"","background-image":"","background-repeat":"repeat","background-position":"center center","background-size":"auto","background-attachment":"scroll","background-type":"","background-media":"","overlay-type":"","overlay-color":"","overlay-opacity":"","overlay-gradient":""}},"ast-content-background-meta":{"desktop":{"background-color":"var(--ast-global-color-5)","background-image":"","background-repeat":"repeat","background-position":"center center","background-size":"auto","background-attachment":"scroll","background-type":"","background-media":"","overlay-type":"","overlay-color":"","overlay-opacity":"","overlay-gradient":""},"tablet":{"background-color":"var(--ast-global-color-5)","background-image":"","background-repeat":"repeat","background-position":"center center","background-size":"auto","background-attachment":"scroll","background-type":"","background-media":"","overlay-type":"","overlay-color":"","overlay-opacity":"","overlay-gradient":""},"mobile":{"background-color":"var(--ast-global-color-5)","background-image":"","background-repeat":"repeat","background-position":"center center","background-size":"auto","background-attachment":"scroll","background-type":"","background-media":"","overlay-type":"","overlay-color":"","overlay-opacity":"","overlay-gradient":""}},"footnotes":""},"categories":[8,22],"tags":[5486,17072,1928],"class_list":["post-53509","post","type-post","status-publish","format-standard","has-post-thumbnail","hentry","category-noticias","category-opinion-invitada","tag-elecciones-2024","tag-mario-riestra-pina","tag-puebla-capital"],"_links":{"self":[{"href":"https:\/\/losperiodistas.com.mx\/portal\/wp-json\/wp\/v2\/posts\/53509","targetHints":{"allow":["GET"]}}],"collection":[{"href":"https:\/\/losperiodistas.com.mx\/portal\/wp-json\/wp\/v2\/posts"}],"about":[{"href":"https:\/\/losperiodistas.com.mx\/portal\/wp-json\/wp\/v2\/types\/post"}],"author":[{"embeddable":true,"href":"https:\/\/losperiodistas.com.mx\/portal\/wp-json\/wp\/v2\/users\/1"}],"replies":[{"embeddable":true,"href":"https:\/\/losperiodistas.com.mx\/portal\/wp-json\/wp\/v2\/comments?post=53509"}],"version-history":[{"count":1,"href":"https:\/\/losperiodistas.com.mx\/portal\/wp-json\/wp\/v2\/posts\/53509\/revisions"}],"predecessor-version":[{"id":53511,"href":"https:\/\/losperiodistas.com.mx\/portal\/wp-json\/wp\/v2\/posts\/53509\/revisions\/53511"}],"wp:featuredmedia":[{"embeddable":true,"href":"https:\/\/losperiodistas.com.mx\/portal\/wp-json\/wp\/v2\/media\/53510"}],"wp:attachment":[{"href":"https:\/\/losperiodistas.com.mx\/portal\/wp-json\/wp\/v2\/media?parent=53509"}],"wp:term":[{"taxonomy":"category","embeddable":true,"href":"https:\/\/losperiodistas.com.mx\/portal\/wp-json\/wp\/v2\/categories?post=53509"},{"taxonomy":"post_tag","embeddable":true,"href":"https:\/\/losperiodistas.com.mx\/portal\/wp-json\/wp\/v2\/tags?post=53509"}],"curies":[{"name":"wp","href":"https:\/\/api.w.org\/{rel}","templated":true}]}}