{"id":53500,"date":"2023-06-21T08:30:12","date_gmt":"2023-06-21T13:30:12","guid":{"rendered":"http:\/\/losperiodistas.com.mx\/portal\/?p=53500"},"modified":"2023-06-21T08:30:13","modified_gmt":"2023-06-21T13:30:13","slug":"muere-el-periodista-nino-canun-conductor-del-programa-y-usted-que-opina-la-razon","status":"publish","type":"post","link":"https:\/\/losperiodistas.com.mx\/portal\/muere-el-periodista-nino-canun-conductor-del-programa-y-usted-que-opina-la-razon\/","title":{"rendered":"Muere el periodista Nino Can\u00fan, conductor del programa &#8216;Y usted, \u00bfqu\u00e9 opina?&#8217; | La Raz\u00f3n"},"content":{"rendered":"\n<h2 class=\"has-luminous-vivid-amber-background-color has-background has-medium-font-size wp-block-heading\" id=\"m36-35-37\">Esta ma\u00f1ana se report\u00f3 el fallecimiento de uno de los periodistas m\u00e1s cr\u00edticos en nuestro pa\u00eds<\/h2>\n\n\n\n<figure class=\"wp-block-image size-large is-style-default\"><img fetchpriority=\"high\" decoding=\"async\" width=\"1024\" height=\"513\" src=\"https:\/\/losperiodistas.com.mx\/portal\/wp-content\/uploads\/2023\/06\/Captura-de-Pantalla-2023-06-21-a-las-7.25.35-1024x513.jpg\" alt=\"\" class=\"wp-image-53501\" srcset=\"https:\/\/losperiodistas.com.mx\/portal\/wp-content\/uploads\/2023\/06\/Captura-de-Pantalla-2023-06-21-a-las-7.25.35-1024x513.jpg 1024w, https:\/\/losperiodistas.com.mx\/portal\/wp-content\/uploads\/2023\/06\/Captura-de-Pantalla-2023-06-21-a-las-7.25.35-300x150.jpg 300w, https:\/\/losperiodistas.com.mx\/portal\/wp-content\/uploads\/2023\/06\/Captura-de-Pantalla-2023-06-21-a-las-7.25.35-768x385.jpg 768w, https:\/\/losperiodistas.com.mx\/portal\/wp-content\/uploads\/2023\/06\/Captura-de-Pantalla-2023-06-21-a-las-7.25.35-1536x770.jpg 1536w, https:\/\/losperiodistas.com.mx\/portal\/wp-content\/uploads\/2023\/06\/Captura-de-Pantalla-2023-06-21-a-las-7.25.35.jpg 1880w\" sizes=\"(max-width: 1024px) 100vw, 1024px\" \/><figcaption>Nino Can\u00fan, periodista mexicano.<strong>Especial<\/strong><\/figcaption><\/figure>\n\n\n\n<p class=\"has-vivid-red-color has-text-color has-medium-font-size\"><strong>LAURA ALMARAZ \/ LA RAZ\u00d3N<\/strong><\/p>\n\n\n\n<p id=\"m86-85-87\">Esta ma\u00f1ana se report\u00f3 la muerte de uno de los periodistas m\u00e1s cr\u00edticos en M\u00e9xico, sobre todo en la d\u00e9cada de los 90 cuando a trav\u00e9s del programa &#8216;Y usted, \u00bfqu\u00e9 opina?&#8217;, daba a la ciudadan\u00eda la voz para expresarse por la vida p\u00fablica del pa\u00eds. Su nombre: Nino Can\u00fan.&nbsp;<\/p>\n\n\n\n<p id=\"m96-95-97\">Diversos medios de comunicaci\u00f3n y periodistas se unieron a las condolencias para la familia de Nino Can\u00fan, quienes a\u00fan no dan a conocer las causas de su fallecimiento.&nbsp;<\/p>\n\n\n\n<p id=\"m101-100-102\">\u00abFalleci\u00f3 el gran conductor Nino Can\u00fan. Le debo gran parte de mi entrenamiento en los medios de comunicaci\u00f3n. Ten\u00eda una inteligencia sin igual y una memoria prodigiosa. Muy culto. De los legendarios conductores que ya no se dan a granel. Un abrazo cari\u00f1oso, Nino, donde te encuentres ahora\u00bb, escribi\u00f3 el periodista Alfredo Jalife en sus redes sociales.\u00a0<\/p>\n\n\n\n<p>Informaci\u00f3n en desarrollo&#8230;<\/p>\n\n\n\n<p>Fuente: <a href=\"https:\/\/www.razon.com.mx\/entretenimiento\/muere-nino-canun-conductor-programa-y-usted-que-opina-periodista-533145\">https:\/\/www.razon.com.mx\/entretenimiento\/muere-nino-canun-conductor-programa-y-usted-que-opina-periodista-533145<\/a><\/p>\n","protected":false},"excerpt":{"rendered":"<p>Esta ma\u00f1ana se report\u00f3 el fallecimiento de uno de los periodistas m\u00e1s cr\u00edticos en nuestro pa\u00eds LAURA ALMARAZ \/ LA [&hellip;]<\/p>\n","protected":false},"author":1,"featured_media":53501,"comment_status":"open","ping_status":"open","sticky":false,"template":"","format":"standard","meta":{"site-sidebar-layout":"default","site-content-layout":"","ast-site-content-layout":"default","site-content-style":"default","site-sidebar-style":"default","ast-global-header-display":"","ast-banner-title-visibility":"","ast-main-header-display":"","ast-hfb-above-header-display":"","ast-hfb-below-header-display":"","ast-hfb-mobile-header-display":"","site-post-title":"","ast-breadcrumbs-content":"","ast-featured-img":"","footer-sml-layout":"","theme-transparent-header-meta":"","adv-header-id-meta":"","stick-header-meta":"","header-above-stick-meta":"","header-main-stick-meta":"","header-below-stick-meta":"","astra-migrate-meta-layouts":"default","ast-page-background-enabled":"default","ast-page-background-meta":{"desktop":{"background-color":"var(--ast-global-color-4)","background-image":"","background-repeat":"repeat","background-position":"center center","background-size":"auto","background-attachment":"scroll","background-type":"","background-media":"","overlay-type":"","overlay-color":"","overlay-opacity":"","overlay-gradient":""},"tablet":{"background-color":"","background-image":"","background-repeat":"repeat","background-position":"center center","background-size":"auto","background-attachment":"scroll","background-type":"","background-media":"","overlay-type":"","overlay-color":"","overlay-opacity":"","overlay-gradient":""},"mobile":{"background-color":"","background-image":"","background-repeat":"repeat","background-position":"center center","background-size":"auto","background-attachment":"scroll","background-type":"","background-media":"","overlay-type":"","overlay-color":"","overlay-opacity":"","overlay-gradient":""}},"ast-content-background-meta":{"desktop":{"background-color":"var(--ast-global-color-5)","background-image":"","background-repeat":"repeat","background-position":"center center","background-size":"auto","background-attachment":"scroll","background-type":"","background-media":"","overlay-type":"","overlay-color":"","overlay-opacity":"","overlay-gradient":""},"tablet":{"background-color":"var(--ast-global-color-5)","background-image":"","background-repeat":"repeat","background-position":"center center","background-size":"auto","background-attachment":"scroll","background-type":"","background-media":"","overlay-type":"","overlay-color":"","overlay-opacity":"","overlay-gradient":""},"mobile":{"background-color":"var(--ast-global-color-5)","background-image":"","background-repeat":"repeat","background-position":"center center","background-size":"auto","background-attachment":"scroll","background-type":"","background-media":"","overlay-type":"","overlay-color":"","overlay-opacity":"","overlay-gradient":""}},"footnotes":""},"categories":[8],"tags":[17067,17068],"class_list":["post-53500","post","type-post","status-publish","format-standard","has-post-thumbnail","hentry","category-noticias","tag-nnino-canun","tag-y-usted-que-opina"],"_links":{"self":[{"href":"https:\/\/losperiodistas.com.mx\/portal\/wp-json\/wp\/v2\/posts\/53500","targetHints":{"allow":["GET"]}}],"collection":[{"href":"https:\/\/losperiodistas.com.mx\/portal\/wp-json\/wp\/v2\/posts"}],"about":[{"href":"https:\/\/losperiodistas.com.mx\/portal\/wp-json\/wp\/v2\/types\/post"}],"author":[{"embeddable":true,"href":"https:\/\/losperiodistas.com.mx\/portal\/wp-json\/wp\/v2\/users\/1"}],"replies":[{"embeddable":true,"href":"https:\/\/losperiodistas.com.mx\/portal\/wp-json\/wp\/v2\/comments?post=53500"}],"version-history":[{"count":1,"href":"https:\/\/losperiodistas.com.mx\/portal\/wp-json\/wp\/v2\/posts\/53500\/revisions"}],"predecessor-version":[{"id":53502,"href":"https:\/\/losperiodistas.com.mx\/portal\/wp-json\/wp\/v2\/posts\/53500\/revisions\/53502"}],"wp:featuredmedia":[{"embeddable":true,"href":"https:\/\/losperiodistas.com.mx\/portal\/wp-json\/wp\/v2\/media\/53501"}],"wp:attachment":[{"href":"https:\/\/losperiodistas.com.mx\/portal\/wp-json\/wp\/v2\/media?parent=53500"}],"wp:term":[{"taxonomy":"category","embeddable":true,"href":"https:\/\/losperiodistas.com.mx\/portal\/wp-json\/wp\/v2\/categories?post=53500"},{"taxonomy":"post_tag","embeddable":true,"href":"https:\/\/losperiodistas.com.mx\/portal\/wp-json\/wp\/v2\/tags?post=53500"}],"curies":[{"name":"wp","href":"https:\/\/api.w.org\/{rel}","templated":true}]}}