{"id":53497,"date":"2023-06-21T08:18:23","date_gmt":"2023-06-21T13:18:23","guid":{"rendered":"http:\/\/losperiodistas.com.mx\/portal\/?p=53497"},"modified":"2023-06-21T08:18:27","modified_gmt":"2023-06-21T13:18:27","slug":"mexico-cuenta-con-93-1-millones-de-usuarios-de-internet-3-mas-que-2021-inegi-la-lista","status":"publish","type":"post","link":"https:\/\/losperiodistas.com.mx\/portal\/mexico-cuenta-con-93-1-millones-de-usuarios-de-internet-3-mas-que-2021-inegi-la-lista\/","title":{"rendered":"M\u00e9xico cuenta con 93.1 millones de usuarios de internet, 3% m\u00e1s que 2021: Inegi | La-Lista"},"content":{"rendered":"\n<p class=\"has-light-green-cyan-background-color has-background has-medium-font-size\">Son los resultados de la Encuesta Nacional sobre Disponibilidad y Uso de Tecnolog\u00edas de la Informaci\u00f3n en los Hogares (ENDUTIH).<\/p>\n\n\n\n<p><\/p>\n\n\n\n<div class=\"wp-block-image is-style-default\"><figure class=\"aligncenter size-large\"><img fetchpriority=\"high\" decoding=\"async\" width=\"1024\" height=\"682\" src=\"https:\/\/losperiodistas.com.mx\/portal\/wp-content\/uploads\/2023\/06\/mexico-usuarios-internet-1024x682.jpg\" alt=\"\" class=\"wp-image-53498\" srcset=\"https:\/\/losperiodistas.com.mx\/portal\/wp-content\/uploads\/2023\/06\/mexico-usuarios-internet-1024x682.jpg 1024w, https:\/\/losperiodistas.com.mx\/portal\/wp-content\/uploads\/2023\/06\/mexico-usuarios-internet-300x200.jpg 300w, https:\/\/losperiodistas.com.mx\/portal\/wp-content\/uploads\/2023\/06\/mexico-usuarios-internet-768x512.jpg 768w, https:\/\/losperiodistas.com.mx\/portal\/wp-content\/uploads\/2023\/06\/mexico-usuarios-internet.jpg 1280w\" sizes=\"(max-width: 1024px) 100vw, 1024px\" \/><figcaption>Foto: fancycrave1\/Pixabay.<\/figcaption><\/figure><\/div>\n\n\n\n<p class=\"has-vivid-red-color has-text-color has-medium-font-size\"><strong>REDACCI\u00d3N LA-LISTA<\/strong><\/p>\n\n\n\n<p>Los usuarios de internet en M\u00e9xico aumentaron hasta los 93,1 millones en 2022, lo que equivale al 78.6% de la poblaci\u00f3n, seg\u00fan los datos divulgados este lunes por el Instituto Nacional de Estad\u00edstica y Geograf\u00eda (Inegi).<\/p>\n\n\n\n<p>La\u00a0<a href=\"https:\/\/www.inegi.org.mx\/contenidos\/saladeprensa\/boletines\/2023\/ENDUTIH\/ENDUTIH_22.pdf\" target=\"_blank\" rel=\"noreferrer noopener\">Encuesta Nacional sobre Disponibilidad y Uso de Tecnolog\u00edas de la Informaci\u00f3n en los Hogare<\/a>s (ENDUTIH) revel\u00f3 un aumento de 3 puntos porcentuales respecto a 2021, cuando el 75.6% de los mayores de 6 a\u00f1os en M\u00e9xico usaba internet, es decir, 88,6 millones de personas.<\/p>\n\n\n\n<p>En los \u00faltimos 6 a\u00f1os, cerca de 23 millones de mexicanos se han sumado al uso de internet, pues en 2017 el n\u00famero de usuarios era de 70.3 millones, el 63.7% de la poblaci\u00f3n.<\/p>\n\n\n\n<figure class=\"wp-block-embed is-type-rich is-provider-twitter wp-block-embed-twitter\"><div class=\"wp-block-embed__wrapper\">\nhttps:\/\/twitter.com\/INEGI_INFORMA\/status\/1670823756485509120?ref_src=twsrc%5Etfw%7Ctwcamp%5Etweetembed%7Ctwterm%5E1670823756485509120%7Ctwgr%5E5c2cd5c944e16cbed0052f21bc1f796e29423791%7Ctwcon%5Es1_c10&#038;ref_url=https%3A%2F%2Fla-lista.com%2Feconomia%2F2023%2F06%2F19%2Fmexico-cuenta-con-93-1-millones-de-usuarios-de-internet-3-mas-que-2021-inegi\n<\/div><\/figure>\n\n\n\n<p>Aunque sigue existiendo disparidad entre el n\u00famero de usuarios en el \u00e1mbito urbano y rural (83.8% y 62.3%, respectivamente), la cantidad de mujeres y hombres que emplean internet es la m\u00e1s pareja en los \u00faltimos a\u00f1os: 79.3% frente al 78.1%, poco m\u00e1s de un punto porcentual de diferencia.<\/p>\n\n\n\n<p class=\"has-cyan-bluish-gray-background-color has-background\">No te pierdas:<a href=\"https:\/\/la-lista.com\/economia\/2023\/06\/18\/fallas-en-sistemas-satelitales-del-aicm-preocupan-a-nivel-internacional\">Fallas en sistemas satelitales del AICM levantan preocupaci\u00f3n a nivel internacional<\/a><\/p>\n\n\n\n<p>El grupo de edad con mayor porcentaje de usuarios fue el comprendido entre los 18 y los 24 a\u00f1os (95.1%), seguido del integrado por personas de entre 25 y 34 a\u00f1os (92.8%) y de entre 12 y 17 a\u00f1os (92.4%).<\/p>\n\n\n\n<p>Entre los m\u00e1s j\u00f3venes, de 6 a 11 a\u00f1os, el estudio refleja que el 72.1% usan internet; los m\u00e1s mayores, de 55 a\u00f1os en adelante, apenas el 47.6%.<\/p>\n\n\n\n<p>Los j\u00f3venes de entre 18 y 24 a\u00f1os tambi\u00e9n son los que usan internet durante m\u00e1s tiempo, con 5.9 horas diarias, seguidos por el rango entre 25 y 34 a\u00f1os (5.3 horas cada d\u00eda), y los de entre 12 y 17 a\u00f1os (4.7 horas diarias).<\/p>\n\n\n\n<p>La herramienta m\u00e1s empleada para conectarse a internet fueron los tel\u00e9fonos inteligentes (97%), muy por encima de las computadoras port\u00e1tiles o tabletas (31 %) o los televisores inteligentes (30.4%).<\/p>\n\n\n\n<p>La mayor\u00eda usaron sus dispositivos con conexi\u00f3n a internet para comunicarse (93.8%), acceder a redes sociales (90.6%), entretenimiento (89.6%), buscar informaci\u00f3n (89.3%), apoyar la capacitaci\u00f3n o educaci\u00f3n (83.3%) o acceder a contenidos audiovisuales (79.5%).<\/p>\n\n\n\n<p>Los estados mexicanos con mayor porcentaje de poblaci\u00f3n usuaria de internet fueron Baja California (89,8 %), Ciudad de M\u00e9xico (89.7%) y Aguascalientes (86.9%), mientras que los que registraron menores porcentajes fueron Chiapas (56.7%), Oaxaca (62.5%) y Guerrero (67.5%).<\/p>\n\n\n\n<p>El presidente Andr\u00e9s Manuel L\u00f3pez Obrador ha insistido durante su sexenio en la promoci\u00f3n del acceso a internet de forma universal y gratuita con proyectos como \u201cInternet para Todos\u201d, compromiso que no acaba de cristalizar a un a\u00f1o de acabar su mandato.&nbsp;<\/p>\n\n\n\n<p><em>-Con informaci\u00f3n de EFE<\/em><\/p>\n\n\n\n<p>Fuente: <a href=\"https:\/\/la-lista.com\/economia\/2023\/06\/19\/mexico-cuenta-con-93-1-millones-de-usuarios-de-internet-3-mas-que-2021-inegi\">https:\/\/la-lista.com\/economia\/2023\/06\/19\/mexico-cuenta-con-93-1-millones-de-usuarios-de-internet-3-mas-que-2021-inegi<\/a><\/p>\n","protected":false},"excerpt":{"rendered":"<p>Son los resultados de la Encuesta Nacional sobre Disponibilidad y Uso de Tecnolog\u00edas de la Informaci\u00f3n en los Hogares (ENDUTIH). [&hellip;]<\/p>\n","protected":false},"author":1,"featured_media":53498,"comment_status":"open","ping_status":"open","sticky":false,"template":"","format":"standard","meta":{"site-sidebar-layout":"default","site-content-layout":"","ast-site-content-layout":"default","site-content-style":"default","site-sidebar-style":"default","ast-global-header-display":"","ast-banner-title-visibility":"","ast-main-header-display":"","ast-hfb-above-header-display":"","ast-hfb-below-header-display":"","ast-hfb-mobile-header-display":"","site-post-title":"","ast-breadcrumbs-content":"","ast-featured-img":"","footer-sml-layout":"","theme-transparent-header-meta":"","adv-header-id-meta":"","stick-header-meta":"","header-above-stick-meta":"","header-main-stick-meta":"","header-below-stick-meta":"","astra-migrate-meta-layouts":"default","ast-page-background-enabled":"default","ast-page-background-meta":{"desktop":{"background-color":"var(--ast-global-color-4)","background-image":"","background-repeat":"repeat","background-position":"center center","background-size":"auto","background-attachment":"scroll","background-type":"","background-media":"","overlay-type":"","overlay-color":"","overlay-opacity":"","overlay-gradient":""},"tablet":{"background-color":"","background-image":"","background-repeat":"repeat","background-position":"center center","background-size":"auto","background-attachment":"scroll","background-type":"","background-media":"","overlay-type":"","overlay-color":"","overlay-opacity":"","overlay-gradient":""},"mobile":{"background-color":"","background-image":"","background-repeat":"repeat","background-position":"center center","background-size":"auto","background-attachment":"scroll","background-type":"","background-media":"","overlay-type":"","overlay-color":"","overlay-opacity":"","overlay-gradient":""}},"ast-content-background-meta":{"desktop":{"background-color":"var(--ast-global-color-5)","background-image":"","background-repeat":"repeat","background-position":"center center","background-size":"auto","background-attachment":"scroll","background-type":"","background-media":"","overlay-type":"","overlay-color":"","overlay-opacity":"","overlay-gradient":""},"tablet":{"background-color":"var(--ast-global-color-5)","background-image":"","background-repeat":"repeat","background-position":"center center","background-size":"auto","background-attachment":"scroll","background-type":"","background-media":"","overlay-type":"","overlay-color":"","overlay-opacity":"","overlay-gradient":""},"mobile":{"background-color":"var(--ast-global-color-5)","background-image":"","background-repeat":"repeat","background-position":"center center","background-size":"auto","background-attachment":"scroll","background-type":"","background-media":"","overlay-type":"","overlay-color":"","overlay-opacity":"","overlay-gradient":""}},"footnotes":""},"categories":[8],"tags":[653,3666,17066],"class_list":["post-53497","post","type-post","status-publish","format-standard","has-post-thumbnail","hentry","category-noticias","tag-inegi","tag-internet-mexico","tag-usuarios-de-internet"],"_links":{"self":[{"href":"https:\/\/losperiodistas.com.mx\/portal\/wp-json\/wp\/v2\/posts\/53497","targetHints":{"allow":["GET"]}}],"collection":[{"href":"https:\/\/losperiodistas.com.mx\/portal\/wp-json\/wp\/v2\/posts"}],"about":[{"href":"https:\/\/losperiodistas.com.mx\/portal\/wp-json\/wp\/v2\/types\/post"}],"author":[{"embeddable":true,"href":"https:\/\/losperiodistas.com.mx\/portal\/wp-json\/wp\/v2\/users\/1"}],"replies":[{"embeddable":true,"href":"https:\/\/losperiodistas.com.mx\/portal\/wp-json\/wp\/v2\/comments?post=53497"}],"version-history":[{"count":1,"href":"https:\/\/losperiodistas.com.mx\/portal\/wp-json\/wp\/v2\/posts\/53497\/revisions"}],"predecessor-version":[{"id":53499,"href":"https:\/\/losperiodistas.com.mx\/portal\/wp-json\/wp\/v2\/posts\/53497\/revisions\/53499"}],"wp:featuredmedia":[{"embeddable":true,"href":"https:\/\/losperiodistas.com.mx\/portal\/wp-json\/wp\/v2\/media\/53498"}],"wp:attachment":[{"href":"https:\/\/losperiodistas.com.mx\/portal\/wp-json\/wp\/v2\/media?parent=53497"}],"wp:term":[{"taxonomy":"category","embeddable":true,"href":"https:\/\/losperiodistas.com.mx\/portal\/wp-json\/wp\/v2\/categories?post=53497"},{"taxonomy":"post_tag","embeddable":true,"href":"https:\/\/losperiodistas.com.mx\/portal\/wp-json\/wp\/v2\/tags?post=53497"}],"curies":[{"name":"wp","href":"https:\/\/api.w.org\/{rel}","templated":true}]}}