{"id":53494,"date":"2023-06-21T08:02:50","date_gmt":"2023-06-21T13:02:50","guid":{"rendered":"http:\/\/losperiodistas.com.mx\/portal\/?p=53494"},"modified":"2023-06-21T08:02:52","modified_gmt":"2023-06-21T13:02:52","slug":"llega-el-solsticio-de-verano-el-momento-del-ano-en-el-que-el-sol-se-detiene-rtve","status":"publish","type":"post","link":"https:\/\/losperiodistas.com.mx\/portal\/llega-el-solsticio-de-verano-el-momento-del-ano-en-el-que-el-sol-se-detiene-rtve\/","title":{"rendered":"Llega el solsticio de verano, el momento del a\u00f1o en el que el sol se detiene | Rtve"},"content":{"rendered":"\n<ul class=\"has-background has-medium-font-size wp-block-list\" style=\"background-color:#fbae51\"><li>Este fen\u00f3meno astron\u00f3mico, que marca el inicio de la nueva estaci\u00f3n, se producir\u00e1 este&nbsp;mi\u00e9rcoles 21 de junio a las 16:58 horas<\/li><li>Est\u00e1 asociado a las celebraciones de San Juan, que&nbsp;nacieron como rituales agr\u00edcolas m\u00e1s tarde&nbsp;adaptados por la religi\u00f3n cristiana<\/li><\/ul>\n\n\n\n<figure class=\"wp-block-image size-large is-style-default\"><img fetchpriority=\"high\" decoding=\"async\" width=\"1024\" height=\"576\" src=\"https:\/\/losperiodistas.com.mx\/portal\/wp-content\/uploads\/2023\/06\/descarga-1-1024x576.jpeg\" alt=\"\" class=\"wp-image-53495\" srcset=\"https:\/\/losperiodistas.com.mx\/portal\/wp-content\/uploads\/2023\/06\/descarga-1-1024x576.jpeg 1024w, https:\/\/losperiodistas.com.mx\/portal\/wp-content\/uploads\/2023\/06\/descarga-1-300x169.jpeg 300w, https:\/\/losperiodistas.com.mx\/portal\/wp-content\/uploads\/2023\/06\/descarga-1-768x432.jpeg 768w, https:\/\/losperiodistas.com.mx\/portal\/wp-content\/uploads\/2023\/06\/descarga-1-1536x864.jpeg 1536w, https:\/\/losperiodistas.com.mx\/portal\/wp-content\/uploads\/2023\/06\/descarga-1.jpeg 1600w\" sizes=\"(max-width: 1024px) 100vw, 1024px\" \/><figcaption>Monumento megal\u00edtico de Stonehenge, conocido como \u00abEl Templo del Sol\u00bb, en el\u00a0sur de Inglaterra.\u00a0<em>GETTY IMAGES<\/em><\/figcaption><\/figure>\n\n\n\n<p class=\"has-vivid-red-color has-text-color has-medium-font-size\"><strong>SAMUEL A. PILAR \/ RTVE<\/strong><\/p>\n\n\n\n<p>La llegada del verano es&nbsp;uno de los momentos m\u00e1s esperados del a\u00f1o, y el fen\u00f3meno astron\u00f3mico&nbsp;que marca el cambio de estaci\u00f3n es tambi\u00e9n uno de los m\u00e1s celebrados. El solsticio, que se corresponde con el d\u00eda m\u00e1s largo y la noche m\u00e1s corta en el hemisferio norte,&nbsp;<strong>se producir\u00e1 este mi\u00e9rcoles 21 de junio a las 16 horas y 58 minutos<\/strong>, para dar paso al verano, que<strong>&nbsp;<\/strong>durar\u00e1 93 d\u00edas, hasta el pr\u00f3ximo 23 de septiembre, seg\u00fan el&nbsp;<a href=\"https:\/\/astronomia.ign.es\/\" target=\"_blank\" rel=\"noreferrer noopener\">Observatorio Astron\u00f3mico Nacional (OAN).<\/a><\/p>\n\n\n\n<h3 class=\"wp-block-heading\"><strong>\u00bfPor qu\u00e9 se produce el solsticio de verano?<\/strong><\/h3>\n\n\n\n<p>El t\u00e9rmino&nbsp;<em>solsticio<\/em>&nbsp;proviene del lat\u00edn&nbsp;<strong><em>sol<\/em><\/strong>&nbsp;-Sol- y<strong>&nbsp;<em>sistere<\/em><\/strong>&nbsp;-permanecer quieto-. Cuando se produce este fen\u00f3meno,&nbsp;el astro solar alcanza la m\u00e1xima altura del a\u00f1o en el cielo al mediod\u00eda,&nbsp;situ\u00e1ndose directamente sobre el Tr\u00f3pico de C\u00e1ncer. Una posici\u00f3n que&nbsp;apenas cambia durante varias jornadas, por lo que ofrece esa apariencia de inmovilidad.<\/p>\n\n\n\n<p>A partir de entonces, los d\u00edas comienzan a acortarse&nbsp;gradualmente, hasta&nbsp;el equinoccio de oto\u00f1o, en el que la duraci\u00f3n del d\u00eda y de la noche es similar. El cambio de ciclo coincidir\u00e1 con el solsticio de invierno, que este a\u00f1o est\u00e1 previsto para el 22&nbsp;de diciembre en el hemisferio norte, a partir del que los d\u00edas volver\u00e1n otra vez a ganarle minutos a la noche.<\/p>\n\n\n\n<p>La explicaci\u00f3n de este&nbsp;evento astron\u00f3mico se encuentra en la coincidencia&nbsp;de dos factores:&nbsp;<strong>la inclinaci\u00f3n de la Tierra sobre su eje -aproximadamente 23,5 grados-&nbsp;y su movimiento en \u00f3rbita alrededor del sol.<\/strong>&nbsp;El solsticio de verano en uno de los hemisferios de la Tierra ocurre cuando esta mitad del globo&nbsp;est\u00e1 inclinada&nbsp;lo m\u00e1s cerca posible del sol, por lo que&nbsp;recibe la m\u00e1xima luz diurna.<\/p>\n\n\n\n<p>En el hemisferio norte,&nbsp;<strong>el solsticio de verano generalmente ocurre el 20 o el 21 de junio<\/strong>, aunque muy raramente tambi\u00e9n puede suceder el 22 de junio -el pr\u00f3ximo que coincide con esta fecha ser\u00e1 en 2203-, y el 19 de junio -el pr\u00f3ximo ser\u00e1 en el a\u00f1o 2488-.<\/p>\n\n\n\n<h3 class=\"wp-block-heading\"><strong>Celebraciones en todo el mundo<\/strong><\/h3>\n\n\n\n<p>La noche m\u00e1s corta del a\u00f1o&nbsp;se conmemora pr\u00e1cticamente en todo el mundo, aunque&nbsp;su&nbsp;interpretaci\u00f3n var\u00eda seg\u00fan las diferentes culturas. En todo caso, la mayor parte de las celebraciones&nbsp;<strong>nacieron como&nbsp;rituales asociados a la&nbsp;regeneraci\u00f3n&nbsp;y a la fertilidad,<\/strong>&nbsp;que despu\u00e9s fueron adaptados en la cultura occidental por la religi\u00f3n cristiana. \u00abNo es casual que los solsticios nos hayan servido para marcar momentos especiales del a\u00f1o, ya que son las fiestas del sol. Tanto el d\u00eda m\u00e1s corto del a\u00f1o, el solsticio de invierno, que nos pilla justo antes de Navidades, como el d\u00eda m\u00e1s largo del a\u00f1o, el solsticio de verano, que nos pilla justo antes de San Juan\u00bb, explica a RTVE.es&nbsp;<strong>Javier Armentia<\/strong>, divulgador cient\u00edfico y director del&nbsp;<a href=\"https:\/\/www.pamplonetario.org\/\" target=\"_blank\" rel=\"noreferrer noopener\">Planetario de Pamplona<\/a>.<\/p>\n\n\n\n<p>Los ciclos agrarios est\u00e1n vinculados a los del sol, por lo que, desde el Neol\u00edtico, las sociedades agricultoras han encontrado en el solsticio de junio el&nbsp;<strong>punto de referencia para determinar cu\u00e1ndo comenzar a cosechar sus cultivos.<\/strong>&nbsp;La cultura cristiana adopt\u00f3&nbsp;esta tradici\u00f3n de origen pagano y la convirti\u00f3 en la conmemoraci\u00f3n de San Juan Bautista, que seg\u00fan la Biblia naci\u00f3 el 24 de junio. No fue la \u00fanica, ya que el solsticio de invierno coincide con la Navidad, la Semana Santa est\u00e1 determinada&nbsp;por la primera luna llena tras el equinoccio primaveral, y&nbsp;el d\u00eda de Todos los Santos es&nbsp;el punto intermedio entre el equinoccio oto\u00f1al y el solsticio de invierno.<\/p>\n\n\n\n<p>\u00abAhora ya no, porque nuestra actividad est\u00e1 determinada principalmente por el calendario laboral, pero en las sociedades agrarias, que depend\u00edan mucho m\u00e1s de los ciclos de la naturaleza, el solsticio de verano indicaba&nbsp;el momento de empezar a cosechar. Todas estas fiestas desde las primeras cosechas hasta la vendimia, que son las \u00faltimas y coinciden con el comienzo del oto\u00f1o,&nbsp;<strong>marcan&nbsp;ese calendario festivo de todos los meses de verano.<\/strong>&nbsp;Y el arranque, el disparo de salida, es el solsticio. Por eso es un motivo de&nbsp;celebraci\u00f3n\u00bb, se\u00f1ala Armentia.<\/p>\n\n\n\n<figure class=\"wp-block-image is-style-default\"><img decoding=\"async\" src=\"https:\/\/img2.rtve.es\/im\/6915412\/?w=900\" alt=\"La Noche de San Juan es la tradici\u00f3n m\u00e1s importante en Espa\u00f1a relacionada con el solsticio de verano.\"\/><figcaption>La Noche de San Juan es la tradici\u00f3n m\u00e1s importante en Espa\u00f1a relacionada con el solsticio de verano.&nbsp;<em>GETTY IMAGES<\/em><\/figcaption><\/figure>\n\n\n\n<h3 class=\"wp-block-heading\"><strong>Noche de San Juan<\/strong><\/h3>\n\n\n\n<p>La Noche de San Juan, o las Hogueras de San Juan, que se celebra la noche del 23&nbsp;al&nbsp;24 de junio, es la tradici\u00f3n m\u00e1s importante en Espa\u00f1a relacionada con el solsticio de verano, y est\u00e1 basada principalmente&nbsp;en el fuego. En&nbsp;un primer momento,&nbsp;<strong>esta fiesta estuvo&nbsp;asociada a ritos de fecundidad y purificaci\u00f3n,<\/strong>&nbsp;ya que&nbsp;se sacrificaban animales y se danzaba alrededor de las llamas para pedir buenas cosechas.<\/p>\n\n\n\n<p>\u00abAl final, los seres humanos somos criaturas diurnas, y hacer hogueras por la noche no es m\u00e1s que una manera simb\u00f3lica de decir que podemos ganar a la noche. El sol se ha ido comiendo a la oscuridad durante varios meses,&nbsp;y nosotros ponemos hogueras simb\u00f3licas para rematar la faena\u00bb, asegura Javier Armentia, quien aclara que&nbsp;<strong>esta utilizaci\u00f3n festiva del fuego durante el solsticio es muy habitual \u00aben todas las zonas medias del mundo\u00bb<\/strong>. Aunque no entre&nbsp;los habitantes de zonas ecuatoriales, donde el d\u00eda y la noche duran 12 horas todo el a\u00f1o y apenas hay variaci\u00f3n. \u00abPara ellos es una fiesta menos importante, y se rigen m\u00e1s por los ciclos relacionados con la lluvia, como las temporadas secas y las h\u00famedas\u00bb, indica.<\/p>\n\n\n\n<p>En Espa\u00f1a,&nbsp;la Noche de San Juan se celebra a lo largo y ancho del pa\u00eds. En algunos lugares se salta sobre las llamas, en otros se camina sobre las ascuas,&nbsp;se lanza pirotecnia, se queman art\u00edculos viejos&#8230; Junto con el fuego,&nbsp;<strong>el agua es el otro elemento b\u00e1sico utilizado para dar la bienvenida al verano<\/strong>, ya&nbsp;que en muchas localidades costeras&nbsp;las hogueras suelen acompa\u00f1arse de ba\u00f1os en el mar que en un primer momento pudieron tener tambi\u00e9n una intencion purificadora.&nbsp;<\/p>\n\n\n\n<p>En otras regiones del norte peninsular, como Galicia o Asturias, predominan las tradiciones celtas, en las que&nbsp;el fuego&nbsp;se utilizaba originariamente para alejar a los malos esp\u00edritus, y tanto la&nbsp;m\u00fasica como el baile adquieren&nbsp;un protagonismo especial.<\/p>\n\n\n\n<p>\u00abLa variedad de las festividades relacionadas con el solsticio de verano es muy amplia\u00bb, asegura en este sentido el divulgador cient\u00edfico Javier Armentia, quien cree que, m\u00e1s all\u00e1 de todo simbolismo, \u00ablos humanos utilizamos la primera excusa que se nos presenta para celebrar la vida y divertirnos\u00bb.<\/p>\n\n\n\n<p>Fuente: <a href=\"https:\/\/www.rtve.es\/noticias\/20230621\/solsticio-verano-2023-se-celebra-noche-mas-corta\/2449666.shtml\">https:\/\/www.rtve.es\/noticias\/20230621\/solsticio-verano-2023-se-celebra-noche-mas-corta\/2449666.shtml<\/a><\/p>\n","protected":false},"excerpt":{"rendered":"<p>Este fen\u00f3meno astron\u00f3mico, que marca el inicio de la nueva estaci\u00f3n, se producir\u00e1 este&nbsp;mi\u00e9rcoles 21 de junio a las 16:58 [&hellip;]<\/p>\n","protected":false},"author":1,"featured_media":53495,"comment_status":"open","ping_status":"open","sticky":false,"template":"","format":"standard","meta":{"site-sidebar-layout":"default","site-content-layout":"","ast-site-content-layout":"default","site-content-style":"default","site-sidebar-style":"default","ast-global-header-display":"","ast-banner-title-visibility":"","ast-main-header-display":"","ast-hfb-above-header-display":"","ast-hfb-below-header-display":"","ast-hfb-mobile-header-display":"","site-post-title":"","ast-breadcrumbs-content":"","ast-featured-img":"","footer-sml-layout":"","theme-transparent-header-meta":"","adv-header-id-meta":"","stick-header-meta":"","header-above-stick-meta":"","header-main-stick-meta":"","header-below-stick-meta":"","astra-migrate-meta-layouts":"default","ast-page-background-enabled":"default","ast-page-background-meta":{"desktop":{"background-color":"var(--ast-global-color-4)","background-image":"","background-repeat":"repeat","background-position":"center center","background-size":"auto","background-attachment":"scroll","background-type":"","background-media":"","overlay-type":"","overlay-color":"","overlay-opacity":"","overlay-gradient":""},"tablet":{"background-color":"","background-image":"","background-repeat":"repeat","background-position":"center center","background-size":"auto","background-attachment":"scroll","background-type":"","background-media":"","overlay-type":"","overlay-color":"","overlay-opacity":"","overlay-gradient":""},"mobile":{"background-color":"","background-image":"","background-repeat":"repeat","background-position":"center center","background-size":"auto","background-attachment":"scroll","background-type":"","background-media":"","overlay-type":"","overlay-color":"","overlay-opacity":"","overlay-gradient":""}},"ast-content-background-meta":{"desktop":{"background-color":"var(--ast-global-color-5)","background-image":"","background-repeat":"repeat","background-position":"center center","background-size":"auto","background-attachment":"scroll","background-type":"","background-media":"","overlay-type":"","overlay-color":"","overlay-opacity":"","overlay-gradient":""},"tablet":{"background-color":"var(--ast-global-color-5)","background-image":"","background-repeat":"repeat","background-position":"center center","background-size":"auto","background-attachment":"scroll","background-type":"","background-media":"","overlay-type":"","overlay-color":"","overlay-opacity":"","overlay-gradient":""},"mobile":{"background-color":"var(--ast-global-color-5)","background-image":"","background-repeat":"repeat","background-position":"center center","background-size":"auto","background-attachment":"scroll","background-type":"","background-media":"","overlay-type":"","overlay-color":"","overlay-opacity":"","overlay-gradient":""}},"footnotes":""},"categories":[8],"tags":[17065],"class_list":["post-53494","post","type-post","status-publish","format-standard","has-post-thumbnail","hentry","category-noticias","tag-solsticio-de-verano-2023"],"_links":{"self":[{"href":"https:\/\/losperiodistas.com.mx\/portal\/wp-json\/wp\/v2\/posts\/53494","targetHints":{"allow":["GET"]}}],"collection":[{"href":"https:\/\/losperiodistas.com.mx\/portal\/wp-json\/wp\/v2\/posts"}],"about":[{"href":"https:\/\/losperiodistas.com.mx\/portal\/wp-json\/wp\/v2\/types\/post"}],"author":[{"embeddable":true,"href":"https:\/\/losperiodistas.com.mx\/portal\/wp-json\/wp\/v2\/users\/1"}],"replies":[{"embeddable":true,"href":"https:\/\/losperiodistas.com.mx\/portal\/wp-json\/wp\/v2\/comments?post=53494"}],"version-history":[{"count":1,"href":"https:\/\/losperiodistas.com.mx\/portal\/wp-json\/wp\/v2\/posts\/53494\/revisions"}],"predecessor-version":[{"id":53496,"href":"https:\/\/losperiodistas.com.mx\/portal\/wp-json\/wp\/v2\/posts\/53494\/revisions\/53496"}],"wp:featuredmedia":[{"embeddable":true,"href":"https:\/\/losperiodistas.com.mx\/portal\/wp-json\/wp\/v2\/media\/53495"}],"wp:attachment":[{"href":"https:\/\/losperiodistas.com.mx\/portal\/wp-json\/wp\/v2\/media?parent=53494"}],"wp:term":[{"taxonomy":"category","embeddable":true,"href":"https:\/\/losperiodistas.com.mx\/portal\/wp-json\/wp\/v2\/categories?post=53494"},{"taxonomy":"post_tag","embeddable":true,"href":"https:\/\/losperiodistas.com.mx\/portal\/wp-json\/wp\/v2\/tags?post=53494"}],"curies":[{"name":"wp","href":"https:\/\/api.w.org\/{rel}","templated":true}]}}