{"id":53490,"date":"2023-06-21T07:40:45","date_gmt":"2023-06-21T12:40:45","guid":{"rendered":"http:\/\/losperiodistas.com.mx\/portal\/?p=53490"},"modified":"2023-06-21T07:40:47","modified_gmt":"2023-06-21T12:40:47","slug":"con-una-calificacion-de-3-5-de-5-puntos-puebla-con-alerta-roja-por-alto-estres-hidrico-desde-2020-wri-ljo","status":"publish","type":"post","link":"https:\/\/losperiodistas.com.mx\/portal\/con-una-calificacion-de-3-5-de-5-puntos-puebla-con-alerta-roja-por-alto-estres-hidrico-desde-2020-wri-ljo\/","title":{"rendered":"Con una calificaci\u00f3n de 3.5 de 5 puntos, Puebla con alerta roja por alto estr\u00e9s h\u00eddrico desde 2020: WRI\u00a0| LJO"},"content":{"rendered":"\n<figure class=\"wp-block-image size-large is-style-default\"><img fetchpriority=\"high\" decoding=\"async\" width=\"1024\" height=\"773\" src=\"https:\/\/losperiodistas.com.mx\/portal\/wp-content\/uploads\/2023\/06\/Captura-de-Pantalla-2023-06-21-a-las-6.36.03-1024x773.jpg\" alt=\"\" class=\"wp-image-53491\" srcset=\"https:\/\/losperiodistas.com.mx\/portal\/wp-content\/uploads\/2023\/06\/Captura-de-Pantalla-2023-06-21-a-las-6.36.03-1024x773.jpg 1024w, https:\/\/losperiodistas.com.mx\/portal\/wp-content\/uploads\/2023\/06\/Captura-de-Pantalla-2023-06-21-a-las-6.36.03-300x226.jpg 300w, https:\/\/losperiodistas.com.mx\/portal\/wp-content\/uploads\/2023\/06\/Captura-de-Pantalla-2023-06-21-a-las-6.36.03-768x580.jpg 768w, https:\/\/losperiodistas.com.mx\/portal\/wp-content\/uploads\/2023\/06\/Captura-de-Pantalla-2023-06-21-a-las-6.36.03.jpg 1452w\" sizes=\"(max-width: 1024px) 100vw, 1024px\" \/><\/figure>\n\n\n\n<p><\/p>\n\n\n\n<p class=\"has-vivid-red-color has-text-color has-medium-font-size\"><strong>YADIRA LLAVEN ANZURES \/ LA JORNADA DE ORIENTE<\/strong><\/p>\n\n\n\n<p>Con una calificaci\u00f3n de 3.5 puntos, Puebla reporta desde 2020 un alto riesgo de estr\u00e9s h\u00eddrico, debido a que se encuentra entre las ciudades del mundo declaradas en alerta roja, por la escasez de agua, la alta&nbsp;<a href=\"https:\/\/www.lajornadadeoriente.com.mx\/puebla\/juez-ordeno-a-concesiones-integrales-iniciar-ya-el-saneamiento-de-rios-para-evitar-que-avance-dano-ambiental\/\" target=\"_blank\" rel=\"noreferrer noopener\">contaminaci\u00f3n de sus r\u00edos<\/a>&nbsp;y la baja recarga de mantos acu\u00edferos, que se ha ido pronunciando con las ondas de calor, sequ\u00edas e incendios en la entidad.&nbsp;<\/p>\n\n\n\n<p>Entre mayor es la puntuaci\u00f3n de un estado, con un m\u00e1ximo de cinco, m\u00e1s cerca est\u00e1 de quedarse sin agua o \u201cD\u00eda Cero\u201d, como se titula el estudio que dio a conocer el Instituto de Recursos Mundiales (WRI, por sus siglas en ingl\u00e9s), donde advirti\u00f3 la sobredemanda de agua que tiene Puebla sobre la cantidad disponible del l\u00edquido.&nbsp;<\/p>\n\n\n\n<p>En el atlas de riesgo de\u00a0<em>Aqueduct Alliance<\/em>\u00a0\u2013que pertenece a\u00a0<a href=\"https:\/\/twitter.com\/WRIRossCities\" target=\"_blank\" rel=\"noreferrer noopener\">WRI<\/a>\u2013 se precis\u00f3 que en la ciudad de Puebla \u2013donde se concentra el mayor n\u00famero de poblaci\u00f3n del estado- se consume anualmente entre el 40 y el 80 por ciento de sus reservas de agua.\u00a0<\/p>\n\n\n\n<div class=\"wp-block-image is-style-default\"><figure class=\"alignright\"><img decoding=\"async\" src=\"https:\/\/www.lajornadadeoriente.com.mx\/wp-content\/uploads\/2023\/06\/WhatsApp-Image-2023-06-20-at-8.10.35-PM.jpeg\" alt=\"\" class=\"wp-image-834631\"\/><\/figure><\/div>\n\n\n\n<p><\/p>\n\n\n\n<p><strong>La agrupaci\u00f3n cuenta con bases de datos abiertos mediante trabajos colaborativos con empresas, gobiernos y socios de investigaci\u00f3n, para generar herramientas que midan el impacto del cambio clim\u00e1tico, inundaciones, sequ\u00edas y las enfermedades transmitidas por el agua.&nbsp;<\/strong><\/p>\n\n\n\n<p><strong>En el caso de Puebla<\/strong>&nbsp;determin\u00f3 que una de&nbsp;<strong>sus principales problem\u00e1ticas es el estr\u00e9s h\u00eddrico,<\/strong>&nbsp;cuyos registros m\u00e1s altos se detectaron en el sector de la agricultura al obtener una estimaci\u00f3n de 3.19 de cinco puntos.&nbsp;<\/p>\n\n\n\n<p>Otro de los indicadores m\u00e1s altos con estr\u00e9s h\u00eddrico fue el agua para uso dom\u00e9stico, con una calificaci\u00f3n de 2.89 puntos; mientras que las actividades industriales de la entidad recibieron un promedio de 2.80 de 5 puntos.&nbsp;<\/p>\n\n\n\n<p>A nivel nacional,&nbsp;<strong>Puebla se posicion\u00f3 entre las 22 entidades con menor estr\u00e9s h\u00eddrico<\/strong>&nbsp;en el pa\u00eds.&nbsp;<\/p>\n\n\n\n<p>En cambio, los territorios con las estimaciones m\u00e1s altas de riesgo de quedarse sin agua son: Baja California (5 puntos), Guanajuato (4.94), Ciudad de M\u00e9xico (4.9), Aguascalientes (4.81) y Estado de M\u00e9xico (4.76).&nbsp;<\/p>\n\n\n\n<p>El Instituto de Recursos Mundiales inform\u00f3 que&nbsp;17 pa\u00edses enfrentan niveles \u201cextremadamente altos\u201d de estr\u00e9s h\u00eddrico, es decir que est\u00e1n usando pr\u00e1cticamente toda el agua que tienen disponible; y en 44 pa\u00edses, entre ellos M\u00e9xico, se enfrentan a niveles \u201caltos\u201d de estr\u00e9s.&nbsp;<\/p>\n\n\n\n<p>El estudio afirm\u00f3 que esta situaci\u00f3n de la falta de agua va m\u00e1s all\u00e1 de las sequ\u00edas, al informar que la extracci\u00f3n se ha duplicado desde la d\u00e9cada de1960, debido a la acelerada demanda por el crecimiento poblacional, el desarrollo inmobiliario y econ\u00f3mico.&nbsp;<\/p>\n\n\n\n<p>Adem\u00e1s, sum\u00f3 el crecimiento demogr\u00e1fico, los retrasos en temporales de lluvias, deshielos, los cambios artificiales provocados por el ser humano y el cambio clim\u00e1tico global.&nbsp;<\/p>\n\n\n\n<h1 class=\"wp-block-heading\">La disponibilidad de agua var\u00eda seg\u00fan la temperatura: Conagua<\/h1>\n\n\n\n<p>De acuerdo con la Comisi\u00f3n Nacional del Agua (<a href=\"https:\/\/twitter.com\/conagua_mx\" target=\"_blank\" rel=\"noreferrer noopener\">Conagua<\/a>), la disponibilidad del l\u00edquido en el pa\u00eds var\u00eda seg\u00fan la temperatura y los organismos operadores hacen ajustes en la distribuci\u00f3n del recurso.&nbsp;&nbsp;<\/p>\n\n\n\n<p>En el inicio de la semana, han prevalecido las altas temperaturas en el estado por la tercera&nbsp;<a href=\"https:\/\/www.lajornadadeoriente.com.mx\/puebla\/docena-de-incendios\/\" target=\"_blank\" rel=\"noreferrer noopener\">ola de calor<\/a>, por lo que en municipios como Acatl\u00e1n de Osorio se registraron hasta 50 grados cent\u00edgrados.&nbsp;<\/p>\n\n\n\n<p>De acuerdo con la Conagua,&nbsp;<strong>se prev\u00e9n temperaturas de entre 40 y hasta 50 grados en regiones como la Mixteca poblana.&nbsp;<\/strong>&nbsp;<\/p>\n\n\n\n<p>El mismo nivel de calor se registr\u00f3 tambi\u00e9n en municipios como Huachinango, donde llegaron a 49 grados; as\u00ed como&nbsp;Palmar de Bravo e Iz\u00facar de Matamoros, con registras de 45 grados.&nbsp;<\/p>\n\n\n\n<p><strong>El organismo inform\u00f3 que de los 653 acu\u00edferos que hay en el pa\u00eds, entre 100 y 106 se encuentran sobrexplotados<\/strong>, seis de ellos se ubican en la entidad poblana, como es el Valle de Tecamachalco que est\u00e1 debajo de su capacidad, al extraer 220 millones de metros c\u00fabicos, y el del Valle de Puebla, con un volumen de extracci\u00f3n de 278 millones de metros c\u00fabicos de agua anuales.&nbsp;<\/p>\n\n\n\n<p>El reporte de la Conagua indic\u00f3 que en el centro del pa\u00eds la dotaci\u00f3n del recurso, incluidas las fugas en la red de agua potable, es variable. La m\u00e1xima cantidad la recibe Cuernavaca con 453 litros al d\u00eda, y la m\u00ednima Pachuca (206 litros).&nbsp;&nbsp;<\/p>\n\n\n\n<blockquote class=\"wp-block-quote is-layout-flow wp-block-quote-is-layout-flow\"><p>En la ciudad de Puebla una persona en promedio obtiene 192 litros; en Ciudad de M\u00e9xico, 322; en Toluca 270, y Aguascalientes 323.&nbsp;&nbsp;<\/p><\/blockquote>\n\n\n\n<p>Reportes de organizaciones como la Asamblea Social del Agua (ASA) en Puebla han documentado en los \u00faltimos 10 a\u00f1os que en varias ciudades hay tandeo, hay agua en la llave algunas horas del d\u00eda, algunos d\u00edas de la semana o del mes por el ineficiente servicio que otorgar la empresa Concesiones Integrales SA de CV, que privatiz\u00f3 el suministro de agua, drenaje y saneamiento desde 2013.&nbsp;<\/p>\n\n\n\n<p>Ante las p\u00e9rdidas de agua en las redes, la Conagua se\u00f1al\u00f3 que es necesario mejorar la infraestructura, para hacer mejor uso del l\u00edquido.\u00a0<\/p>\n\n\n\n<p>Fuente: <a href=\"https:\/\/www.lajornadadeoriente.com.mx\/puebla\/puebla-alerta-roja-por-alto-estres-hidrico-desde-2020-wri\/\">https:\/\/www.lajornadadeoriente.com.mx\/puebla\/puebla-alerta-roja-por-alto-estres-hidrico-desde-2020-wri\/<\/a><\/p>\n","protected":false},"excerpt":{"rendered":"<p>YADIRA LLAVEN ANZURES \/ LA JORNADA DE ORIENTE Con una calificaci\u00f3n de 3.5 puntos, Puebla reporta desde 2020 un alto [&hellip;]<\/p>\n","protected":false},"author":1,"featured_media":53491,"comment_status":"open","ping_status":"open","sticky":false,"template":"","format":"standard","meta":{"site-sidebar-layout":"default","site-content-layout":"","ast-site-content-layout":"default","site-content-style":"default","site-sidebar-style":"default","ast-global-header-display":"","ast-banner-title-visibility":"","ast-main-header-display":"","ast-hfb-above-header-display":"","ast-hfb-below-header-display":"","ast-hfb-mobile-header-display":"","site-post-title":"","ast-breadcrumbs-content":"","ast-featured-img":"","footer-sml-layout":"","theme-transparent-header-meta":"","adv-header-id-meta":"","stick-header-meta":"","header-above-stick-meta":"","header-main-stick-meta":"","header-below-stick-meta":"","astra-migrate-meta-layouts":"default","ast-page-background-enabled":"default","ast-page-background-meta":{"desktop":{"background-color":"var(--ast-global-color-4)","background-image":"","background-repeat":"repeat","background-position":"center center","background-size":"auto","background-attachment":"scroll","background-type":"","background-media":"","overlay-type":"","overlay-color":"","overlay-opacity":"","overlay-gradient":""},"tablet":{"background-color":"","background-image":"","background-repeat":"repeat","background-position":"center center","background-size":"auto","background-attachment":"scroll","background-type":"","background-media":"","overlay-type":"","overlay-color":"","overlay-opacity":"","overlay-gradient":""},"mobile":{"background-color":"","background-image":"","background-repeat":"repeat","background-position":"center center","background-size":"auto","background-attachment":"scroll","background-type":"","background-media":"","overlay-type":"","overlay-color":"","overlay-opacity":"","overlay-gradient":""}},"ast-content-background-meta":{"desktop":{"background-color":"var(--ast-global-color-5)","background-image":"","background-repeat":"repeat","background-position":"center center","background-size":"auto","background-attachment":"scroll","background-type":"","background-media":"","overlay-type":"","overlay-color":"","overlay-opacity":"","overlay-gradient":""},"tablet":{"background-color":"var(--ast-global-color-5)","background-image":"","background-repeat":"repeat","background-position":"center center","background-size":"auto","background-attachment":"scroll","background-type":"","background-media":"","overlay-type":"","overlay-color":"","overlay-opacity":"","overlay-gradient":""},"mobile":{"background-color":"var(--ast-global-color-5)","background-image":"","background-repeat":"repeat","background-position":"center center","background-size":"auto","background-attachment":"scroll","background-type":"","background-media":"","overlay-type":"","overlay-color":"","overlay-opacity":"","overlay-gradient":""}},"footnotes":""},"categories":[8],"tags":[17062,17063,17064],"class_list":["post-53490","post","type-post","status-publish","format-standard","has-post-thumbnail","hentry","category-noticias","tag-estres-hidrico","tag-puebla-calor-extremo","tag-rios-contaminados"],"_links":{"self":[{"href":"https:\/\/losperiodistas.com.mx\/portal\/wp-json\/wp\/v2\/posts\/53490","targetHints":{"allow":["GET"]}}],"collection":[{"href":"https:\/\/losperiodistas.com.mx\/portal\/wp-json\/wp\/v2\/posts"}],"about":[{"href":"https:\/\/losperiodistas.com.mx\/portal\/wp-json\/wp\/v2\/types\/post"}],"author":[{"embeddable":true,"href":"https:\/\/losperiodistas.com.mx\/portal\/wp-json\/wp\/v2\/users\/1"}],"replies":[{"embeddable":true,"href":"https:\/\/losperiodistas.com.mx\/portal\/wp-json\/wp\/v2\/comments?post=53490"}],"version-history":[{"count":1,"href":"https:\/\/losperiodistas.com.mx\/portal\/wp-json\/wp\/v2\/posts\/53490\/revisions"}],"predecessor-version":[{"id":53493,"href":"https:\/\/losperiodistas.com.mx\/portal\/wp-json\/wp\/v2\/posts\/53490\/revisions\/53493"}],"wp:featuredmedia":[{"embeddable":true,"href":"https:\/\/losperiodistas.com.mx\/portal\/wp-json\/wp\/v2\/media\/53491"}],"wp:attachment":[{"href":"https:\/\/losperiodistas.com.mx\/portal\/wp-json\/wp\/v2\/media?parent=53490"}],"wp:term":[{"taxonomy":"category","embeddable":true,"href":"https:\/\/losperiodistas.com.mx\/portal\/wp-json\/wp\/v2\/categories?post=53490"},{"taxonomy":"post_tag","embeddable":true,"href":"https:\/\/losperiodistas.com.mx\/portal\/wp-json\/wp\/v2\/tags?post=53490"}],"curies":[{"name":"wp","href":"https:\/\/api.w.org\/{rel}","templated":true}]}}