{"id":53479,"date":"2023-06-21T00:56:17","date_gmt":"2023-06-21T05:56:17","guid":{"rendered":"http:\/\/losperiodistas.com.mx\/portal\/?p=53479"},"modified":"2023-06-21T00:59:30","modified_gmt":"2023-06-21T05:59:30","slug":"la-entrevista-chimpun","status":"publish","type":"post","link":"https:\/\/losperiodistas.com.mx\/portal\/la-entrevista-chimpun\/","title":{"rendered":"LA ENTREVISTA CHIMP\u00daN | Lolita: \u00abSoy una mujer de 65 a\u00f1os muy apetecible, por lo menos yo me apetezco mucho sola\u00bb | El Mundo"},"content":{"rendered":"\n<h1 class=\"wp-block-heading\" id=\"H1_js_649042fefc6c83f8508b4588\"><\/h1>\n\n\n\n<p class=\"has-background has-medium-font-size\" style=\"background-color:#f5aa51\">Ni se hace la simp\u00e1tica ni lo necesita, as\u00ed que asusta un poco. \u00abNo me como a nadie, no me gusta la carne humana&#8230; para com\u00e9rmela, para otras cosas s\u00ed\u00bb, zanja.<\/p>\n\n\n\n<div class=\"wp-block-image\"><figure class=\"aligncenter size-full\"><img fetchpriority=\"high\" decoding=\"async\" width=\"746\" height=\"497\" src=\"https:\/\/losperiodistas.com.mx\/portal\/wp-content\/uploads\/2023\/06\/16871837686075.jpeg\" alt=\"\" class=\"wp-image-53480\" srcset=\"https:\/\/losperiodistas.com.mx\/portal\/wp-content\/uploads\/2023\/06\/16871837686075.jpeg 746w, https:\/\/losperiodistas.com.mx\/portal\/wp-content\/uploads\/2023\/06\/16871837686075-300x200.jpeg 300w\" sizes=\"(max-width: 746px) 100vw, 746px\" \/><figcaption>La cantante y actriz Lolita.<strong>ANTONIO HEREDIA<\/strong> MUNDO<\/figcaption><\/figure><\/div>\n\n\n\n<p class=\"has-vivid-red-color has-text-color has-medium-font-size\"><strong>I\u00d1AKO D\u00cdAZ-GUERRA \/ EL MUNDO<\/strong><\/p>\n\n\n\n<p><strong>Lolita&nbsp;<\/strong>(Madrid, 1958) impone y se lo digo. \u00ab\u00bfYo?\u00bb, me responde, fingiendo una sorpresa que no siente. Lleva un rato dando indicaciones tan asertivas que cualquiera podr\u00eda confundirlas con \u00f3rdenes tajantes al peque\u00f1o s\u00e9quito que se mueve a su alrededor. Protagoniza&nbsp;<strong><em>Las invisibles<\/em><\/strong>, la serie de SkyShowtime en la que interpreta a la camarera de piso de un hotel de lujo similar al que nos acoge, y conduce la sesi\u00f3n de fotos con palabras sueltas. \u00abMaquillaje\u00bb, \u00abas\u00ed\u00bb, \u00abahora\u00bb, \u00abespera\u00bb, \u00abbolso\u00bb, \u00abya\u00bb. Me toca, pero antes: \u00abPrimero un cigarro y, tranquilo, que yo no me como a nadie. No me gusta la carne humana&#8230; para com\u00e9rmela, para otras cosas s\u00ed\u00bb.<\/p>\n\n\n\n<p><strong>Andabas preocupada antes con d\u00f3nde dejar la colilla para no tirarla al suelo.<\/strong><\/p>\n\n\n\n<p>S\u00ed, la serie me ha dejado poso. Es una reivindicaci\u00f3n de esas mujeres que ganan muy poco dinero y tienen que hacer muchas habitaciones al d\u00eda. Realmente son las invisibles, porque los clientes s\u00ed somos visibles, pero ellas no y realmente hacen una labor muy buena. Creo que la gente con esta serie va a coger conciencia de que hay que ser un poquito m\u00e1s ordenado y un poquito m\u00e1s limpio porque luego vienen estas mujeres, que directamente nos quitan la mierda, y nosotros no les echamos cuenta.<\/p>\n\n\n\n<p><strong>Ser invisible es algo que t\u00fa no te has podido permitir ni un d\u00eda de tu vida.<\/strong><\/p>\n\n\n\n<p>S\u00ed, alg\u00fan d\u00eda s\u00ed. Y no tan pocos como piensas.<\/p>\n\n\n\n<p><strong>\u00bfLo has logrado? \u00bfC\u00f3mo?<\/strong><\/p>\n\n\n\n<p>Porque vosotros no os hab\u00e9is enterado (risas). He viajado para escapar de eso. Me tuve que ir a Vietnam para que no me conociera nadie. He ido a Roma, a Grecia, a pa\u00edses donde Lolita Flores a lo mejor se puede encontrar un turista espa\u00f1ol que la conozca, pero poco m\u00e1s. Lo mejor fue Vietnam. All\u00ed s\u00ed que no me conoce nadie.<\/p>\n\n\n\n<p><strong>Hay un dato oficial que dice que fuiste la ni\u00f1a m\u00e1s fotografiada de 1958.<\/strong><\/p>\n\n\n\n<p>S\u00ed, el d\u00eda que nac\u00ed me hizo fotos todo el pa\u00eds y ya fui la m\u00e1s retratada del a\u00f1o. Es l\u00f3gico, era la primera hija de Lola Flores y no hab\u00eda mucha gente m\u00e1s famosa que mi madre en Espa\u00f1a. No s\u00e9, no me extra\u00f1a.<\/p>\n\n\n\n<p><strong>\u00bfHas podido llevar una vida m\u00e1s convencional de lo que imaginamos?<\/strong><\/p>\n\n\n\n<p>Yo llevo la vida que quiero llevar. \u00bfA qu\u00e9 llamas convencional? No trabajo en una oficina, tengo una profesi\u00f3n que me permite viajar y conocer otras ciudades y otros pa\u00edses, bien haciendo teatro o bien pas\u00e1ndome tres meses en Barcelona como cuando hice la serie. Por cierto, me enamor\u00e9 de Caldes d&#8217;Estrac, donde rodamos. Me pareci\u00f3 un pueblo maravilloso y estupendo para veranear. Todo eso me lo da mi profesi\u00f3n. Gracias a dios no tengo que madrugar ni tengo que coger el metro o el autob\u00fas para llegar a la oficina y fichar todas las ma\u00f1anas. No me gusta nada madrugar si puedo evitarlo. Yo no s\u00e9 cu\u00e1l es tu vida ni si es convencional, pero para m\u00ed la m\u00eda s\u00ed lo es. No me levanto con la peineta y la flor. Ni yo ni nadie de mi familia.<\/p>\n\n\n\n<p><strong>\u00bfSientes que se ha creado esa imagen?<\/strong><\/p>\n\n\n\n<p>S\u00ed, se ha creado una imagen que no es cierta, que mi madre chillaba todo el tiempo y que as\u00ed era como viv\u00eda ella y, por extensi\u00f3n, nosotros. Y no es as\u00ed. Entonces y ahora, leemos los peri\u00f3dicos, nos quedamos en la cama viendo el&nbsp;<em>Telediario<\/em>, desayunamos a las 10 y media o a las 11, comemos en casa a las tres de la tarde, merendamos a las cinco y, al menos yo, ceno a las ocho y media o las nueve. A las 10 estoy metida en la cama viendo la tele. Es decir, que m\u00e1s convencional que eso es dif\u00edcil. Y cuando tengo que trabajar, se da el callo y punto.<\/p>\n\n\n\n<p><strong>\u00bfA\u00fan tienes que trabajar o ya es pura vocaci\u00f3n?<\/strong><\/p>\n\n\n\n<p>Se da por hecho que eres millonaria y s\u00f3lo soy millonaria en admiraci\u00f3n. De la gente, de mis amigos&#8230; En eso soy archimillonaria, luego el dinero va y viene. Hay meses que tienes mucho y meses que tienes menos, seg\u00fan el trabajo que salga. A\u00fan tengo que trabajar y mi trabajo no es fijo, sino que va y viene. Me pas\u00e9 tres meses haciendo&nbsp;<em>Las Invisibles<\/em>, pero en abril termin\u00e9&nbsp;<em>Tu cara me suena<\/em>&nbsp;y ahora estoy m\u00e1s parada. Estoy prepar\u00e1ndome para una obra de teatro que tengo en octubre y he hecho un audiolibro de&nbsp;<em>La plaza del diamante<\/em>. Bueno, no est\u00e1 mal, pero no es un trabajo de todos los d\u00edas. Y en el fondo es el im\u00e1n que tiene esta profesi\u00f3n. Esa incertidumbre le da un morbo que me tiene aqu\u00ed cogida.<\/p>\n\n\n\n<p><strong>Suena m\u00e1s agobiante que morboso.<\/strong><\/p>\n\n\n\n<p>Hombre, es agobiante porque tienes que llegar a fin de mes, l\u00f3gicamente, y no siempre es f\u00e1cil. Yo vivo de mi trabajo, no tengo pisos que me haya comprado y me mantengan con su alquiler. Vivo de trabajar y de trabajar muy duro, intentando ser cada vez mejor, no solamente como actriz, sino como persona. Pero, bueno, as\u00ed estamos todos los espa\u00f1oles. Hacienda somos todos.<\/p>\n\n\n\n<p><strong>\u00bfTu carrera musical la das por cerrada? Llevas 10 a\u00f1os sin disco ni gira.<\/strong><\/p>\n\n\n\n<p>Yo no cierro nunca nada ni estoy cerrada a la m\u00fasica ni a ning\u00fan palo de mi profesi\u00f3n. Lo que pasa es que hay \u00e9pocas. He cantado durante much\u00edsimos a\u00f1os, pero ahora se me ha abierto un abanico de posibilidades para ser actriz y aprovecho este momento. En el futuro, \u00bfqui\u00e9n sabe? No tengo casa de discos y tampoco nadie me ofrece hacer un disco maravilloso que luego pueda exponer en un teatro. Por lo tanto, para cantar las mismas canciones desde hace 45 a\u00f1os, paso. Ya estoy hasta aqu\u00ed [se\u00f1ala un palmo por encima de su coronilla] de&nbsp;<em>Amor, amor<\/em>. Me lo dio todo en aquel momento, cuando era muy jovencita, pero me gustar\u00eda hacer otro tipo de m\u00fasica y no hay ocasi\u00f3n. Entonces, de momento, sigo con lo que Dios y el universo me van marcando: esta serie, una obra de teatro y la segunda temporada de&nbsp;<em>Las invisibles<\/em>, que se har\u00e1, ya lo ver\u00e1s.<\/p>\n\n\n\n<p><strong>Hablas de canciones de hace 45 a\u00f1os, \u00bfprefieres no mirar atr\u00e1s?<\/strong><\/p>\n\n\n\n<p>\u00bfPara qu\u00e9? Yo me acuerdo de la gente, pero de los momentos&#8230; Los buenos vividos est\u00e1n y los malos tambi\u00e9n est\u00e1n sufridos. Por lo tanto, \u00bfpara qu\u00e9 regodearse en algo que ya ha pasado? Pienso en el presente y, sobre todo, en seguir disfrutando del futuro: de mis nietos, de mis hijos, de mis amigos, de mi trabajo, de mi vida e intentar, como te he dicho antes, ser cada d\u00eda un poquito mejor.<\/p>\n\n\n\n<p><strong>\u00bfC\u00f3mo sigue tu madre tan presente en la memoria colectiva de este pa\u00eds?<\/strong><\/p>\n\n\n\n<p>No lo s\u00e9. Eso tendr\u00eda que explic\u00e1rtelo mi madre, que va a ser complicado. O el p\u00fablico, pero no yo. Como hija, me llena de orgullo. Lo mismo que a mi hermana, a mi t\u00eda, a mis hijos, a mis sobrinos&#8230; Pero a qui\u00e9n deber\u00edas preguntar por qu\u00e9 Lola Flores sigue tan vigente es a la gente, que es la que nos ensalza o nos hunde.<\/p>\n\n\n\n<p><strong>Ya, pero es un icono pop, un icono feminista, un icono gay&#8230;<\/strong><\/p>\n\n\n\n<p>Pero los gays no la quieren de ahora, la quieren de siempre. Si hay grupos que la quieren coger como emblema, es problema de ellos. Para m\u00ed s\u00f3lo es mi madre y con eso me vale y me sobra. Para m\u00ed no es sorprendente porque s\u00e9 lo grande que era. Estoy cada d\u00eda m\u00e1s orgullosa de apellidarme Flores. De hecho, empec\u00e9 siendo Lolita y ahora en todos sitios soy Lolita Flores. Mi padre se enfadar\u00eda mucho porque el Gonz\u00e1lez no est\u00e1.<\/p>\n\n\n\n<p><strong>No ha habido manera de quitarse el diminutivo.<\/strong><\/p>\n\n\n\n<p>Hay gente que me llama Lola pero me suena raro. Lola es mi madre y as\u00ed debe ser. Yo soy Lolita de toda la vida y no quiero cambiarlo, lo ser\u00e9 hasta que me retire.<\/p>\n\n\n\n<p><strong>\u00bfTienes ganas ya?<\/strong><\/p>\n\n\n\n<p>No. Tengo 65 a\u00f1os y podr\u00eda jubilarme, pero me siento con fuerza y tengo salud. Seguir\u00e9 mientras la gente me contrate y yo me guste cuando me miro en el espejo, que se lleven las pagas del Estado otros que las necesiten m\u00e1s que yo.<\/p>\n\n\n\n<p><strong>\u00bfQu\u00e9 ves cuando te miras al espejo?<\/strong><\/p>\n\n\n\n<p>Una mujer que me gusta. No tengo la misma belleza que ten\u00eda cuando ten\u00eda 35 o 40 a\u00f1os, pero me veo como una mujer de 65 a\u00f1os muy apetecible. Por lo menos yo me apetezco mucho sola [risas]. A m\u00ed me da igual la edad y si gusto a los dem\u00e1s. No tengo ni prisa ni pausa, voy a lo m\u00edo. Si no te gustas t\u00fa, no puedes gustar; si t\u00fa no tienes seguridad en ti, no puedes dar seguridad a los dem\u00e1s, y si t\u00fa no tienes confianza, tampoco te puedes poner delante de una c\u00e1mara. Todo tiene que empezar por ti: la educaci\u00f3n, el saber estar, los egos, el actuar&#8230; Cuando una est\u00e1 segura de qui\u00e9n es y de lo que es, tira millas.<\/p>\n\n\n\n<p><strong>\u00bfQui\u00e9n eres?<\/strong><\/p>\n\n\n\n<p>\u00bfYo? Mar\u00eda de los Dolores Gonz\u00e1lez Flores Batista Ruiz. Ni m\u00e1s ni menos.<\/p>\n\n\n\n<p>Fuente: <a href=\"https:\/\/www.elmundo.es\/cultura\/2023\/06\/21\/649042fefc6c83f8508b4588.html\">https:\/\/www.elmundo.es\/cultura\/2023\/06\/21\/649042fefc6c83f8508b4588.html<\/a><\/p>\n","protected":false},"excerpt":{"rendered":"<p>Ni se hace la simp\u00e1tica ni lo necesita, as\u00ed que asusta un poco. \u00abNo me como a nadie, no me [&hellip;]<\/p>\n","protected":false},"author":1,"featured_media":53480,"comment_status":"open","ping_status":"open","sticky":false,"template":"","format":"standard","meta":{"site-sidebar-layout":"default","site-content-layout":"","ast-site-content-layout":"default","site-content-style":"default","site-sidebar-style":"default","ast-global-header-display":"","ast-banner-title-visibility":"","ast-main-header-display":"","ast-hfb-above-header-display":"","ast-hfb-below-header-display":"","ast-hfb-mobile-header-display":"","site-post-title":"","ast-breadcrumbs-content":"","ast-featured-img":"","footer-sml-layout":"","theme-transparent-header-meta":"","adv-header-id-meta":"","stick-header-meta":"","header-above-stick-meta":"","header-main-stick-meta":"","header-below-stick-meta":"","astra-migrate-meta-layouts":"default","ast-page-background-enabled":"default","ast-page-background-meta":{"desktop":{"background-color":"var(--ast-global-color-4)","background-image":"","background-repeat":"repeat","background-position":"center center","background-size":"auto","background-attachment":"scroll","background-type":"","background-media":"","overlay-type":"","overlay-color":"","overlay-opacity":"","overlay-gradient":""},"tablet":{"background-color":"","background-image":"","background-repeat":"repeat","background-position":"center center","background-size":"auto","background-attachment":"scroll","background-type":"","background-media":"","overlay-type":"","overlay-color":"","overlay-opacity":"","overlay-gradient":""},"mobile":{"background-color":"","background-image":"","background-repeat":"repeat","background-position":"center center","background-size":"auto","background-attachment":"scroll","background-type":"","background-media":"","overlay-type":"","overlay-color":"","overlay-opacity":"","overlay-gradient":""}},"ast-content-background-meta":{"desktop":{"background-color":"var(--ast-global-color-5)","background-image":"","background-repeat":"repeat","background-position":"center center","background-size":"auto","background-attachment":"scroll","background-type":"","background-media":"","overlay-type":"","overlay-color":"","overlay-opacity":"","overlay-gradient":""},"tablet":{"background-color":"var(--ast-global-color-5)","background-image":"","background-repeat":"repeat","background-position":"center center","background-size":"auto","background-attachment":"scroll","background-type":"","background-media":"","overlay-type":"","overlay-color":"","overlay-opacity":"","overlay-gradient":""},"mobile":{"background-color":"var(--ast-global-color-5)","background-image":"","background-repeat":"repeat","background-position":"center center","background-size":"auto","background-attachment":"scroll","background-type":"","background-media":"","overlay-type":"","overlay-color":"","overlay-opacity":"","overlay-gradient":""}},"footnotes":""},"categories":[8],"tags":[10934,17060,17059],"class_list":["post-53479","post","type-post","status-publish","format-standard","has-post-thumbnail","hentry","category-noticias","tag-flamenco","tag-lola-la-grande","tag-lolita-flores"],"_links":{"self":[{"href":"https:\/\/losperiodistas.com.mx\/portal\/wp-json\/wp\/v2\/posts\/53479","targetHints":{"allow":["GET"]}}],"collection":[{"href":"https:\/\/losperiodistas.com.mx\/portal\/wp-json\/wp\/v2\/posts"}],"about":[{"href":"https:\/\/losperiodistas.com.mx\/portal\/wp-json\/wp\/v2\/types\/post"}],"author":[{"embeddable":true,"href":"https:\/\/losperiodistas.com.mx\/portal\/wp-json\/wp\/v2\/users\/1"}],"replies":[{"embeddable":true,"href":"https:\/\/losperiodistas.com.mx\/portal\/wp-json\/wp\/v2\/comments?post=53479"}],"version-history":[{"count":2,"href":"https:\/\/losperiodistas.com.mx\/portal\/wp-json\/wp\/v2\/posts\/53479\/revisions"}],"predecessor-version":[{"id":53484,"href":"https:\/\/losperiodistas.com.mx\/portal\/wp-json\/wp\/v2\/posts\/53479\/revisions\/53484"}],"wp:featuredmedia":[{"embeddable":true,"href":"https:\/\/losperiodistas.com.mx\/portal\/wp-json\/wp\/v2\/media\/53480"}],"wp:attachment":[{"href":"https:\/\/losperiodistas.com.mx\/portal\/wp-json\/wp\/v2\/media?parent=53479"}],"wp:term":[{"taxonomy":"category","embeddable":true,"href":"https:\/\/losperiodistas.com.mx\/portal\/wp-json\/wp\/v2\/categories?post=53479"},{"taxonomy":"post_tag","embeddable":true,"href":"https:\/\/losperiodistas.com.mx\/portal\/wp-json\/wp\/v2\/tags?post=53479"}],"curies":[{"name":"wp","href":"https:\/\/api.w.org\/{rel}","templated":true}]}}