{"id":53476,"date":"2023-06-21T00:38:30","date_gmt":"2023-06-21T05:38:30","guid":{"rendered":"http:\/\/losperiodistas.com.mx\/portal\/?p=53476"},"modified":"2023-06-21T00:38:31","modified_gmt":"2023-06-21T05:38:31","slug":"siguen-los-pasos-de-omar-fayad-diputados-y-dirigente-del-pri-en-hidalgo-renuncian-infobae","status":"publish","type":"post","link":"https:\/\/losperiodistas.com.mx\/portal\/siguen-los-pasos-de-omar-fayad-diputados-y-dirigente-del-pri-en-hidalgo-renuncian-infobae\/","title":{"rendered":"Siguen los pasos de Omar Fayad: diputados y dirigente del PRI en Hidalgo renuncian | Infobae"},"content":{"rendered":"\n<h2 class=\"has-light-green-cyan-background-color has-background has-medium-font-size wp-block-heading\">Los legisladores descartaron la posibilidad de integrarse a otro partido pol\u00edtico; en tanto los ocho legisladores ser\u00e1n diputados independientes<\/h2>\n\n\n\n<p><\/p>\n\n\n\n<figure class=\"wp-block-image size-large\"><img fetchpriority=\"high\" decoding=\"async\" width=\"1024\" height=\"578\" src=\"https:\/\/losperiodistas.com.mx\/portal\/wp-content\/uploads\/2023\/06\/Captura-de-pantalla-2023-06-20-a-las-23.31.44-1024x578.png\" alt=\"\" class=\"wp-image-53477\" srcset=\"https:\/\/losperiodistas.com.mx\/portal\/wp-content\/uploads\/2023\/06\/Captura-de-pantalla-2023-06-20-a-las-23.31.44-1024x578.png 1024w, https:\/\/losperiodistas.com.mx\/portal\/wp-content\/uploads\/2023\/06\/Captura-de-pantalla-2023-06-20-a-las-23.31.44-300x169.png 300w, https:\/\/losperiodistas.com.mx\/portal\/wp-content\/uploads\/2023\/06\/Captura-de-pantalla-2023-06-20-a-las-23.31.44-768x434.png 768w, https:\/\/losperiodistas.com.mx\/portal\/wp-content\/uploads\/2023\/06\/Captura-de-pantalla-2023-06-20-a-las-23.31.44-1536x868.png 1536w, https:\/\/losperiodistas.com.mx\/portal\/wp-content\/uploads\/2023\/06\/Captura-de-pantalla-2023-06-20-a-las-23.31.44.png 1636w\" sizes=\"(max-width: 1024px) 100vw, 1024px\" \/><figcaption>(Foto: Leonardo Herrera\/@herreleo)<\/figcaption><\/figure>\n\n\n\n<p class=\"has-vivid-red-color has-text-color has-medium-font-size\"><strong>LIZETH  MORALES \/ INFOBAE<\/strong><\/p>\n\n\n\n<p>Ocho diputados locales del&nbsp;<strong>Partido Revolucionario Institucional<\/strong>&nbsp;(<strong>PRI<\/strong>) en<strong>&nbsp;Hidalgo<\/strong>, as\u00ed como integrantes del Comit\u00e9 Directivo presentaron su renuncia.<\/p>\n\n\n\n<div class=\"wp-block-image\"><figure class=\"alignleft is-resized\"><img decoding=\"async\" src=\"https:\/\/cloudfront-us-east-1.images.arcpublishing.com\/infobae\/C3H3M7RYQ5EAVIWII5L2UMDHCI.jpg\" alt=\"Los priistas convivieron durante a\u00f1os (Cuartoscuro)\" width=\"-491\" height=\"-276\"\/><\/figure><\/div>\n\n\n\n<p>Te puede interesar: <strong><a href=\"https:\/\/www.infobae.com\/mexico\/2023\/06\/16\/de-amigos-a-enemigos-el-rompimiento-entre-alito-moreno-y-omar-fayad\/\">De amigos a enemigos: el rompimiento entre Alito Moreno y Omar Fayad<\/a><\/strong><\/p>\n\n\n\n<p><\/p>\n\n\n\n<p><\/p>\n\n\n\n<p>Se trata de las y los legisladores\u00a0<strong>Marcia Torres<\/strong>, Erika Araceli Rodr\u00edguez, Citlali Jaramillo, Michelle Calder\u00f3n, Alejandro Enciso, Roc\u00eda Jaqueline Sosa, Juan de Dios Pontigo, as\u00ed como el dirigente del PRI en el estado, Julio Valera Piedras.<\/p>\n\n\n\n<p>El ahora ex presidente estatal del PRI asegur\u00f3 que la decisi\u00f3n se dio de manera conjunta y a manera de protesta por los \u201catropello y abusos\u201d que supuestamente estar\u00eda cometiendo la dirigencia nacional encabezada por<strong>&nbsp;Alejandro&nbsp;<\/strong><em><strong>Alito<\/strong><\/em><strong>&nbsp;Moreno C\u00e1rdenas<\/strong>.<\/p>\n\n\n\n<p>\u201cHoy vemos que las decisiones se centralizan\u201d, declar\u00f3 ante medios de comunicaci\u00f3n.<\/p>\n\n\n\n<p class=\"has-cyan-bluish-gray-background-color has-background\"><a href=\"https:\/\/www.infobae.com\/mexico\/2023\/06\/17\/bailando-y-moviendo-la-cadera-omar-fayad-analiza-adhesion-a-nuevos-partidos\/\" target=\"_blank\" rel=\"noreferrer noopener\">Te puede interesar:<strong>Con baile viral y moviendo la cadera, Omar Fayad analiza adhesi\u00f3n a nuevos partidos<\/strong><\/a><\/p>\n\n\n\n<p>A ello acus\u00f3 que desde la misma dirigencia se \u201cha limitado la voluntad y la voz de los liderazgos locales y han comprometido el rumbo del partido\u201d.<img decoding=\"async\" alt=\"El exgobernador de Hidalgo anunci\u00f3 su salida del PRI en medio de se\u00f1alamientos de presunta traici\u00f3n (Twitter\/@omarfayad)\" height=\"1080\" width=\"1920\" class=\"\" src=\"https:\/\/cloudfront-us-east-1.images.arcpublishing.com\/infobae\/GPDBCW74GBF6VNNLY2LD4ZJB24.jpg\" srcset=\"https:\/\/www.infobae.com\/new-resizer\/GRYE3gAiof9vh3tM0rpxY5gcOeI=\/420x236\/filters:format(webp):quality(85)\/cloudfront-us-east-1.images.arcpublishing.com\/infobae\/GPDBCW74GBF6VNNLY2LD4ZJB24.jpg 420w,https:\/\/www.infobae.com\/new-resizer\/qR-xBm9yQ7kBY8IM11_Jh1vr2mA=\/768x432\/filters:format(webp):quality(85)\/cloudfront-us-east-1.images.arcpublishing.com\/infobae\/GPDBCW74GBF6VNNLY2LD4ZJB24.jpg 768w,https:\/\/www.infobae.com\/new-resizer\/AjLilCbv7E3gighxFU6sEDdlmwE=\/992x558\/filters:format(webp):quality(85)\/cloudfront-us-east-1.images.arcpublishing.com\/infobae\/GPDBCW74GBF6VNNLY2LD4ZJB24.jpg 992w,https:\/\/www.infobae.com\/new-resizer\/aGGbPz-sLLep6I_EqIhTU4xshCU=\/1200x675\/filters:format(webp):quality(85)\/cloudfront-us-east-1.images.arcpublishing.com\/infobae\/GPDBCW74GBF6VNNLY2LD4ZJB24.jpg 1200w,https:\/\/www.infobae.com\/new-resizer\/71Bty960obxohdj1uYcPFLzjcKw=\/1440x810\/filters:format(webp):quality(85)\/cloudfront-us-east-1.images.arcpublishing.com\/infobae\/GPDBCW74GBF6VNNLY2LD4ZJB24.jpg 1440w\">El exgobernador de Hidalgo anunci\u00f3 su salida del PRI en medio de se\u00f1alamientos de presunta traici\u00f3n (Twitter\/@omarfayad)<\/p>\n\n\n\n<p>De acuerdo con lo se\u00f1alado en la breve conferencia de prensa los ocho legisladores conformar\u00e1n un grupo plural independiente dentro del Congreso estatal; por el momento descartaron su adhesi\u00f3n a alg\u00fan otro partido pol\u00edtico.<\/p>\n\n\n\n<p class=\"has-cyan-bluish-gray-background-color has-background\"><a href=\"https:\/\/www.infobae.com\/mexico\/2023\/06\/16\/omar-fayad-renuncia-al-pri-y-les-deja-una-advertencia-no-tendra-candidato-en-2024\/\" target=\"_blank\" rel=\"noreferrer noopener\">Te puede interesar:<strong>Omar Fayad renuncia al PRI y les deja una advertencia<\/strong><\/a><\/p>\n\n\n\n<p>Asimismo, tanto legisladores como los ahora ex integrantes del PRI permanecer\u00e1n en un \u201cperiodo de reflexi\u00f3n\u201d antes de decidir los siguientes pasos a seguir en su carrera pol\u00edtica.<\/p>\n\n\n\n<p>El anuncio se emiti\u00f3 la ma\u00f1ana de este 20 de junio, tras cinco d\u00edas de que el ex gobernador de la entidad,<strong>&nbsp;Omar Fayad&nbsp;<\/strong>diera a conocer su dimisi\u00f3n de la militancia tricolor, misma en la que se mantuvo por m\u00e1s de 40 a\u00f1os.<\/p>\n\n\n\n<h2 class=\"wp-block-heading\">Tensiones en el PRI<\/h2>\n\n\n\n<p>La salida de<strong>&nbsp;Omar Fayad<\/strong>&nbsp;fue la culminaci\u00f3n de meses de tensiones entre el ex gobernador hidalguense y&nbsp;<em>Alito&nbsp;<\/em>Moreno.<\/p>\n\n\n\n<p>Y es que las fricciones entre ambos fueron escalando desde finales de 2021, cuando el l\u00edder nacional del PRI acus\u00f3 al exgobernador de Hidalgo de haber entregado al estado (que alguna vez fue uno de los bastiones del tricolor) en el proceso electoral celebrado ese a\u00f1o y en el que Morena y aliados se llevaron la victoria.<\/p>\n\n\n\n<p>Tras la derrota electoral en el estado, la discordia se mantuvo entre dimes y diretes en los que se incluyeron acusaciones de Fayad, quien acus\u00f3 a Moreno C\u00e1rdenas de haberle negado la oportunidad de formar parte del Consejo Pol\u00edtica Nacional.<\/p>\n\n\n\n<p>Desde entonces se agudizaron las sospechas de la salida del ex gobernador, mismas que fueron confirmada a trav\u00e9s de una carta presentada el pasado 15 de junio y en la que lanzaron \u00e1cidas criticas a la actual Dirigencia Nacional priista.<img decoding=\"async\" alt=\"Im\u00e1genes previas a las tensiones entre ex gobernador y el actual dirigente  (Cuartoscuro)\" height=\"1080\" width=\"1920\" class=\"\" src=\"https:\/\/cloudfront-us-east-1.images.arcpublishing.com\/infobae\/C3H3M7RYQ5EAVIWII5L2UMDHCI.jpg\" srcset=\"https:\/\/www.infobae.com\/new-resizer\/gn4fqbfqg2EFyMQ7Hi3-XQxXetQ=\/420x236\/filters:format(webp):quality(85)\/cloudfront-us-east-1.images.arcpublishing.com\/infobae\/C3H3M7RYQ5EAVIWII5L2UMDHCI.jpg 420w,https:\/\/www.infobae.com\/new-resizer\/j--h04uJGvN6UalMiYfFOt2jeRc=\/768x432\/filters:format(webp):quality(85)\/cloudfront-us-east-1.images.arcpublishing.com\/infobae\/C3H3M7RYQ5EAVIWII5L2UMDHCI.jpg 768w,https:\/\/www.infobae.com\/new-resizer\/NpEYvQWb2INqfVZaQWNUsNIPP9A=\/992x558\/filters:format(webp):quality(85)\/cloudfront-us-east-1.images.arcpublishing.com\/infobae\/C3H3M7RYQ5EAVIWII5L2UMDHCI.jpg 992w,https:\/\/www.infobae.com\/new-resizer\/sYaf98CwExpdPTmcPCLq_v7hlMk=\/1200x675\/filters:format(webp):quality(85)\/cloudfront-us-east-1.images.arcpublishing.com\/infobae\/C3H3M7RYQ5EAVIWII5L2UMDHCI.jpg 1200w,https:\/\/www.infobae.com\/new-resizer\/MwytVgajDDdx7P7yYGncAvKdrxM=\/1440x810\/filters:format(webp):quality(85)\/cloudfront-us-east-1.images.arcpublishing.com\/infobae\/C3H3M7RYQ5EAVIWII5L2UMDHCI.jpg 1440w\">Im\u00e1genes previas a las tensiones entre ex gobernador y el actual dirigente (Cuartoscuro)<\/p>\n\n\n\n<p>\u201cLas actuales condiciones del partido son diferentes. Las posibilidades de participaci\u00f3n pol\u00edtica se han visto coartada para los que siempre hemos pensado independiente\u201d, se\u00f1al\u00f3 en el texto.<\/p>\n\n\n\n<p>El mismo d\u00eda y en una entrevista para el noticiario del Azucena Uresti laz\u00f3 otro dardo en contra de los l\u00edderes priistas, llamando a la dirigencia nacional a \u201cno mentirle\u201d a la militancia.<\/p>\n\n\n\n<p>Del otro lado de la moneda, ex compa\u00f1eros de partido, como la diputada Paloma S\u00e1nchez, aprovecharon para responder a las criticas, acusando Fayad Meneses de haber \u201ctraicionado\u201d su militancia mucho antes de abandonarla, ello con el fin de hacer camino pol\u00edtico dentro del ahora partido oficialista: Morena.<\/p>\n\n\n\n<p>A la par, la legisladora se\u00f1al\u00f3 que la dimisi\u00f3n del exgobernador se dio con el prop\u00f3sito de adelantarse a la decisi\u00f3n del PRI de expulsarlo.<\/p>\n\n\n\n<p>Fuente: <a href=\"https:\/\/www.infobae.com\/mexico\/2023\/06\/20\/siguen-los-pasos-de-omar-fayad-diputados-y-dirigente-del-pri-en-hidalgo-renuncian\/\">https:\/\/www.infobae.com\/mexico\/2023\/06\/20\/siguen-los-pasos-de-omar-fayad-diputados-y-dirigente-del-pri-en-hidalgo-renuncian\/<\/a><\/p>\n","protected":false},"excerpt":{"rendered":"<p>Los legisladores descartaron la posibilidad de integrarse a otro partido pol\u00edtico; en tanto los ocho legisladores ser\u00e1n diputados independientes LIZETH [&hellip;]<\/p>\n","protected":false},"author":1,"featured_media":53477,"comment_status":"open","ping_status":"open","sticky":false,"template":"","format":"standard","meta":{"site-sidebar-layout":"default","site-content-layout":"","ast-site-content-layout":"default","site-content-style":"default","site-sidebar-style":"default","ast-global-header-display":"","ast-banner-title-visibility":"","ast-main-header-display":"","ast-hfb-above-header-display":"","ast-hfb-below-header-display":"","ast-hfb-mobile-header-display":"","site-post-title":"","ast-breadcrumbs-content":"","ast-featured-img":"","footer-sml-layout":"","theme-transparent-header-meta":"","adv-header-id-meta":"","stick-header-meta":"","header-above-stick-meta":"","header-main-stick-meta":"","header-below-stick-meta":"","astra-migrate-meta-layouts":"default","ast-page-background-enabled":"default","ast-page-background-meta":{"desktop":{"background-color":"var(--ast-global-color-4)","background-image":"","background-repeat":"repeat","background-position":"center center","background-size":"auto","background-attachment":"scroll","background-type":"","background-media":"","overlay-type":"","overlay-color":"","overlay-opacity":"","overlay-gradient":""},"tablet":{"background-color":"","background-image":"","background-repeat":"repeat","background-position":"center center","background-size":"auto","background-attachment":"scroll","background-type":"","background-media":"","overlay-type":"","overlay-color":"","overlay-opacity":"","overlay-gradient":""},"mobile":{"background-color":"","background-image":"","background-repeat":"repeat","background-position":"center center","background-size":"auto","background-attachment":"scroll","background-type":"","background-media":"","overlay-type":"","overlay-color":"","overlay-opacity":"","overlay-gradient":""}},"ast-content-background-meta":{"desktop":{"background-color":"var(--ast-global-color-5)","background-image":"","background-repeat":"repeat","background-position":"center center","background-size":"auto","background-attachment":"scroll","background-type":"","background-media":"","overlay-type":"","overlay-color":"","overlay-opacity":"","overlay-gradient":""},"tablet":{"background-color":"var(--ast-global-color-5)","background-image":"","background-repeat":"repeat","background-position":"center center","background-size":"auto","background-attachment":"scroll","background-type":"","background-media":"","overlay-type":"","overlay-color":"","overlay-opacity":"","overlay-gradient":""},"mobile":{"background-color":"var(--ast-global-color-5)","background-image":"","background-repeat":"repeat","background-position":"center center","background-size":"auto","background-attachment":"scroll","background-type":"","background-media":"","overlay-type":"","overlay-color":"","overlay-opacity":"","overlay-gradient":""}},"footnotes":""},"categories":[8],"tags":[10782,10492,17058,9007,1978],"class_list":["post-53476","post","type-post","status-publish","format-standard","has-post-thumbnail","hentry","category-noticias","tag-alito-moreno","tag-hidalgo","tag-legisladores-independientes","tag-omar-fayad","tag-pri"],"_links":{"self":[{"href":"https:\/\/losperiodistas.com.mx\/portal\/wp-json\/wp\/v2\/posts\/53476","targetHints":{"allow":["GET"]}}],"collection":[{"href":"https:\/\/losperiodistas.com.mx\/portal\/wp-json\/wp\/v2\/posts"}],"about":[{"href":"https:\/\/losperiodistas.com.mx\/portal\/wp-json\/wp\/v2\/types\/post"}],"author":[{"embeddable":true,"href":"https:\/\/losperiodistas.com.mx\/portal\/wp-json\/wp\/v2\/users\/1"}],"replies":[{"embeddable":true,"href":"https:\/\/losperiodistas.com.mx\/portal\/wp-json\/wp\/v2\/comments?post=53476"}],"version-history":[{"count":1,"href":"https:\/\/losperiodistas.com.mx\/portal\/wp-json\/wp\/v2\/posts\/53476\/revisions"}],"predecessor-version":[{"id":53478,"href":"https:\/\/losperiodistas.com.mx\/portal\/wp-json\/wp\/v2\/posts\/53476\/revisions\/53478"}],"wp:featuredmedia":[{"embeddable":true,"href":"https:\/\/losperiodistas.com.mx\/portal\/wp-json\/wp\/v2\/media\/53477"}],"wp:attachment":[{"href":"https:\/\/losperiodistas.com.mx\/portal\/wp-json\/wp\/v2\/media?parent=53476"}],"wp:term":[{"taxonomy":"category","embeddable":true,"href":"https:\/\/losperiodistas.com.mx\/portal\/wp-json\/wp\/v2\/categories?post=53476"},{"taxonomy":"post_tag","embeddable":true,"href":"https:\/\/losperiodistas.com.mx\/portal\/wp-json\/wp\/v2\/tags?post=53476"}],"curies":[{"name":"wp","href":"https:\/\/api.w.org\/{rel}","templated":true}]}}