{"id":53469,"date":"2023-06-21T00:18:57","date_gmt":"2023-06-21T05:18:57","guid":{"rendered":"http:\/\/losperiodistas.com.mx\/portal\/?p=53469"},"modified":"2023-06-21T00:18:59","modified_gmt":"2023-06-21T05:18:59","slug":"elecciones-primarias-no-seran-simulacion-leonardo-valdes-mural","status":"publish","type":"post","link":"https:\/\/losperiodistas.com.mx\/portal\/elecciones-primarias-no-seran-simulacion-leonardo-valdes-mural\/","title":{"rendered":"Elecciones primarias no ser\u00e1n simulaci\u00f3n.- Leonardo Vald\u00e9s | Mural"},"content":{"rendered":"\n<div class=\"wp-block-image\"><figure class=\"aligncenter size-full\"><img fetchpriority=\"high\" decoding=\"async\" width=\"960\" height=\"640\" src=\"https:\/\/losperiodistas.com.mx\/portal\/wp-content\/uploads\/2023\/06\/5510937.jpg\" alt=\"\" class=\"wp-image-53471\" srcset=\"https:\/\/losperiodistas.com.mx\/portal\/wp-content\/uploads\/2023\/06\/5510937.jpg 960w, https:\/\/losperiodistas.com.mx\/portal\/wp-content\/uploads\/2023\/06\/5510937-300x200.jpg 300w, https:\/\/losperiodistas.com.mx\/portal\/wp-content\/uploads\/2023\/06\/5510937-768x512.jpg 768w\" sizes=\"(max-width: 960px) 100vw, 960px\" \/><figcaption>Justo uno de los principales objetivos de este ejercicio ciudadano es legitimar un aspirante, que puede ser una mujer o un hombre que es conocido a nivel nacional, dijo Vald\u00e9s. Cr\u00e9dito: Mayolo L\u00f3pez<\/figcaption><\/figure><\/div>\n\n\n\n<p><\/p>\n\n\n\n<p class=\"has-vivid-red-color has-text-color has-medium-font-size\"><strong>MAYOLO L\u00d3PEZ \/ MURAL<\/strong><\/p>\n\n\n\n<p>Para finales de octubre o mediados de noviembre, la alianza opositora&nbsp;<strong>Va por M\u00e9xico&nbsp;<\/strong>tendr\u00e1 un \u00abaspirante\u00bb electo por la sociedad en unas elecciones primarias para competir en la elecci\u00f3n presidencial.<\/p>\n\n\n\n<p>Con se\u00f1ales que sugieren que la coalici\u00f3n habr\u00eda aceptado, despu\u00e9s de reticencias y muchos jaloneos, ese ejercicio in\u00e9dito en M\u00e9xico, un\u00a0<strong>Consejo\u00a0Electoral Ciudadano<\/strong>\u00a0est\u00e1 listo para desarrollar unas primarias que no representen una \u00absimulaci\u00f3n\u00bb.<br><br>Como \u00e1rbitro, al frente del Consejo figura\u00a0<strong>Leonardo Vald\u00e9s<\/strong>\u00a0Zurita, ex consejero presidente del desaparecido IFE, coordinador del trabajo de diez especialistas m\u00e1s. Antes de que formalmente empiecen las precampa\u00f1as, los partidos no podr\u00edan organizar unas primarias, pero una instancia ciudadana s\u00ed podr\u00eda hacerlo.<br><br>El frente Unid@s encarg\u00f3 a Vald\u00e9s Zurita el desarrollo del ejercicio. \u00abDigamos que tengo algo de experiencia\u00bb, desliza el \u00e1rbitro en ciernes.<br><br><em><strong>\u00bfPor qu\u00e9 no se toc\u00f3 la puerta del INE?<\/strong><\/em><br><br>En alg\u00fan momento tuvieron la idea de que la coalici\u00f3n Va por M\u00e9xico le pidiera al INE su apoyo para elegir a un coordinador de la coalici\u00f3n, con grandes comillas, pero todos sabr\u00edamos que no era el coordinador de la coalici\u00f3n, sino que ser\u00eda en realidad precandidato a la Presidencia de la Rep\u00fablica.<br><br>En un evento p\u00fablico nos lo platicaron a los tres ex presidentes del IFE -Jos\u00e9 Woldenberg, Luis Carlos Ugalde y a m\u00ed- y los tres les dijimos &#8216;no, eso es simulaci\u00f3n y no es posible que si del otro lado se hace una gran simulaci\u00f3n, la sociedad civil caiga en la tentaci\u00f3n de hacer una simulaci\u00f3n&#8217;.<br><br>Lo que hemos planteado es que esto no sea una simulaci\u00f3n, que sea un proceso aut\u00e9ntico, pero en el marco de la ley, y este es un punto fino en t\u00e9rminos de an\u00e1lisis. Hay un principio general de derecho que dice que para protegernos a los ciudadanos, que las autoridades y las entidades de inter\u00e9s p\u00fablico, como son los partidos, s\u00f3lo pueden hacer lo que est\u00e1 establecido en la ley; pero nosotros los ciudadanos podemos hacer todo lo que no est\u00e9 prohibido por la ley, de tal suerte que lo que estamos intentando es encontrar un mecanismo para que nosotros como ciudadanos hagamos estas primarias ciudadanas sin apartarnos del marco jur\u00eddico, pero sin la participaci\u00f3n de las entidades de inter\u00e9s p\u00fablico en una etapa en la que est\u00e1 prohibido por la ley que ellos participen en una primaria.<br><br>Hay una figura, que la propia legislaci\u00f3n establece, que es la de aspirante, que es una figura previa a la de las candidaturas: ciudadanos que pueden convertirse en precandidatos cuando empiecen las precampa\u00f1as y despu\u00e9s, en candidatos. Entonces, se elegir\u00eda a un aspirante, la idea es que este impulso ciudadano lo que elija sea un aspirante, y no vamos a enga\u00f1ar: es un aspirante para ser precandidato y eventualmente candidata o candidato.<br><br>La legitimidad se la damos porque el ejercicio es organizado por un conjunto de ciudadanos que no tenemos inter\u00e9s pol\u00edtico, que tenemos experiencia, pero que no estamos buscando una candidatura ni un puesto y lo vamos a hacer de manera honoraria.<br><br>Para darle forma a unas primarias se necesita una estructura nacional y vamos a construir 32 comit\u00e9s estatales ciudadanos; y despu\u00e9s que esos 32 comit\u00e9s estatales constituyan 300 comit\u00e9s estatales uno por distrito y ellos tendr\u00e1n que discutir c\u00f3mo instalar centros de votaci\u00f3n. Queremos que las personas antes de la jornada se inscriban a un listado de ciudadanos para participar en el proceso, para que tengamos certeza de qui\u00e9nes y cu\u00e1ntos van a participar y que cumplan con los requisitos.<br><br>\u00abTambi\u00e9n estamos trabajando la posibilidad de que se aplique el voto a distancia, para que las personas puedan votar desde su celular el d\u00eda de la jornada electoral o tachar una boleta y que en la noche tengamos los resultados definitivos.<br><br><em><strong>\u00bfEs una decisi\u00f3n tomada? \u00bfEs un hecho?<\/strong><\/em><br><br>Estamos muy cerca de llegar a esa definici\u00f3n, son los partidos los que tienen que tomar esta decisi\u00f3n, pero ellos han expresado que quieren mantener la coalici\u00f3n. A pesar de sus diferencias, su convicci\u00f3n es que deben mantenerla para ser competitivos; pero tambi\u00e9n tienen la idea de que necesitan a las organizaciones de la sociedad porque con ellas son m\u00e1s competitivos.<br><br><em><strong>Hay al menos una docena de aspirantes. \u00bfQu\u00e9 ser\u00eda lo ideal?,\u00a0una boleta \u00bfcon cu\u00e1ntos aspirantes?<\/strong><\/em><br><br>Tambi\u00e9n estamos platicando sobre eso y hay consenso en el Consejo Electoral Ciudadano: si son muchos, pues hagamos dos vueltas. Todos llegan a la boleta de la primera vuelta, y si en esa primera vuelta alguien tiene m\u00e1s de la mitad de los votos, ese es el aspirante; si ninguno tiene m\u00e1s de la mitad de los votos, entonces, los dos m\u00e1s votados pasan a una segunda vuelta, una o dos semanas despu\u00e9s, pero deber\u00e1 haber debates antes de la primera, pero no ser\u00e1 una simulaci\u00f3n.<br><br><em><strong>\u00bfC\u00f3mo atajar el riesgo de cachirules? \u00bfC\u00f3mo atajar el riesgo de\u00a0que Morena infiltre el ejercicio?<\/strong><\/em><br><br>Ese es el reto del listado que tenemos que constituir. Un listado aut\u00e9ntico, pero hay diversas alternativas, diversas posibilidades de poner candados. En eso tenemos que trabajar muy fino, pero tecnol\u00f3gicamente es posible evitarlo.<br><br><em><strong>\u00bfSe garantizar\u00e1 la legitimidad del aspirante?<\/strong><\/em><br><br>Pienso que s\u00ed: justo uno de los principales objetivos de este ejercicio ciudadano es legitimar un aspirante, que puede ser una mujer o un hombre que es conocido a nivel nacional.<br><br><em><strong>\u00bfCu\u00e1nta gente podr\u00eda participar en unas primarias? \u00bfCu\u00e1l ser\u00eda\u00a0el l\u00edmite para que fuera bueno el ejercicio?<\/strong><\/em><br><br>Cualquier cifra arriba de tres ceros a la derecha es buena. Si logramos eso, ser\u00e1 una gran experiencia, pero no estoy hablando de cientos de miles, estoy hablando de m\u00e1s. El proceso tiene que ser transparente, auditable; de hecho, vamos a tener un auditor interno. Ser\u00e1 un ejercicio honesto, pero apelamos al entusiasmo democr\u00e1tico ciudadano.<br><br>En el Consejo figuran los ex consejeros Marco Antonio Ba\u00f1os, Arturo S\u00e1nchez, Teresa Gonz\u00e1lez y Rodrigo Morales, as\u00ed como Mar\u00eda del Carmen Alan\u00eds, ex presidenta del Tribunal Electoral; Rosa Mar\u00eda Mir\u00f3n Lince, ex consejera del Instituto Electoral de la CDMX.<br><br>Sobresale la presencia de Marie Claire Acosta, Mar\u00eda Elena Morera, el acad\u00e9mico Sergio Aguayo y Guillermo Sheridan, el descubridor del plagio en que incurri\u00f3 la Ministra Yasm\u00edn Esquivel.<\/p>\n\n\n\n<p>Fuente: <a href=\"https:\/\/www.mural.com.mx\/aplicacioneslibre\/preacceso\/articulo\/default.aspx?__rval=1&amp;urlredirect=\/leonardo-valdes-elecciones-primarias-no-seran-simulacion\/ar2626344?referer=--7d616165662f3a3a6262623b727a7a7279703b767a783a--\">https:\/\/www.mural.com.mx\/aplicacioneslibre\/preacceso\/articulo\/default.aspx?__rval=1&amp;urlredirect=\/leonardo-valdes-elecciones-primarias-no-seran-simulacion\/ar2626344?referer=&#8211;7d616165662f3a3a6262623b727a7a7279703b767a783a&#8211;<\/a><\/p>\n","protected":false},"excerpt":{"rendered":"<p>MAYOLO L\u00d3PEZ \/ MURAL Para finales de octubre o mediados de noviembre, la alianza opositora&nbsp;Va por M\u00e9xico&nbsp;tendr\u00e1 un \u00abaspirante\u00bb electo [&hellip;]<\/p>\n","protected":false},"author":1,"featured_media":53471,"comment_status":"open","ping_status":"open","sticky":false,"template":"","format":"standard","meta":{"site-sidebar-layout":"default","site-content-layout":"","ast-site-content-layout":"default","site-content-style":"default","site-sidebar-style":"default","ast-global-header-display":"","ast-banner-title-visibility":"","ast-main-header-display":"","ast-hfb-above-header-display":"","ast-hfb-below-header-display":"","ast-hfb-mobile-header-display":"","site-post-title":"","ast-breadcrumbs-content":"","ast-featured-img":"","footer-sml-layout":"","theme-transparent-header-meta":"","adv-header-id-meta":"","stick-header-meta":"","header-above-stick-meta":"","header-main-stick-meta":"","header-below-stick-meta":"","astra-migrate-meta-layouts":"default","ast-page-background-enabled":"default","ast-page-background-meta":{"desktop":{"background-color":"var(--ast-global-color-4)","background-image":"","background-repeat":"repeat","background-position":"center center","background-size":"auto","background-attachment":"scroll","background-type":"","background-media":"","overlay-type":"","overlay-color":"","overlay-opacity":"","overlay-gradient":""},"tablet":{"background-color":"","background-image":"","background-repeat":"repeat","background-position":"center center","background-size":"auto","background-attachment":"scroll","background-type":"","background-media":"","overlay-type":"","overlay-color":"","overlay-opacity":"","overlay-gradient":""},"mobile":{"background-color":"","background-image":"","background-repeat":"repeat","background-position":"center center","background-size":"auto","background-attachment":"scroll","background-type":"","background-media":"","overlay-type":"","overlay-color":"","overlay-opacity":"","overlay-gradient":""}},"ast-content-background-meta":{"desktop":{"background-color":"var(--ast-global-color-5)","background-image":"","background-repeat":"repeat","background-position":"center center","background-size":"auto","background-attachment":"scroll","background-type":"","background-media":"","overlay-type":"","overlay-color":"","overlay-opacity":"","overlay-gradient":""},"tablet":{"background-color":"var(--ast-global-color-5)","background-image":"","background-repeat":"repeat","background-position":"center center","background-size":"auto","background-attachment":"scroll","background-type":"","background-media":"","overlay-type":"","overlay-color":"","overlay-opacity":"","overlay-gradient":""},"mobile":{"background-color":"var(--ast-global-color-5)","background-image":"","background-repeat":"repeat","background-position":"center center","background-size":"auto","background-attachment":"scroll","background-type":"","background-media":"","overlay-type":"","overlay-color":"","overlay-opacity":"","overlay-gradient":""}},"footnotes":""},"categories":[8],"tags":[17055,17054,1661],"class_list":["post-53469","post","type-post","status-publish","format-standard","has-post-thumbnail","hentry","category-noticias","tag-candidato-presidencial-ciudadano","tag-consejo-electoral-ciudadano","tag-va-por-mexico"],"_links":{"self":[{"href":"https:\/\/losperiodistas.com.mx\/portal\/wp-json\/wp\/v2\/posts\/53469","targetHints":{"allow":["GET"]}}],"collection":[{"href":"https:\/\/losperiodistas.com.mx\/portal\/wp-json\/wp\/v2\/posts"}],"about":[{"href":"https:\/\/losperiodistas.com.mx\/portal\/wp-json\/wp\/v2\/types\/post"}],"author":[{"embeddable":true,"href":"https:\/\/losperiodistas.com.mx\/portal\/wp-json\/wp\/v2\/users\/1"}],"replies":[{"embeddable":true,"href":"https:\/\/losperiodistas.com.mx\/portal\/wp-json\/wp\/v2\/comments?post=53469"}],"version-history":[{"count":1,"href":"https:\/\/losperiodistas.com.mx\/portal\/wp-json\/wp\/v2\/posts\/53469\/revisions"}],"predecessor-version":[{"id":53472,"href":"https:\/\/losperiodistas.com.mx\/portal\/wp-json\/wp\/v2\/posts\/53469\/revisions\/53472"}],"wp:featuredmedia":[{"embeddable":true,"href":"https:\/\/losperiodistas.com.mx\/portal\/wp-json\/wp\/v2\/media\/53471"}],"wp:attachment":[{"href":"https:\/\/losperiodistas.com.mx\/portal\/wp-json\/wp\/v2\/media?parent=53469"}],"wp:term":[{"taxonomy":"category","embeddable":true,"href":"https:\/\/losperiodistas.com.mx\/portal\/wp-json\/wp\/v2\/categories?post=53469"},{"taxonomy":"post_tag","embeddable":true,"href":"https:\/\/losperiodistas.com.mx\/portal\/wp-json\/wp\/v2\/tags?post=53469"}],"curies":[{"name":"wp","href":"https:\/\/api.w.org\/{rel}","templated":true}]}}