{"id":53462,"date":"2023-06-20T18:06:28","date_gmt":"2023-06-20T23:06:28","guid":{"rendered":"http:\/\/losperiodistas.com.mx\/portal\/?p=53462"},"modified":"2023-06-20T18:06:29","modified_gmt":"2023-06-20T23:06:29","slug":"juntas-auxiliares-prioridad-para-el-gobierno-de-puebla-capital","status":"publish","type":"post","link":"https:\/\/losperiodistas.com.mx\/portal\/juntas-auxiliares-prioridad-para-el-gobierno-de-puebla-capital\/","title":{"rendered":"Juntas Auxiliares, prioridad para el Gobierno de Puebla Capital"},"content":{"rendered":"\n<ul class=\"has-medium-font-size wp-block-list\"><li>Durante la gesti\u00f3n de Eduardo Rivera P\u00e9rez, m\u00e1s de 505 millones de pesos se han destinado a obras para las 17 demarcaciones del municipio.<\/li><\/ul>\n\n\n\n<figure class=\"wp-block-image size-large is-style-default\"><img fetchpriority=\"high\" decoding=\"async\" width=\"1024\" height=\"768\" src=\"https:\/\/losperiodistas.com.mx\/portal\/wp-content\/uploads\/2023\/06\/WhatsApp-Image-2023-06-20-at-14.36.15-1-1024x768.jpeg\" alt=\"\" class=\"wp-image-53463\" srcset=\"https:\/\/losperiodistas.com.mx\/portal\/wp-content\/uploads\/2023\/06\/WhatsApp-Image-2023-06-20-at-14.36.15-1-1024x768.jpeg 1024w, https:\/\/losperiodistas.com.mx\/portal\/wp-content\/uploads\/2023\/06\/WhatsApp-Image-2023-06-20-at-14.36.15-1-300x225.jpeg 300w, https:\/\/losperiodistas.com.mx\/portal\/wp-content\/uploads\/2023\/06\/WhatsApp-Image-2023-06-20-at-14.36.15-1-768x576.jpeg 768w, https:\/\/losperiodistas.com.mx\/portal\/wp-content\/uploads\/2023\/06\/WhatsApp-Image-2023-06-20-at-14.36.15-1.jpeg 1280w\" sizes=\"(max-width: 1024px) 100vw, 1024px\" \/><figcaption>Ayuntamiento Puebla<\/figcaption><\/figure>\n\n\n\n<p class=\"has-vivid-red-color has-text-color has-medium-font-size\"><strong>COMUNICADO<\/strong><\/p>\n\n\n\n<p>El trabajo del gobierno capitalino s\u00ed llega a las juntas auxiliares; ahora dos de cada tres acciones que se realizan en el municipio benefician a las familias que habitan estas zonas, incluidas las m\u00e1s alejadas de la mancha urbana como Azumiatla, San Baltazar Tetela, San Pedro Zacachimalpa y Santa Mar\u00eda Guadalupe Tecola.<\/p>\n\n\n\n<p>Desde el inicio de la administraci\u00f3n de Eduardo Rivera P\u00e9rez -Presidente Municipal- a diciembre de 2022, se han realizado m\u00e1s de siete millones de acciones en materia de bienestar, obra y servicios p\u00fablicos, seguridad, deporte, desarrollo econ\u00f3mico y humano, destacando el programa insignia \u2018M\u00e9dico Contigo\u2019, donde ocho de cada 10 beneficiarios son de las demarcaciones de la capital, sumando m\u00e1s de ocho mil registros y 12 mil 830 consultas.<\/p>\n\n\n\n<p>Es as\u00ed que ya van 505 millones de pesos invertidos en proyectos de obra p\u00fablica para las Juntas Auxiliares, como \u2018Construyendo Contigo\u2019, que ha permitido atender necesidades hist\u00f3ricas de pavimentaci\u00f3n y, por ello, el 97 por ciento de las calles rehabilitadas mediante este programa pertenecen a estas localidades.<\/p>\n\n\n\n<p>As\u00ed tambi\u00e9n, para una mejor vinculaci\u00f3n entre la comunidad y el Ayuntamiento capitalino, la mayor\u00eda de los Comit\u00e9s Vecinales se conformaron en las juntas auxiliares; a la fecha van mil 350 de estos grupos de coordinaci\u00f3n y 250 restantes se ubican en la zona metropolitana.<\/p>\n\n\n\n<p>Con resultados y proyectos concretos, el Gobierno Municipal demuestra su compromiso de seguir cambiando el rumbo de Puebla, llevando a donde m\u00e1s se necesitan los servicios de bacheo, mantenimiento de luminarias, chapeo, semaforizaci\u00f3n, calles balizadas, pl\u00e1ticas de \u2018Negocio Contigo Seguro\u00b4, \u2018Escuela Contigo Segura\u2019, \u2018Vecino Contigo Seguro\u2019, as\u00ed como talleres de emprendimiento y contra la violencia, cursos de autodefensa, activaciones f\u00edsicas, Jornadas Integrales de Servicios, &#8216;Estancias Infantiles&#8217;, integraci\u00f3n de Comit\u00e9s Vecinales, pl\u00e1ticas de juventud, entre otras.<\/p>\n","protected":false},"excerpt":{"rendered":"<p>Durante la gesti\u00f3n de Eduardo Rivera P\u00e9rez, m\u00e1s de 505 millones de pesos se han destinado a obras para las [&hellip;]<\/p>\n","protected":false},"author":1,"featured_media":53464,"comment_status":"open","ping_status":"open","sticky":false,"template":"","format":"standard","meta":{"site-sidebar-layout":"default","site-content-layout":"","ast-site-content-layout":"default","site-content-style":"default","site-sidebar-style":"default","ast-global-header-display":"","ast-banner-title-visibility":"","ast-main-header-display":"","ast-hfb-above-header-display":"","ast-hfb-below-header-display":"","ast-hfb-mobile-header-display":"","site-post-title":"","ast-breadcrumbs-content":"","ast-featured-img":"","footer-sml-layout":"","theme-transparent-header-meta":"","adv-header-id-meta":"","stick-header-meta":"","header-above-stick-meta":"","header-main-stick-meta":"","header-below-stick-meta":"","astra-migrate-meta-layouts":"default","ast-page-background-enabled":"default","ast-page-background-meta":{"desktop":{"background-color":"var(--ast-global-color-4)","background-image":"","background-repeat":"repeat","background-position":"center center","background-size":"auto","background-attachment":"scroll","background-type":"","background-media":"","overlay-type":"","overlay-color":"","overlay-opacity":"","overlay-gradient":""},"tablet":{"background-color":"","background-image":"","background-repeat":"repeat","background-position":"center center","background-size":"auto","background-attachment":"scroll","background-type":"","background-media":"","overlay-type":"","overlay-color":"","overlay-opacity":"","overlay-gradient":""},"mobile":{"background-color":"","background-image":"","background-repeat":"repeat","background-position":"center center","background-size":"auto","background-attachment":"scroll","background-type":"","background-media":"","overlay-type":"","overlay-color":"","overlay-opacity":"","overlay-gradient":""}},"ast-content-background-meta":{"desktop":{"background-color":"var(--ast-global-color-5)","background-image":"","background-repeat":"repeat","background-position":"center center","background-size":"auto","background-attachment":"scroll","background-type":"","background-media":"","overlay-type":"","overlay-color":"","overlay-opacity":"","overlay-gradient":""},"tablet":{"background-color":"var(--ast-global-color-5)","background-image":"","background-repeat":"repeat","background-position":"center center","background-size":"auto","background-attachment":"scroll","background-type":"","background-media":"","overlay-type":"","overlay-color":"","overlay-opacity":"","overlay-gradient":""},"mobile":{"background-color":"var(--ast-global-color-5)","background-image":"","background-repeat":"repeat","background-position":"center center","background-size":"auto","background-attachment":"scroll","background-type":"","background-media":"","overlay-type":"","overlay-color":"","overlay-opacity":"","overlay-gradient":""}},"footnotes":""},"categories":[8],"tags":[7279],"class_list":["post-53462","post","type-post","status-publish","format-standard","has-post-thumbnail","hentry","category-noticias","tag-contigoyconrumbo"],"_links":{"self":[{"href":"https:\/\/losperiodistas.com.mx\/portal\/wp-json\/wp\/v2\/posts\/53462","targetHints":{"allow":["GET"]}}],"collection":[{"href":"https:\/\/losperiodistas.com.mx\/portal\/wp-json\/wp\/v2\/posts"}],"about":[{"href":"https:\/\/losperiodistas.com.mx\/portal\/wp-json\/wp\/v2\/types\/post"}],"author":[{"embeddable":true,"href":"https:\/\/losperiodistas.com.mx\/portal\/wp-json\/wp\/v2\/users\/1"}],"replies":[{"embeddable":true,"href":"https:\/\/losperiodistas.com.mx\/portal\/wp-json\/wp\/v2\/comments?post=53462"}],"version-history":[{"count":1,"href":"https:\/\/losperiodistas.com.mx\/portal\/wp-json\/wp\/v2\/posts\/53462\/revisions"}],"predecessor-version":[{"id":53465,"href":"https:\/\/losperiodistas.com.mx\/portal\/wp-json\/wp\/v2\/posts\/53462\/revisions\/53465"}],"wp:featuredmedia":[{"embeddable":true,"href":"https:\/\/losperiodistas.com.mx\/portal\/wp-json\/wp\/v2\/media\/53464"}],"wp:attachment":[{"href":"https:\/\/losperiodistas.com.mx\/portal\/wp-json\/wp\/v2\/media?parent=53462"}],"wp:term":[{"taxonomy":"category","embeddable":true,"href":"https:\/\/losperiodistas.com.mx\/portal\/wp-json\/wp\/v2\/categories?post=53462"},{"taxonomy":"post_tag","embeddable":true,"href":"https:\/\/losperiodistas.com.mx\/portal\/wp-json\/wp\/v2\/tags?post=53462"}],"curies":[{"name":"wp","href":"https:\/\/api.w.org\/{rel}","templated":true}]}}