{"id":53459,"date":"2023-06-20T17:37:25","date_gmt":"2023-06-20T22:37:25","guid":{"rendered":"http:\/\/losperiodistas.com.mx\/portal\/?p=53459"},"modified":"2023-06-20T17:37:27","modified_gmt":"2023-06-20T22:37:27","slug":"rivera-destapa-a-alcala-aranda-aguilar-riestra-estefan-y-navarro-como-aspirantes-de-la-alianza-opositora-a-la-gubernatura-ljo","status":"publish","type":"post","link":"https:\/\/losperiodistas.com.mx\/portal\/rivera-destapa-a-alcala-aranda-aguilar-riestra-estefan-y-navarro-como-aspirantes-de-la-alianza-opositora-a-la-gubernatura-ljo\/","title":{"rendered":"Rivera destapa a Alcal\u00e1, Aranda, Aguilar, Riestra, Estefan y Navarro como aspirantes de la alianza opositora a la gubernatura | LJO"},"content":{"rendered":"\n<figure class=\"wp-block-embed is-type-video is-provider-youtube wp-block-embed-youtube wp-embed-aspect-16-9 wp-has-aspect-ratio\"><div class=\"wp-block-embed__wrapper\">\n<iframe title=\"Eduardo Rivera destapa a Blanca Alcal\u00e1, Jorge Estefan y otros, como aspirantes a la gubernatura\" width=\"500\" height=\"281\" src=\"https:\/\/www.youtube.com\/embed\/BjPqtzcsMsA?feature=oembed\" frameborder=\"0\" allow=\"accelerometer; autoplay; clipboard-write; encrypted-media; gyroscope; picture-in-picture; web-share\" referrerpolicy=\"strict-origin-when-cross-origin\" allowfullscreen><\/iframe>\n<\/div><\/figure>\n\n\n\n<p><\/p>\n\n\n\n<p><\/p>\n\n\n\n<p class=\"has-vivid-red-color has-text-color has-medium-font-size\"><strong>EFRA\u00cdN N\u00da\u00d1EZ \/ LA JORNADA DE ORIENTE<\/strong><\/p>\n\n\n\n<p>El edil capitalino,<a href=\"https:\/\/twitter.com\/eduardorivera01\" target=\"_blank\" rel=\"noreferrer noopener\">&nbsp;Eduardo Rivera P\u00e9rez<\/a>, destap\u00f3 a la exalcaldesa priista de Puebla, Blanca Alcal\u00e1 Ruiz, a los diputados federales Ana Teresa Aranda Orozco, Humberto Aguilar Coronado y Mario Riestra Pi\u00f1a, as\u00ed como a la senadora panista Nadia Navarro Acevedo y al coordinador de los diputados locales del tricolor, Jorge Estefan Chidiac, como aspirantes de la alianza opositora a la gubernatura de Puebla.<\/p>\n\n\n\n<p class=\"has-cyan-bluish-gray-background-color has-background\"><strong>Te puede interesar:&nbsp;<\/strong><a href=\"https:\/\/www.lajornadadeoriente.com.mx\/tlaxcala\/todos-los-aspirantes-a-candidaturas-por-morena-deben-acreditar-cursos-de-induccion-perez\/\" target=\"_blank\" rel=\"noreferrer noopener\">Todos los aspirantes a candidaturas por Morena deben acreditar cursos de inducci\u00f3n: P\u00e9rez<\/a><\/p>\n\n\n\n<p>En conferencia de medios,\u00a0<strong>el edil capitalino subray\u00f3 que el suyo no es el \u00fanico perfil competitivo con el que cuenta la coalici\u00f3n<\/strong>\u00a0-que corre riesgo de no consumarse ante los amagos del PRD-.<\/p>\n\n\n\n<p>El alcalde hizo el pronunciamiento en un acto al que asisti\u00f3 la tambi\u00e9n diputada federal por el tricolor, Blanca Alcal\u00e1, a quien se le escucha susurrar a lo lejos un \u201ces el destape\u201d con dejo de sorpresa.<\/p>\n\n\n\n<p>Una reportera le pregunt\u00f3 al alcalde su opini\u00f3n respecto al se\u00f1alamiento por parte del senador por Morena,&nbsp;<a href=\"https:\/\/twitter.com\/armentapuebla_\" target=\"_blank\" rel=\"noreferrer noopener\">Alejandro Armenta Mier<\/a>, quien lo ve como \u00fanico perfil competitivo de la oposici\u00f3n.<\/p>\n\n\n\n<blockquote class=\"wp-block-quote is-layout-flow wp-block-quote-is-layout-flow\"><p>\u201cEn el \u00e1mbito de la alianza no solo est\u00e1 Eduardo Rivera, aqu\u00ed est\u00e1 Blanca Alcal\u00e1 que fue alcaldesa de nuestra ciudad, fue embajadora, es diputada federal. Podr\u00edamos hablar de Humberto Aguilar, Ana Teresa Aranda, Mario Riestra, Carolina Beauregard, la senadora Nadia Navarro, Jorge Estefan Chidiac, ah\u00ed tienen para escoger tambi\u00e9n\u201d, expuso el alcalde.<\/p><\/blockquote>\n\n\n\n<p>Se pronunci\u00f3 por esperar los tiempos que marcar\u00e1 su partido y los electorales, por lo que \u00fanicamente atender\u00e1 los temas electorales durante los fines de semana para no entorpecer los tiempos electorales.<\/p>\n\n\n\n<p>Fuente: <a href=\"https:\/\/www.lajornadadeoriente.com.mx\/puebla\/rivera-destapa-a-alcala-aranda-aguilar-riestra-estefan-y-navarro-como-aspirantes-de-la-alianza-opositora-a-la-gubernatura\/\">https:\/\/www.lajornadadeoriente.com.mx\/puebla\/rivera-destapa-a-alcala-aranda-aguilar-riestra-estefan-y-navarro-como-aspirantes-de-la-alianza-opositora-a-la-gubernatura\/<\/a><\/p>\n","protected":false},"excerpt":{"rendered":"<p>EFRA\u00cdN N\u00da\u00d1EZ \/ LA JORNADA DE ORIENTE El edil capitalino,&nbsp;Eduardo Rivera P\u00e9rez, destap\u00f3 a la exalcaldesa priista de Puebla, Blanca [&hellip;]<\/p>\n","protected":false},"author":1,"featured_media":53460,"comment_status":"open","ping_status":"open","sticky":false,"template":"","format":"standard","meta":{"site-sidebar-layout":"default","site-content-layout":"","ast-site-content-layout":"default","site-content-style":"default","site-sidebar-style":"default","ast-global-header-display":"","ast-banner-title-visibility":"","ast-main-header-display":"","ast-hfb-above-header-display":"","ast-hfb-below-header-display":"","ast-hfb-mobile-header-display":"","site-post-title":"","ast-breadcrumbs-content":"","ast-featured-img":"","footer-sml-layout":"","theme-transparent-header-meta":"","adv-header-id-meta":"","stick-header-meta":"","header-above-stick-meta":"","header-main-stick-meta":"","header-below-stick-meta":"","astra-migrate-meta-layouts":"default","ast-page-background-enabled":"default","ast-page-background-meta":{"desktop":{"background-color":"var(--ast-global-color-4)","background-image":"","background-repeat":"repeat","background-position":"center center","background-size":"auto","background-attachment":"scroll","background-type":"","background-media":"","overlay-type":"","overlay-color":"","overlay-opacity":"","overlay-gradient":""},"tablet":{"background-color":"","background-image":"","background-repeat":"repeat","background-position":"center center","background-size":"auto","background-attachment":"scroll","background-type":"","background-media":"","overlay-type":"","overlay-color":"","overlay-opacity":"","overlay-gradient":""},"mobile":{"background-color":"","background-image":"","background-repeat":"repeat","background-position":"center center","background-size":"auto","background-attachment":"scroll","background-type":"","background-media":"","overlay-type":"","overlay-color":"","overlay-opacity":"","overlay-gradient":""}},"ast-content-background-meta":{"desktop":{"background-color":"var(--ast-global-color-5)","background-image":"","background-repeat":"repeat","background-position":"center center","background-size":"auto","background-attachment":"scroll","background-type":"","background-media":"","overlay-type":"","overlay-color":"","overlay-opacity":"","overlay-gradient":""},"tablet":{"background-color":"var(--ast-global-color-5)","background-image":"","background-repeat":"repeat","background-position":"center center","background-size":"auto","background-attachment":"scroll","background-type":"","background-media":"","overlay-type":"","overlay-color":"","overlay-opacity":"","overlay-gradient":""},"mobile":{"background-color":"var(--ast-global-color-5)","background-image":"","background-repeat":"repeat","background-position":"center center","background-size":"auto","background-attachment":"scroll","background-type":"","background-media":"","overlay-type":"","overlay-color":"","overlay-opacity":"","overlay-gradient":""}},"footnotes":""},"categories":[8],"tags":[5110,8712,1286,9642,17053],"class_list":["post-53459","post","type-post","status-publish","format-standard","has-post-thumbnail","hentry","category-noticias","tag-ana-tere-aranda","tag-blanca-alcala","tag-eduardo-rivera","tag-jorge-estefan","tag-puebla-sucesion-2024"],"_links":{"self":[{"href":"https:\/\/losperiodistas.com.mx\/portal\/wp-json\/wp\/v2\/posts\/53459","targetHints":{"allow":["GET"]}}],"collection":[{"href":"https:\/\/losperiodistas.com.mx\/portal\/wp-json\/wp\/v2\/posts"}],"about":[{"href":"https:\/\/losperiodistas.com.mx\/portal\/wp-json\/wp\/v2\/types\/post"}],"author":[{"embeddable":true,"href":"https:\/\/losperiodistas.com.mx\/portal\/wp-json\/wp\/v2\/users\/1"}],"replies":[{"embeddable":true,"href":"https:\/\/losperiodistas.com.mx\/portal\/wp-json\/wp\/v2\/comments?post=53459"}],"version-history":[{"count":1,"href":"https:\/\/losperiodistas.com.mx\/portal\/wp-json\/wp\/v2\/posts\/53459\/revisions"}],"predecessor-version":[{"id":53461,"href":"https:\/\/losperiodistas.com.mx\/portal\/wp-json\/wp\/v2\/posts\/53459\/revisions\/53461"}],"wp:featuredmedia":[{"embeddable":true,"href":"https:\/\/losperiodistas.com.mx\/portal\/wp-json\/wp\/v2\/media\/53460"}],"wp:attachment":[{"href":"https:\/\/losperiodistas.com.mx\/portal\/wp-json\/wp\/v2\/media?parent=53459"}],"wp:term":[{"taxonomy":"category","embeddable":true,"href":"https:\/\/losperiodistas.com.mx\/portal\/wp-json\/wp\/v2\/categories?post=53459"},{"taxonomy":"post_tag","embeddable":true,"href":"https:\/\/losperiodistas.com.mx\/portal\/wp-json\/wp\/v2\/tags?post=53459"}],"curies":[{"name":"wp","href":"https:\/\/api.w.org\/{rel}","templated":true}]}}