{"id":53374,"date":"2023-06-19T06:58:41","date_gmt":"2023-06-19T11:58:41","guid":{"rendered":"http:\/\/losperiodistas.com.mx\/portal\/?p=53374"},"modified":"2023-06-19T07:06:09","modified_gmt":"2023-06-19T12:06:09","slug":"gobernador-de-yucatan-busca-ser-candidato-presidencial-del-pan-la-jornada","status":"publish","type":"post","link":"https:\/\/losperiodistas.com.mx\/portal\/gobernador-de-yucatan-busca-ser-candidato-presidencial-del-pan-la-jornada\/","title":{"rendered":"Gobernador de Yucat\u00e1n busca ser candidato presidencial del PAN\u00a0| La Jornada"},"content":{"rendered":"\n<div class=\"wp-block-image is-style-default\"><figure class=\"aligncenter size-full\"><img fetchpriority=\"high\" decoding=\"async\" width=\"745\" height=\"493\" src=\"https:\/\/losperiodistas.com.mx\/portal\/wp-content\/uploads\/2023\/06\/image_large-3.jpeg\" alt=\"\" class=\"wp-image-53375\" srcset=\"https:\/\/losperiodistas.com.mx\/portal\/wp-content\/uploads\/2023\/06\/image_large-3.jpeg 745w, https:\/\/losperiodistas.com.mx\/portal\/wp-content\/uploads\/2023\/06\/image_large-3-300x199.jpeg 300w\" sizes=\"(max-width: 745px) 100vw, 745px\" \/><figcaption>El gobernador de Yucat\u00e1n, Mauricio Vila, al reiterar su inter\u00e9s por competir para ser candidato del PAN a la presidencia de M\u00e9xico en 2024.\u00a0Foto\u00a0<strong>Luis A. Boffil<\/strong><\/figcaption><\/figure><\/div>\n\n\n\n<p class=\"has-vivid-red-color has-text-color has-medium-font-size\"><strong>LUIS A. BOFIL G\u00d3MEZ \/ Corresponsal \/ LA JORNADA<\/strong><\/p>\n\n\n\n<p><em>M\u00e9rida, Yuc.<\/em>&nbsp;El gobernador Mauricio Vila Dosal sostuvo su inter\u00e9s de participar como \u00abcorcholata\u00bb en la contienda para la designaci\u00f3n de candidatos a la Presidencia de M\u00e9xico por Acci\u00f3n Nacional, mientras las condiciones se presten para ello, sin dejar de lado su compromiso por la transformaci\u00f3n de Yucat\u00e1n.<\/p>\n\n\n\n<p>Durante una reuni\u00f3n con la estructura estatal del blanquiazul, el mandatario afirm\u00f3: \u201cEstoy interesado en participar, siempre y cuando las circunstancias nos lo permitan, porque tambi\u00e9n tengo muy presente la gran responsabilidad que me dieron las y los yucatecos para gobernar Yucat\u00e1n y como aqu\u00ed, en el PAN, primero venimos a sumar y luego, a buscar nuestro inter\u00e9s personal que puede ser leg\u00edtimo\u201d.<\/p>\n\n\n\n<p>\u201cVoy a participar en el proceso de la Presidencia siempre y cuando el m\u00e9todo me permita ser Gobernador, al menos por unos meses m\u00e1s, y no se pongan en riesgo los proyectos que tenemos en Yucat\u00e1n\u201d, destac\u00f3 Vila Dosal.<\/p>\n\n\n\n<p>En presencia de la secretaria Nacional de Formaci\u00f3n y Capacitaci\u00f3n del PAN, Margarita Mart\u00ednez Fisher, el Gobernador reiter\u00f3 que, si para el d\u00eda 26 de junio pr\u00f3ximo, en el m\u00e9todo para seleccionar candidatos (puede ser encuesta u otro m\u00e9todo), le solicitan abandonar su cargo p\u00fablico, \u00e9l no podr\u00eda comprometerse al encargo -inmediatamente o, al d\u00eda siguiente- ya que tiene una gran responsabilidad con su entidad y muchos proyectos que se est\u00e1n trabajando en conjunto y que no se pueden poner en riesgo, como la ampliaci\u00f3n del Puerto de Progreso, el viaducto elevado del mismo municipio, el Sistema Metropolitano de Movilidad Amable y Sostenible \u201cVa y ven\u201d, con todas sus rutas, incluido el Ie-Tram, y los nuevos hospitales que se est\u00e1 construyendo.<\/p>\n\n\n\n<p>\u201cPara m\u00ed, Yucat\u00e1n es m\u00e1s importante que cualquier aspiraci\u00f3n personal, pero, si \u00e9stas se pueden trabajar en conjunto, seguramente, estaremos ah\u00ed participando\u201d, reafirm\u00f3.<\/p>\n\n\n\n<p>Acompa\u00f1ado, entre otros, del presidente del Comit\u00e9 Directivo Estatal, As\u00eds Cano Cetina, y la diputada federal Cecilia Patr\u00f3n Laviada (potencial aspirante a la alcald\u00eda de M\u00e9rida), el Gobernador destac\u00f3 que se avecina un proceso electoral importante para la historia del pa\u00eds y, en el caso de la entidad, se debe consolidar el proyecto de Estado que se est\u00e1 trabajando en conjunto, por lo que todos deben efectuar la parte que les corresponde y, de esa forma, los Gobiernos de su Partido sigan destacando por encima de los dem\u00e1s.PUBLICIDAD<\/p>\n\n\n\n<p>\u201cLos intereses personales no est\u00e1n por encima de los intereses de Yucat\u00e1n y de los del PAN\u201d, asegur\u00f3. Destac\u00f3 que quienes se sumen a este proyecto ser\u00e1n las y los que puedan aportar, para construir un mejor territorio y naci\u00f3n.<\/p>\n\n\n\n<p>Por otra parte, Vila Dosal invit\u00f3 a todos los militantes a trabajar, al interior y exterior, de forma ardua y en equipo, para cimentar las bases para una victoria en las pr\u00f3ximas elecciones. Reiter\u00f3 su apoyo para el proyecto del PAN a los niveles local y nacional; en caso de no resultar como el candidato para competir por la Presidencia, asegur\u00f3 que \u00e9l apoyar\u00e1 a la persona elegida.<\/p>\n\n\n\n<p>Recalc\u00f3 que, en al \u00e1mbito local, se impulsar\u00e1 a quien tenga la mejor posibilidad de ganar en el 2024, por lo que sostuvo la importancia de la unidad y el apoyo, en las bases de Acci\u00f3n Nacional, para no cometer errores pasados, \u201cya que, en el PAN de hoy, se dedican a ganar y fortalecerse entre todos, con tal de conformar un equipo s\u00f3lido en todos los \u00e1mbitos y cargos pol\u00edticos, ya que los triunfos electorales se construyen de abajo hacia arriba y no al rev\u00e9s\u201d.<\/p>\n\n\n\n<p>Fuente: <a href=\"https:\/\/www.jornada.com.mx\/notas\/2023\/06\/18\/politica\/gobernador-de-yucatan-busca-ser-candidato-presidencial-del-pan\/?from=homeonline&amp;block=politica&amp;opt=articlelink\">https:\/\/www.jornada.com.mx\/notas\/2023\/06\/18\/politica\/gobernador-de-yucatan-busca-ser-candidato-presidencial-del-pan\/?from=homeonline&amp;block=politica&amp;opt=articlelink<\/a><\/p>\n","protected":false},"excerpt":{"rendered":"<p>LUIS A. BOFIL G\u00d3MEZ \/ Corresponsal \/ LA JORNADA M\u00e9rida, Yuc.&nbsp;El gobernador Mauricio Vila Dosal sostuvo su inter\u00e9s de participar [&hellip;]<\/p>\n","protected":false},"author":1,"featured_media":53375,"comment_status":"open","ping_status":"open","sticky":false,"template":"","format":"standard","meta":{"site-sidebar-layout":"default","site-content-layout":"","ast-site-content-layout":"default","site-content-style":"default","site-sidebar-style":"default","ast-global-header-display":"","ast-banner-title-visibility":"","ast-main-header-display":"","ast-hfb-above-header-display":"","ast-hfb-below-header-display":"","ast-hfb-mobile-header-display":"","site-post-title":"","ast-breadcrumbs-content":"","ast-featured-img":"","footer-sml-layout":"","theme-transparent-header-meta":"","adv-header-id-meta":"","stick-header-meta":"","header-above-stick-meta":"","header-main-stick-meta":"","header-below-stick-meta":"","astra-migrate-meta-layouts":"default","ast-page-background-enabled":"default","ast-page-background-meta":{"desktop":{"background-color":"var(--ast-global-color-4)","background-image":"","background-repeat":"repeat","background-position":"center center","background-size":"auto","background-attachment":"scroll","background-type":"","background-media":"","overlay-type":"","overlay-color":"","overlay-opacity":"","overlay-gradient":""},"tablet":{"background-color":"","background-image":"","background-repeat":"repeat","background-position":"center center","background-size":"auto","background-attachment":"scroll","background-type":"","background-media":"","overlay-type":"","overlay-color":"","overlay-opacity":"","overlay-gradient":""},"mobile":{"background-color":"","background-image":"","background-repeat":"repeat","background-position":"center center","background-size":"auto","background-attachment":"scroll","background-type":"","background-media":"","overlay-type":"","overlay-color":"","overlay-opacity":"","overlay-gradient":""}},"ast-content-background-meta":{"desktop":{"background-color":"var(--ast-global-color-5)","background-image":"","background-repeat":"repeat","background-position":"center center","background-size":"auto","background-attachment":"scroll","background-type":"","background-media":"","overlay-type":"","overlay-color":"","overlay-opacity":"","overlay-gradient":""},"tablet":{"background-color":"var(--ast-global-color-5)","background-image":"","background-repeat":"repeat","background-position":"center center","background-size":"auto","background-attachment":"scroll","background-type":"","background-media":"","overlay-type":"","overlay-color":"","overlay-opacity":"","overlay-gradient":""},"mobile":{"background-color":"var(--ast-global-color-5)","background-image":"","background-repeat":"repeat","background-position":"center center","background-size":"auto","background-attachment":"scroll","background-type":"","background-media":"","overlay-type":"","overlay-color":"","overlay-opacity":"","overlay-gradient":""}},"footnotes":""},"categories":[8],"tags":[2538,248,12906],"class_list":["post-53374","post","type-post","status-publish","format-standard","has-post-thumbnail","hentry","category-noticias","tag-mauricio-vila","tag-pan","tag-presidenciables"],"_links":{"self":[{"href":"https:\/\/losperiodistas.com.mx\/portal\/wp-json\/wp\/v2\/posts\/53374","targetHints":{"allow":["GET"]}}],"collection":[{"href":"https:\/\/losperiodistas.com.mx\/portal\/wp-json\/wp\/v2\/posts"}],"about":[{"href":"https:\/\/losperiodistas.com.mx\/portal\/wp-json\/wp\/v2\/types\/post"}],"author":[{"embeddable":true,"href":"https:\/\/losperiodistas.com.mx\/portal\/wp-json\/wp\/v2\/users\/1"}],"replies":[{"embeddable":true,"href":"https:\/\/losperiodistas.com.mx\/portal\/wp-json\/wp\/v2\/comments?post=53374"}],"version-history":[{"count":1,"href":"https:\/\/losperiodistas.com.mx\/portal\/wp-json\/wp\/v2\/posts\/53374\/revisions"}],"predecessor-version":[{"id":53376,"href":"https:\/\/losperiodistas.com.mx\/portal\/wp-json\/wp\/v2\/posts\/53374\/revisions\/53376"}],"wp:featuredmedia":[{"embeddable":true,"href":"https:\/\/losperiodistas.com.mx\/portal\/wp-json\/wp\/v2\/media\/53375"}],"wp:attachment":[{"href":"https:\/\/losperiodistas.com.mx\/portal\/wp-json\/wp\/v2\/media?parent=53374"}],"wp:term":[{"taxonomy":"category","embeddable":true,"href":"https:\/\/losperiodistas.com.mx\/portal\/wp-json\/wp\/v2\/categories?post=53374"},{"taxonomy":"post_tag","embeddable":true,"href":"https:\/\/losperiodistas.com.mx\/portal\/wp-json\/wp\/v2\/tags?post=53374"}],"curies":[{"name":"wp","href":"https:\/\/api.w.org\/{rel}","templated":true}]}}