{"id":53370,"date":"2023-06-19T07:00:01","date_gmt":"2023-06-19T12:00:01","guid":{"rendered":"http:\/\/losperiodistas.com.mx\/portal\/?p=53370"},"modified":"2023-06-19T07:00:03","modified_gmt":"2023-06-19T12:00:03","slug":"sheinbaum-lidera-preferencias-el-economista","status":"publish","type":"post","link":"https:\/\/losperiodistas.com.mx\/portal\/sheinbaum-lidera-preferencias-el-economista\/","title":{"rendered":"Sheinbaum lidera preferencias\u00a0| El Economista"},"content":{"rendered":"\n<p class=\"has-medium-font-size\">Exjefa de Gobierno saca 11 puntos a Ebrard al arranque de elecci\u00f3n interna de Morena.<\/p>\n\n\n\n<p><\/p>\n\n\n\n<div class=\"wp-block-image is-style-default\"><figure class=\"aligncenter size-large\"><img fetchpriority=\"high\" decoding=\"async\" width=\"1024\" height=\"576\" src=\"https:\/\/losperiodistas.com.mx\/portal\/wp-content\/uploads\/2023\/06\/politica_consulta_mitofsky_tendencias_electorales_nacional_mexico_portada_190623.jpg_554688468-1024x576.jpg\" alt=\"\" class=\"wp-image-53371\" srcset=\"https:\/\/losperiodistas.com.mx\/portal\/wp-content\/uploads\/2023\/06\/politica_consulta_mitofsky_tendencias_electorales_nacional_mexico_portada_190623.jpg_554688468-1024x576.jpg 1024w, https:\/\/losperiodistas.com.mx\/portal\/wp-content\/uploads\/2023\/06\/politica_consulta_mitofsky_tendencias_electorales_nacional_mexico_portada_190623.jpg_554688468-300x169.jpg 300w, https:\/\/losperiodistas.com.mx\/portal\/wp-content\/uploads\/2023\/06\/politica_consulta_mitofsky_tendencias_electorales_nacional_mexico_portada_190623.jpg_554688468-768x432.jpg 768w, https:\/\/losperiodistas.com.mx\/portal\/wp-content\/uploads\/2023\/06\/politica_consulta_mitofsky_tendencias_electorales_nacional_mexico_portada_190623.jpg_554688468.jpg 1200w\" sizes=\"(max-width: 1024px) 100vw, 1024px\" \/><figcaption>Al dar inicio los procesos que definir\u00e1n la candidatura de Morena a la presidencia, la exjefa de Gobierno de la CDMX aparece con ventaja en las preferencias.<\/figcaption><\/figure><\/div>\n\n\n\n<p class=\"has-vivid-red-color has-text-color has-medium-font-size\"><strong>ROLANDO RAMOS \/ EL ECONOMISTA<\/strong><\/p>\n\n\n\n<p>De acuerdo con el \u201cEstudio de opini\u00f3n a nivel nacional\u201d, elaborado por la empresa Mitofsky para El Economista, a poco menos de un a\u00f1o de que se realice la elecci\u00f3n presidencial de 2024, 37.4% de los encuestados respondi\u00f3 que votar\u00eda por Morena; 12.7% dijo que lo har\u00eda por el PAN y 11.6%, por el PRI.<\/p>\n\n\n\n<p>De entre los seis aspirantes a la candidatura presidencial de la alianza Morena-PT-PVEM, Sheinbaum encabeza las preferencias electorales en todos los rubros medidos, excepto en conocimiento del pa\u00eds en que es superada por Marcelo Ebrard.<\/p>\n\n\n\n<p>Y es que de entre 1,600 encuestados en el pa\u00eds cara a cara, 38.9% consider\u00f3 que el excanciller conoce mucho al pa\u00eds, por 33% que dijo lo mismo sobre la exjefa de Gobierno de la Ciudad de M\u00e9xico. Mientras que en tercer lugar, en este rubro, se ubic\u00f3 Gerardo Fern\u00e1ndez Noro\u00f1a (22.4%).<\/p>\n\n\n\n<p>El 34.8% de los encuestados considera muy honesta a la exjefa de Gobierno de la Ciudad de M\u00e9xico; saca 9.9 puntos porcentuales al excanciller en ese aspecto.<\/p>\n\n\n\n<p>De los encuestados, 32.4% consider\u00f3 que Sheinbaum cumple \u201cmucho\u201d lo que dice, por 21.3% de Ebrard y 19.6 de Ad\u00e1n L\u00f3pez.<\/p>\n\n\n\n<figure class=\"wp-block-image is-style-default\"><img decoding=\"async\" src=\"https:\/\/www.eleconomista.com.mx\/export\/sites\/eleconomista\/img\/2023\/06\/19\/politica_consulta_mitofsky_tendencias_electorales_nacional_mexico_interior1_190623.jpg_601441735.jpg\" alt=\"\"\/><\/figure>\n\n\n\n<figure class=\"wp-block-image is-style-default\"><img decoding=\"async\" src=\"https:\/\/www.eleconomista.com.mx\/export\/sites\/eleconomista\/img\/2023\/06\/19\/politica_consulta_mitofsky_tendencias_electorales_nacional_mexico_interior2_190623.jpg_601441735.jpg\" alt=\"\"\/><\/figure>\n\n\n\n<p><em><strong>Nota metodol\u00f3gica: Encuesta aplicada cara a cara a 1,600 personas mayores de edad, con credencial de elector, en viviendas.<\/strong><\/em><\/p>\n\n\n\n<p>Fuente: <a href=\"https:\/\/www.eleconomista.com.mx\/politica\/Sheinbaum-lidera-preferencias-20230618-0073.html\">https:\/\/www.eleconomista.com.mx\/politica\/Sheinbaum-lidera-preferencias-20230618-0073.html<\/a><\/p>\n","protected":false},"excerpt":{"rendered":"<p>Exjefa de Gobierno saca 11 puntos a Ebrard al arranque de elecci\u00f3n interna de Morena. ROLANDO RAMOS \/ EL ECONOMISTA [&hellip;]<\/p>\n","protected":false},"author":1,"featured_media":53371,"comment_status":"open","ping_status":"open","sticky":false,"template":"","format":"standard","meta":{"site-sidebar-layout":"default","site-content-layout":"","ast-site-content-layout":"default","site-content-style":"default","site-sidebar-style":"default","ast-global-header-display":"","ast-banner-title-visibility":"","ast-main-header-display":"","ast-hfb-above-header-display":"","ast-hfb-below-header-display":"","ast-hfb-mobile-header-display":"","site-post-title":"","ast-breadcrumbs-content":"","ast-featured-img":"","footer-sml-layout":"","theme-transparent-header-meta":"","adv-header-id-meta":"","stick-header-meta":"","header-above-stick-meta":"","header-main-stick-meta":"","header-below-stick-meta":"","astra-migrate-meta-layouts":"default","ast-page-background-enabled":"default","ast-page-background-meta":{"desktop":{"background-color":"var(--ast-global-color-4)","background-image":"","background-repeat":"repeat","background-position":"center center","background-size":"auto","background-attachment":"scroll","background-type":"","background-media":"","overlay-type":"","overlay-color":"","overlay-opacity":"","overlay-gradient":""},"tablet":{"background-color":"","background-image":"","background-repeat":"repeat","background-position":"center center","background-size":"auto","background-attachment":"scroll","background-type":"","background-media":"","overlay-type":"","overlay-color":"","overlay-opacity":"","overlay-gradient":""},"mobile":{"background-color":"","background-image":"","background-repeat":"repeat","background-position":"center center","background-size":"auto","background-attachment":"scroll","background-type":"","background-media":"","overlay-type":"","overlay-color":"","overlay-opacity":"","overlay-gradient":""}},"ast-content-background-meta":{"desktop":{"background-color":"var(--ast-global-color-5)","background-image":"","background-repeat":"repeat","background-position":"center center","background-size":"auto","background-attachment":"scroll","background-type":"","background-media":"","overlay-type":"","overlay-color":"","overlay-opacity":"","overlay-gradient":""},"tablet":{"background-color":"var(--ast-global-color-5)","background-image":"","background-repeat":"repeat","background-position":"center center","background-size":"auto","background-attachment":"scroll","background-type":"","background-media":"","overlay-type":"","overlay-color":"","overlay-opacity":"","overlay-gradient":""},"mobile":{"background-color":"var(--ast-global-color-5)","background-image":"","background-repeat":"repeat","background-position":"center center","background-size":"auto","background-attachment":"scroll","background-type":"","background-media":"","overlay-type":"","overlay-color":"","overlay-opacity":"","overlay-gradient":""}},"footnotes":""},"categories":[8],"tags":[10143,116,247,16903],"class_list":["post-53370","post","type-post","status-publish","format-standard","has-post-thumbnail","hentry","category-noticias","tag-ebrard","tag-mitofsky","tag-morena","tag-sheinbaum"],"_links":{"self":[{"href":"https:\/\/losperiodistas.com.mx\/portal\/wp-json\/wp\/v2\/posts\/53370","targetHints":{"allow":["GET"]}}],"collection":[{"href":"https:\/\/losperiodistas.com.mx\/portal\/wp-json\/wp\/v2\/posts"}],"about":[{"href":"https:\/\/losperiodistas.com.mx\/portal\/wp-json\/wp\/v2\/types\/post"}],"author":[{"embeddable":true,"href":"https:\/\/losperiodistas.com.mx\/portal\/wp-json\/wp\/v2\/users\/1"}],"replies":[{"embeddable":true,"href":"https:\/\/losperiodistas.com.mx\/portal\/wp-json\/wp\/v2\/comments?post=53370"}],"version-history":[{"count":1,"href":"https:\/\/losperiodistas.com.mx\/portal\/wp-json\/wp\/v2\/posts\/53370\/revisions"}],"predecessor-version":[{"id":53373,"href":"https:\/\/losperiodistas.com.mx\/portal\/wp-json\/wp\/v2\/posts\/53370\/revisions\/53373"}],"wp:featuredmedia":[{"embeddable":true,"href":"https:\/\/losperiodistas.com.mx\/portal\/wp-json\/wp\/v2\/media\/53371"}],"wp:attachment":[{"href":"https:\/\/losperiodistas.com.mx\/portal\/wp-json\/wp\/v2\/media?parent=53370"}],"wp:term":[{"taxonomy":"category","embeddable":true,"href":"https:\/\/losperiodistas.com.mx\/portal\/wp-json\/wp\/v2\/categories?post=53370"},{"taxonomy":"post_tag","embeddable":true,"href":"https:\/\/losperiodistas.com.mx\/portal\/wp-json\/wp\/v2\/tags?post=53370"}],"curies":[{"name":"wp","href":"https:\/\/api.w.org\/{rel}","templated":true}]}}