{"id":53366,"date":"2023-06-19T06:52:13","date_gmt":"2023-06-19T11:52:13","guid":{"rendered":"http:\/\/losperiodistas.com.mx\/portal\/?p=53366"},"modified":"2023-06-19T06:52:15","modified_gmt":"2023-06-19T11:52:15","slug":"arrancan-campanas-morenistas-y-sheinbaum-se-adelanta-mural","status":"publish","type":"post","link":"https:\/\/losperiodistas.com.mx\/portal\/arrancan-campanas-morenistas-y-sheinbaum-se-adelanta-mural\/","title":{"rendered":"Arrancan campa\u00f1as morenistas y Sheinbaum se adelanta | Mural"},"content":{"rendered":"\n<div class=\"wp-block-image is-style-default\"><figure class=\"aligncenter size-full\"><img fetchpriority=\"high\" decoding=\"async\" width=\"660\" height=\"440\" src=\"https:\/\/losperiodistas.com.mx\/portal\/wp-content\/uploads\/2023\/06\/10764803.jpeg\" alt=\"\" class=\"wp-image-53368\" srcset=\"https:\/\/losperiodistas.com.mx\/portal\/wp-content\/uploads\/2023\/06\/10764803.jpeg 660w, https:\/\/losperiodistas.com.mx\/portal\/wp-content\/uploads\/2023\/06\/10764803-300x200.jpeg 300w\" sizes=\"(max-width: 660px) 100vw, 660px\" \/><figcaption>Sheinbaum encabez\u00f3 un evento p\u00fablico en Xochimilco, donde se reuni\u00f3 con Pueblos Originarios quienes le entregaron un bast\u00f3n de mando. Foto: Oscar Mireles.<\/figcaption><\/figure><\/div>\n\n\n\n<p class=\"has-vivid-red-color has-text-color has-medium-font-size\"><strong>REDACCI\u00d3N MURAL<\/strong><\/p>\n\n\n\n<p><strong>Cd. de M\u00e9xico\u00a0(19 junio 2023).-\u00a0<\/strong>Las llamadas \u00abcorcholatas\u00bb de Morena y sus invitados del PT y PVEM arrancan hoy lunes un periodo de 70 d\u00edas de campa\u00f1a en busca de la candidatura presidencial en 2024.<br><\/p>\n\n\n\n<p class=\"has-cyan-bluish-gray-background-color has-background\">Notas Relacionadas<\/p>\n\n\n\n<figure class=\"wp-block-image is-style-default\"><img decoding=\"async\" src=\"https:\/\/img.gruporeforma.com\/imagenes\/elementorelacionado\/11\/765\/10764238.jpg\" alt=\"\"\/><\/figure>\n\n\n\n<p><a href=\"https:\/\/www.mural.com.mx\/coronan-a-sheinbaum-en-xochimilco-y-adan-muestra-renuncia\/ar2624950?v=4\">&#8216;Coronan&#8217; a Sheinbaum en Xochimilco y Ad\u00e1n muestra renuncia<\/a><\/p>\n\n\n\n<figure class=\"wp-block-image is-style-default\"><img decoding=\"async\" src=\"https:\/\/img.gruporeforma.com\/imagenes\/elementorelacionado\/11\/765\/10764662.jpg\" alt=\"\"\/><\/figure>\n\n\n\n<p><a href=\"https:\/\/www.mural.com.mx\/bitacora-de-corcholatas-baston-sagrado-el-juego-y-reclamos\/ar2625174?v=2\">Bit\u00e1cora de corcholatas: bast\u00f3n sagrado, el juego y reclamos<\/a><\/p>\n\n\n\n<figure class=\"wp-block-image is-style-default\"><img decoding=\"async\" src=\"https:\/\/img.gruporeforma.com\/imagenes\/elementorelacionado\/11\/765\/10764653.jpg\" alt=\"\"\/><\/figure>\n\n\n\n<p><a href=\"https:\/\/www.mural.com.mx\/reclama-norona-no-se-respetan-acuerdos\/ar2625159?v=7\">Reclama Noro\u00f1a: no se respetan acuerdos<\/a><\/p>\n\n\n\n<figure class=\"wp-block-image is-style-default\"><img decoding=\"async\" src=\"https:\/\/img.gruporeforma.com\/imagenes\/elementorelacionado\/11\/765\/10764480.jpg\" alt=\"\"\/><\/figure>\n\n\n\n<p><a href=\"https:\/\/www.mural.com.mx\/voy-a-recorrer-todo-el-pais-y-acepto-recursos-dice-monreal\/ar2625091?v=3\">Voy a recorrer todo el Pa\u00eds y acepto recursos, dice Monreal<\/a><br>Ayer, la ex Jefa de Gobierno de la CDMX, Claudia Sheinbaum, se adelant\u00f3 a sus compa\u00f1eros y encabez\u00f3 un evento p\u00fablico en Xochimilco, en la Ciudad de M\u00e9xico, donde se reuni\u00f3 con mujeres de Pueblos Originarios quienes le entregaron un bast\u00f3n de mando.<\/p>\n\n\n\n<p>Aunque la aspirante presidencial no tom\u00f3 la palabra, sus simpatizantes lo hicieron por ella. \u00abMadrecita tierra, que sea nuestra Presidenta Claudia Sheinbaum\u00bb, dijo una mujer mientras le pon\u00eda una corona de flores.<\/p>\n\n\n\n<p>El ex titular de la Secretar\u00eda de Gobernaci\u00f3n, Ad\u00e1n Augusto L\u00f3pez, mostr\u00f3 en redes sociales la carta de renuncia que le entreg\u00f3 al Presidente Andr\u00e9s Manuel L\u00f3pez Obrador, mientras que Ricardo Monreal, ex coordinador parlamentario en el Senado, exhibi\u00f3 un videojuego donde es el protagonista por la misma v\u00eda.<\/p>\n\n\n\n<p>En redes sociales, tanto el ex Canciller Marcelo Ebrard como el senador Manuel Velasco, del PVEM, subieron mensajes recordando a sus padres.<\/p>\n\n\n\n<p>El aspirante del PT, Gerardo Fern\u00e1ndez Noro\u00f1a, acus\u00f3 a sus compa\u00f1eros de no respetar los acuerdos.<\/p>\n\n\n\n<p>\u00abMonreal ayer hizo de su recorrido religioso un evento pol\u00edtico, y el d\u00eda de hoy Claudia hizo un evento en Xochimilco, no es correcto, no por mucho madrugar amanece m\u00e1s temprano y si se qued\u00f3 que empezamos hasta ma\u00f1ana, pues es hasta ma\u00f1ana\u00bb, subray\u00f3 Fern\u00e1ndez Noro\u00f1a.<\/p>\n\n\n\n<p>En un intento por controlar los recursos que utilizar\u00e1n las \u00abcorcholatas\u00bb para el proselitismo, la dirigencia de Morena entregar\u00e1 5 millones de pesos a cada uno, y pidi\u00f3 al PT y PVEM hacer lo mismo con sus abanderados.<\/p>\n\n\n\n<p>Fuente: <a href=\"https:\/\/www.mural.com.mx\/arrancan-campanas-morenistas-y-sheinbaum-se-adelanta\/ar2625223?v=2&amp;referer=--7d616165662f3a3a6262623b727a7a7279703b767a783a--\">https:\/\/www.mural.com.mx\/arrancan-campanas-morenistas-y-sheinbaum-se-adelanta\/ar2625223?v=2&amp;referer=&#8211;7d616165662f3a3a6262623b727a7a7279703b767a783a&#8211;<\/a><\/p>\n","protected":false},"excerpt":{"rendered":"<p>REDACCI\u00d3N MURAL Cd. de M\u00e9xico\u00a0(19 junio 2023).-\u00a0Las llamadas \u00abcorcholatas\u00bb de Morena y sus invitados del PT y PVEM arrancan hoy [&hellip;]<\/p>\n","protected":false},"author":1,"featured_media":53368,"comment_status":"open","ping_status":"open","sticky":false,"template":"","format":"standard","meta":{"site-sidebar-layout":"default","site-content-layout":"","ast-site-content-layout":"default","site-content-style":"default","site-sidebar-style":"default","ast-global-header-display":"","ast-banner-title-visibility":"","ast-main-header-display":"","ast-hfb-above-header-display":"","ast-hfb-below-header-display":"","ast-hfb-mobile-header-display":"","site-post-title":"","ast-breadcrumbs-content":"","ast-featured-img":"","footer-sml-layout":"","theme-transparent-header-meta":"","adv-header-id-meta":"","stick-header-meta":"","header-above-stick-meta":"","header-main-stick-meta":"","header-below-stick-meta":"","astra-migrate-meta-layouts":"default","ast-page-background-enabled":"default","ast-page-background-meta":{"desktop":{"background-color":"var(--ast-global-color-4)","background-image":"","background-repeat":"repeat","background-position":"center center","background-size":"auto","background-attachment":"scroll","background-type":"","background-media":"","overlay-type":"","overlay-color":"","overlay-opacity":"","overlay-gradient":""},"tablet":{"background-color":"","background-image":"","background-repeat":"repeat","background-position":"center center","background-size":"auto","background-attachment":"scroll","background-type":"","background-media":"","overlay-type":"","overlay-color":"","overlay-opacity":"","overlay-gradient":""},"mobile":{"background-color":"","background-image":"","background-repeat":"repeat","background-position":"center center","background-size":"auto","background-attachment":"scroll","background-type":"","background-media":"","overlay-type":"","overlay-color":"","overlay-opacity":"","overlay-gradient":""}},"ast-content-background-meta":{"desktop":{"background-color":"var(--ast-global-color-5)","background-image":"","background-repeat":"repeat","background-position":"center center","background-size":"auto","background-attachment":"scroll","background-type":"","background-media":"","overlay-type":"","overlay-color":"","overlay-opacity":"","overlay-gradient":""},"tablet":{"background-color":"var(--ast-global-color-5)","background-image":"","background-repeat":"repeat","background-position":"center center","background-size":"auto","background-attachment":"scroll","background-type":"","background-media":"","overlay-type":"","overlay-color":"","overlay-opacity":"","overlay-gradient":""},"mobile":{"background-color":"var(--ast-global-color-5)","background-image":"","background-repeat":"repeat","background-position":"center center","background-size":"auto","background-attachment":"scroll","background-type":"","background-media":"","overlay-type":"","overlay-color":"","overlay-opacity":"","overlay-gradient":""}},"footnotes":""},"categories":[8],"tags":[17022,17023,16903,17024],"class_list":["post-53366","post","type-post","status-publish","format-standard","has-post-thumbnail","hentry","category-noticias","tag-acuerdos-morena","tag-fernandez-norona","tag-sheinbaum","tag-xochimilco"],"_links":{"self":[{"href":"https:\/\/losperiodistas.com.mx\/portal\/wp-json\/wp\/v2\/posts\/53366","targetHints":{"allow":["GET"]}}],"collection":[{"href":"https:\/\/losperiodistas.com.mx\/portal\/wp-json\/wp\/v2\/posts"}],"about":[{"href":"https:\/\/losperiodistas.com.mx\/portal\/wp-json\/wp\/v2\/types\/post"}],"author":[{"embeddable":true,"href":"https:\/\/losperiodistas.com.mx\/portal\/wp-json\/wp\/v2\/users\/1"}],"replies":[{"embeddable":true,"href":"https:\/\/losperiodistas.com.mx\/portal\/wp-json\/wp\/v2\/comments?post=53366"}],"version-history":[{"count":1,"href":"https:\/\/losperiodistas.com.mx\/portal\/wp-json\/wp\/v2\/posts\/53366\/revisions"}],"predecessor-version":[{"id":53369,"href":"https:\/\/losperiodistas.com.mx\/portal\/wp-json\/wp\/v2\/posts\/53366\/revisions\/53369"}],"wp:featuredmedia":[{"embeddable":true,"href":"https:\/\/losperiodistas.com.mx\/portal\/wp-json\/wp\/v2\/media\/53368"}],"wp:attachment":[{"href":"https:\/\/losperiodistas.com.mx\/portal\/wp-json\/wp\/v2\/media?parent=53366"}],"wp:term":[{"taxonomy":"category","embeddable":true,"href":"https:\/\/losperiodistas.com.mx\/portal\/wp-json\/wp\/v2\/categories?post=53366"},{"taxonomy":"post_tag","embeddable":true,"href":"https:\/\/losperiodistas.com.mx\/portal\/wp-json\/wp\/v2\/tags?post=53366"}],"curies":[{"name":"wp","href":"https:\/\/api.w.org\/{rel}","templated":true}]}}