{"id":53358,"date":"2023-06-18T20:24:27","date_gmt":"2023-06-19T01:24:27","guid":{"rendered":"http:\/\/losperiodistas.com.mx\/portal\/?p=53358"},"modified":"2023-06-18T20:24:28","modified_gmt":"2023-06-19T01:24:28","slug":"amigos-enemigos-y-lealtades","status":"publish","type":"post","link":"https:\/\/losperiodistas.com.mx\/portal\/amigos-enemigos-y-lealtades\/","title":{"rendered":"Amigos, enemigos y lealtades"},"content":{"rendered":"\n<p class=\"has-medium-font-size\">#PorSoleares<em> | Alianzas de grupos pol\u00edticos en Puebla bajo la premisa de \u201cel enemigo de mi enemigo es mi amigo\u201d<\/em><\/p>\n\n\n\n<p><\/p>\n\n\n\n<figure class=\"wp-block-embed is-type-video is-provider-youtube wp-block-embed-youtube wp-embed-aspect-16-9 wp-has-aspect-ratio\"><div class=\"wp-block-embed__wrapper\">\n<iframe title=\"Amigos, enemigos y lealtad | junio 18 2023\" width=\"500\" height=\"281\" src=\"https:\/\/www.youtube.com\/embed\/FGiFgZQIEKA?feature=oembed\" frameborder=\"0\" allow=\"accelerometer; autoplay; clipboard-write; encrypted-media; gyroscope; picture-in-picture; web-share\" referrerpolicy=\"strict-origin-when-cross-origin\" allowfullscreen><\/iframe>\n<\/div><\/figure>\n\n\n\n<p><\/p>\n\n\n\n<p class=\"has-vivid-red-color has-text-color\" style=\"font-size:26px\"><strong><em>Por Jes\u00fas Manuel Hern\u00e1ndez<\/em><\/strong><\/p>\n\n\n\n<p>Los poblanos se vienen decantando desde hace algunas semanas en sus preferencias por las corcholatas locales, a excepci\u00f3n de los panistas que privilegian a Eduardo Rivera, el resto de los grupos pol\u00edticos se enfrenta a una decisi\u00f3n que puede influir en su futuro de manera determinante.<\/p>\n\n\n\n<p>As\u00ed los grupos del PRI,PRD, MC y anexas buscan acercamientos con sus elegidos a fin de no quedarse fuera de la jugada, <strong>en algunos casos hay buena fe, en otros hay un sentimiento de venganza o de temor<\/strong>.<\/p>\n\n\n\n<p>Cuando a uno le preguntan \u00bfqui\u00e9n te gusta para gobernador o para gobernadora? Coloquialmente la gente opina sobre sus propios intereses alej\u00e1ndose de la objetividad. Pocas veces se antepone el an\u00e1lisis de factores que influir<ins>\u00e1<\/ins><del>a<\/del>n y la mayor\u00eda de las veces aflora el deseo personal, o sea, <strong>\u00bfcon qui\u00e9n me va a ir mejor?<\/strong><\/p>\n\n\n\n<p>Y as\u00ed se van decantando y sumando, ayudando o bloqueando los unos a los otros, en aras o de <strong>garantizar posiciones para s\u00ed mismos, para sus familiares, para sus grupos o para sus negocios, o para todo eso y m\u00e1s<\/strong>.<\/p>\n\n\n\n<p>La mayor\u00eda parte de dos opciones, o es Nacho o es Alejandro y a partir de esa dicotom\u00eda forman sus criterios.<\/p>\n\n\n\n<p>Una proverbio muy antiguo, usado en asuntos militares y luego pol\u00edticos ayudar\u00eda a entender lo que pasa: <strong><em>\u201cel enemigo de mi enemigo es mi amigo\u201d<\/em><\/strong>, una reflexi\u00f3n al m\u00e1s puro estilo funcionalista y pragm\u00e1tico, con una variante quiz\u00e1 muy a la poblana: <strong><em>\u201cel amigo de mi enemigo es mi enemigo\u201d<\/em><\/strong>.<\/p>\n\n\n\n<p>Bajo esas premisas se entienden las alianzas que se observan en todos los grupos, impulsadas a veces desde las cabezas del poder en el pasado y es que muchos se preguntan \u00bfcon qui\u00e9n estar\u00e1 Bartlett, con quien Melquiades, el marinismo sobrevive en sus intereses, el morenovallismo, encarcelado o no, viene por la revancha, la familia de Pacheco Pulido est\u00e1 en activo los escenarios pol\u00edticos o s\u00f3lo en los negocios?<\/p>\n\n\n\n<p>En ese galimat\u00edas se hacen los sesudos an\u00e1lisis de caf\u00e9 y sobremesas poblanas salpicadas de los \u00faltimos aconteceres.<\/p>\n\n\n\n<p>Vino <strong>Beatriz Guti\u00e9rrez de L\u00f3pez Obrador<\/strong> y en acto universitario fue flanqueada por Claudia Rivera Vivanco y Catalina P\u00e9rez Osorio, las redes empezaron a publicitar el encuentro y se le atribuyeron momentos de intercambio de proyectos de vida pol\u00edtica. Luego entonces los reflectores volvieron a poner a Claudia en el papel de que si para Puebla es mujer, <strong>su lugar est\u00e1 garantizado.<\/strong><\/p>\n\n\n\n<p>Pero como la misoginia sigue persistiendo entre la clase pol\u00edtica poblana, vuelve la dicotom\u00eda, \u00bfest\u00e1s con Nacho o con Alejandro?<\/p>\n\n\n\n<p>Y a la pregunta le siguen las especulaciones. \u00bfQu\u00e9 grupos ser\u00edan favorecidos con la llegada de uno u otro, cu\u00e1ntos rencores aflorar\u00edan, cu\u00e1ntas facturas pendientes de cobrar est\u00e1n en el caj\u00f3n de los interesados?<\/p>\n\n\n\n<p>Y las mentes vuelan. Se sacan conjeturas con base en el conocimiento de la vida de los l\u00edderes de los grupos y afloran criterios: En el PRI de Puebla quien manda es Jorge Estefan, Enrique D\u00f3ger alejado y m\u00e1s cercano a Nacho; Blanca y Lucero bajo la sombra de Estefan\u2026 Los presidentes municipales pri\u00edstas, alineados o con el gobernador o con Estefan. <strong>\u00bfCon qui\u00e9n jugar\u00eda con ojos cerrados Estefan? La respuesta est\u00e1 en el orden alfab\u00e9tico<\/strong>, pues con el otro hay polvos de viejos lodos.<\/p>\n\n\n\n<p>\u00bfY los l\u00edderes de los grupos aparentemente desaparecidos d\u00f3nde est\u00e1n, con qui\u00e9n est\u00e1n? Y no puede uno menos que recordar que Chucho Morales tiene lo suyo, los ex rectores de la Buap traen sus ahorros, el primer c\u00edrculo de Manuel Bartlett est\u00e1 siendo reactivado, el primer c\u00edrculo de Melqu\u00edades toma decisiones personales, \u00bfY los marinistas como Mario Montero, Luis \u00c1ngel Casas en qu\u00e9 libro quieren escribir?<\/p>\n\n\n\n<p>El complejo an\u00e1lisis quiz\u00e1 obligue a citar alguna an\u00e9cdota o m\u00e1s bien a preguntarse \u00bfqui\u00e9nes son los enemigos de Nacho que pueden o son amigos Armenta? Y viceversa, \u00bfqui\u00e9n juntar\u00eda m\u00e1s enemigos y m\u00e1s amigos?<\/p>\n\n\n\n<p>La sociedad poblana es un tanto de cotilleo subterr\u00e1neo y arreglos por debajo de la mesa, un asunto que los asesores de imagen pol\u00edtica, operadores de redes y asesores de los aspirantes no acaban de entender.<\/p>\n\n\n\n<p>Las alianzas florecen, hay quien ha dado el paso definitivo y sale en la foto, pero hay otros que a\u00fan se esconden, est\u00e1n esperando m\u00e1s se\u00f1ales o la instrucci\u00f3n de \u201carriba\u201d para \u201cno equivocarse\u201d.<\/p>\n\n\n\n<p>Mientras tanto, nadie quita del rengl\u00f3n que el papel del gobernador ser\u00e1 fundamental en la decisi\u00f3n final.<\/p>\n\n\n\n<p>O por lo menos, as\u00ed me lo parece.<\/p>\n\n\n\n<p><a href=\"mailto:losperiodistas.com.mx@gmail.com\">losperiodistas.com.mx@gmail.com<\/a><\/p>\n\n\n\n<p><\/p>\n","protected":false},"excerpt":{"rendered":"<p>#PorSoleares | Alianzas de grupos pol\u00edticos en Puebla bajo la premisa de \u201cel enemigo de mi enemigo es mi amigo\u201d [&hellip;]<\/p>\n","protected":false},"author":1,"featured_media":53359,"comment_status":"open","ping_status":"open","sticky":false,"template":"","format":"standard","meta":{"site-sidebar-layout":"default","site-content-layout":"","ast-site-content-layout":"default","site-content-style":"default","site-sidebar-style":"default","ast-global-header-display":"","ast-banner-title-visibility":"","ast-main-header-display":"","ast-hfb-above-header-display":"","ast-hfb-below-header-display":"","ast-hfb-mobile-header-display":"","site-post-title":"","ast-breadcrumbs-content":"","ast-featured-img":"","footer-sml-layout":"","theme-transparent-header-meta":"","adv-header-id-meta":"","stick-header-meta":"","header-above-stick-meta":"","header-main-stick-meta":"","header-below-stick-meta":"","astra-migrate-meta-layouts":"default","ast-page-background-enabled":"default","ast-page-background-meta":{"desktop":{"background-color":"var(--ast-global-color-4)","background-image":"","background-repeat":"repeat","background-position":"center center","background-size":"auto","background-attachment":"scroll","background-type":"","background-media":"","overlay-type":"","overlay-color":"","overlay-opacity":"","overlay-gradient":""},"tablet":{"background-color":"","background-image":"","background-repeat":"repeat","background-position":"center center","background-size":"auto","background-attachment":"scroll","background-type":"","background-media":"","overlay-type":"","overlay-color":"","overlay-opacity":"","overlay-gradient":""},"mobile":{"background-color":"","background-image":"","background-repeat":"repeat","background-position":"center center","background-size":"auto","background-attachment":"scroll","background-type":"","background-media":"","overlay-type":"","overlay-color":"","overlay-opacity":"","overlay-gradient":""}},"ast-content-background-meta":{"desktop":{"background-color":"var(--ast-global-color-5)","background-image":"","background-repeat":"repeat","background-position":"center center","background-size":"auto","background-attachment":"scroll","background-type":"","background-media":"","overlay-type":"","overlay-color":"","overlay-opacity":"","overlay-gradient":""},"tablet":{"background-color":"var(--ast-global-color-5)","background-image":"","background-repeat":"repeat","background-position":"center center","background-size":"auto","background-attachment":"scroll","background-type":"","background-media":"","overlay-type":"","overlay-color":"","overlay-opacity":"","overlay-gradient":""},"mobile":{"background-color":"var(--ast-global-color-5)","background-image":"","background-repeat":"repeat","background-position":"center center","background-size":"auto","background-attachment":"scroll","background-type":"","background-media":"","overlay-type":"","overlay-color":"","overlay-opacity":"","overlay-gradient":""}},"footnotes":""},"categories":[8,5],"tags":[3642,8711,3873,247],"class_list":["post-53358","post","type-post","status-publish","format-standard","has-post-thumbnail","hentry","category-noticias","category-por-soleares","tag-alejandro-armenta","tag-elecciones-puebla-2024","tag-ignacio-mier","tag-morena"],"_links":{"self":[{"href":"https:\/\/losperiodistas.com.mx\/portal\/wp-json\/wp\/v2\/posts\/53358","targetHints":{"allow":["GET"]}}],"collection":[{"href":"https:\/\/losperiodistas.com.mx\/portal\/wp-json\/wp\/v2\/posts"}],"about":[{"href":"https:\/\/losperiodistas.com.mx\/portal\/wp-json\/wp\/v2\/types\/post"}],"author":[{"embeddable":true,"href":"https:\/\/losperiodistas.com.mx\/portal\/wp-json\/wp\/v2\/users\/1"}],"replies":[{"embeddable":true,"href":"https:\/\/losperiodistas.com.mx\/portal\/wp-json\/wp\/v2\/comments?post=53358"}],"version-history":[{"count":1,"href":"https:\/\/losperiodistas.com.mx\/portal\/wp-json\/wp\/v2\/posts\/53358\/revisions"}],"predecessor-version":[{"id":53360,"href":"https:\/\/losperiodistas.com.mx\/portal\/wp-json\/wp\/v2\/posts\/53358\/revisions\/53360"}],"wp:featuredmedia":[{"embeddable":true,"href":"https:\/\/losperiodistas.com.mx\/portal\/wp-json\/wp\/v2\/media\/53359"}],"wp:attachment":[{"href":"https:\/\/losperiodistas.com.mx\/portal\/wp-json\/wp\/v2\/media?parent=53358"}],"wp:term":[{"taxonomy":"category","embeddable":true,"href":"https:\/\/losperiodistas.com.mx\/portal\/wp-json\/wp\/v2\/categories?post=53358"},{"taxonomy":"post_tag","embeddable":true,"href":"https:\/\/losperiodistas.com.mx\/portal\/wp-json\/wp\/v2\/tags?post=53358"}],"curies":[{"name":"wp","href":"https:\/\/api.w.org\/{rel}","templated":true}]}}