{"id":53346,"date":"2023-06-18T09:33:02","date_gmt":"2023-06-18T14:33:02","guid":{"rendered":"http:\/\/losperiodistas.com.mx\/portal\/?p=53346"},"modified":"2023-06-18T09:33:04","modified_gmt":"2023-06-18T14:33:04","slug":"colonizacion-de-america-mato-tantos-que-la-tierra-se-enfrio-dw","status":"publish","type":"post","link":"https:\/\/losperiodistas.com.mx\/portal\/colonizacion-de-america-mato-tantos-que-la-tierra-se-enfrio-dw\/","title":{"rendered":"Colonizaci\u00f3n de Am\u00e9rica mat\u00f3 tantos que la Tierra se enfri\u00f3 | DW"},"content":{"rendered":"\n<p class=\"has-light-green-cyan-background-color has-background has-medium-font-size\"><strong>Una investigaci\u00f3n revel\u00f3 la magnitud de los trastornos que siguieron al \u00abdescubrimiento\u00bb de Am\u00e9rica por Col\u00f3n en 1492.<\/strong><\/p>\n\n\n\n<figure class=\"wp-block-image size-large is-style-default\"><img fetchpriority=\"high\" decoding=\"async\" width=\"1024\" height=\"448\" src=\"https:\/\/losperiodistas.com.mx\/portal\/wp-content\/uploads\/2023\/06\/65946191_1004-1024x448.jpeg\" alt=\"\" class=\"wp-image-53347\" srcset=\"https:\/\/losperiodistas.com.mx\/portal\/wp-content\/uploads\/2023\/06\/65946191_1004-1024x448.jpeg 1024w, https:\/\/losperiodistas.com.mx\/portal\/wp-content\/uploads\/2023\/06\/65946191_1004-300x131.jpeg 300w, https:\/\/losperiodistas.com.mx\/portal\/wp-content\/uploads\/2023\/06\/65946191_1004-768x336.jpeg 768w, https:\/\/losperiodistas.com.mx\/portal\/wp-content\/uploads\/2023\/06\/65946191_1004.jpeg 1200w\" sizes=\"(max-width: 1024px) 100vw, 1024px\" \/><figcaption>Cuando los colonizadores europeos se dirigieron a Am\u00e9rica, provocaron lo que se conoce como la \u00abGran Mortandad\u00bb.<small>Imagen:\u00a0Darchivio\/opale.photo\/picture alliance<\/small><\/figcaption><\/figure>\n\n\n\n<p><\/p>\n\n\n\n<p class=\"has-vivid-red-color has-text-color has-medium-font-size\"><strong>DW<\/strong><\/p>\n\n\n\n<p>En los 100 a\u00f1os que siguieron a&nbsp;<a href=\"https:\/\/www.dw.com\/es\/col%C3%B3n-crist%C3%B3bal\/t-46283424\">la llegada de los europeos<\/a>&nbsp;a finales del siglo XV, la&nbsp;<a href=\"https:\/\/www.dw.com\/es\/ind%C3%ADgenas\/t-37241499\">poblaci\u00f3n ind\u00edgena de Am\u00e9rica<\/a>&nbsp;se redujo de 60 millones a solo 6 millones, debido a oleadas de epidemias, guerras y hambrunas. Y las consecuencias de la colonizaci\u00f3n fueron tan profundas \u2013lo que se conoce como la \u00abGran Mortandad\u00bb\u2013 que transformaron el medio ambiente y provocaron el enfriamiento del clima de la Tierra, seg\u00fan una investigaci\u00f3n de 2019&nbsp;<a rel=\"noreferrer noopener\" target=\"_blank\" href=\"https:\/\/www.sciencedirect.com\/science\/article\/pii\/S0277379118307261\">publicada en<em>&nbsp;Quaternary Science Reviews.<\/em><\/a><\/p>\n\n\n\n<p>En concreto, el equipo de cient\u00edficos encargado del estudio, del University College de Londres (Reino Unido), afirm\u00f3 que las perturbaciones que siguieron a la colonizaci\u00f3n europea provocaron que una enorme franja de tierras agr\u00edcolas abandonadas fuera reclamada por \u00e1rboles y otra vegetaci\u00f3n de r\u00e1pido crecimiento. Esto arrastr\u00f3 suficiente di\u00f3xido de carbono (CO\u2082) a la atm\u00f3sfera como para enfriar el planeta \u2013la temperatura media descendi\u00f3 0,15 \u00b0C a finales del siglo XVI y principios del XVII\u2013, contribuyendo a lo que se conoce como la Peque\u00f1a Edad de Hielo, un periodo entre 1300 y 1870 aproximadamente en el que los inviernos en Europa congelaban el T\u00e1mesis en Londres.<\/p>\n\n\n\n<p>\u00abLa Gran Mortandad de los pueblos ind\u00edgenas de las Am\u00e9ricas provoc\u00f3 el abandono de una cantidad suficiente de tierras desbrozadas como para que la absorci\u00f3n de carbono terrestre resultante tuviera un impacto detectable tanto en el CO2 atmosf\u00e9rico como en las temperaturas globales del aire en superficie\u00bb, afirma el autor principal del estudio, el doctorando Alexander Koch (Geograf\u00eda de la UCL).<\/p>\n\n\n\n<h2 class=\"wp-block-heading\"><strong>\u00abGran Mortandad\u00bb: descenso de los niveles de CO2<\/strong><\/h2>\n\n\n\n<p>La estimaci\u00f3n del equipo del University College de Londres de que la poblaci\u00f3n nativa americana en 1492 d.C. era de 60,5 millones se bas\u00f3 en registros hist\u00f3ricos como el tama\u00f1o de los ej\u00e9rcitos, datos censales y hallazgos arqueol\u00f3gicos. Calcularon que, durante el siglo siguiente, los agentes pat\u00f3genos reci\u00e9n introducidos acabaron con el 90 % de la poblaci\u00f3n.<\/p>\n\n\n\n<p>En cuanto a la franja de tierras agr\u00edcolas abandonadas, seg\u00fan los c\u00e1lculos del equipo, 56 millones de hect\u00e1reas quedaron en desuso en ese tiempo.&nbsp;<\/p>\n\n\n\n<p>En el registro de los n\u00facleos de hielo de la Ant\u00e1rtida \u2013las burbujas de aire atrapadas en estas muestras congeladas muestran un descenso en su concentraci\u00f3n de di\u00f3xido de carbono\u2013, los investigadores observaron un descenso del CO2 en la \u00e9poca de la Peque\u00f1a Edad de Hielo. El equipo cree que las tierras en desuso podr\u00edan explicar el descenso de los niveles de CO2 entre 7 y 10 partes por mill\u00f3n (ppm).<\/p>\n\n\n\n<figure class=\"wp-block-image size-large is-style-default\"><img decoding=\"async\" width=\"1024\" height=\"576\" src=\"https:\/\/losperiodistas.com.mx\/portal\/wp-content\/uploads\/2023\/06\/65946233_906-1024x576.jpeg\" alt=\"\" class=\"wp-image-53348\" srcset=\"https:\/\/losperiodistas.com.mx\/portal\/wp-content\/uploads\/2023\/06\/65946233_906-1024x576.jpeg 1024w, https:\/\/losperiodistas.com.mx\/portal\/wp-content\/uploads\/2023\/06\/65946233_906-300x169.jpeg 300w, https:\/\/losperiodistas.com.mx\/portal\/wp-content\/uploads\/2023\/06\/65946233_906-768x432.jpeg 768w, https:\/\/losperiodistas.com.mx\/portal\/wp-content\/uploads\/2023\/06\/65946233_906.jpeg 1110w\" sizes=\"(max-width: 1024px) 100vw, 1024px\" \/><figcaption>El equipo afirma que la perturbaci\u00f3n que sigui\u00f3 a la colonizaci\u00f3n europea hizo que una enorme franja de tierras agr\u00edcolas abandonadas fuera reclamada por \u00e1rboles.<small>Imagen: United Archives\/picture alliance<\/small><\/figcaption><\/figure>\n\n\n\n<p>\u00abLo que se desprende de este estudio es la magnitud de lo que se necesita para mitigar&nbsp;<a href=\"https:\/\/www.dw.com\/es\/cambio-clim%C3%A1tico\/t-17411706\">el cambio clim\u00e1tico.<\/a>&nbsp;La Gran Mortandad hizo que se reforestara una superficie del tama\u00f1o de Francia y eso solo nos dio unas pocas ppm. Esto demuestra que la reforestaci\u00f3n puede ayudar a atajar&nbsp;<a href=\"https:\/\/www.dw.com\/es\/siete-de-los-ocho-l%C3%ADmites-para-un-planeta-seguro-ya-han-sido-sobrepasados\/a-65812099\">el futuro cambio clim\u00e1tico,<\/a>&nbsp;pero solo hasta cierto punto\u00bb, dijo el Dr. Chris Brierley (Geograf\u00eda UCL), coautor del estudio. \u00abEse tipo de reducci\u00f3n equivale quiz\u00e1 a solo dos a\u00f1os de emisiones de combustibles f\u00f3siles al ritmo actual\u00bb, agreg\u00f3<\/p>\n\n\n\n<p>\u00abPara ponerlo en el contexto moderno, b\u00e1sicamente quemamos (combustibles f\u00f3siles) y producimos unas 3 ppm al a\u00f1o. Por tanto, estamos hablando de una gran cantidad de carbono que se absorbe de la atm\u00f3sfera\u00bb, declar\u00f3, por su parte, a la BBC el profesor Mark Maslin, coautor del estudio.<\/p>\n\n\n\n<h2 class=\"wp-block-heading\"><strong>Colapso de la poblaci\u00f3n ind\u00edgena<\/strong><\/h2>\n\n\n\n<p>Seg\u00fan explic\u00f3 a BBC Ed Hawkins, profesor de climatolog\u00eda de la Universidad de Reading, que no particip\u00f3 en el estudio, los cient\u00edficos han entendido convencionalmente que la llamada Peque\u00f1a Edad de Hielo fue causada por varios factores, como un descenso de los niveles atmosf\u00e9ricos de di\u00f3xido de carbono, grandes erupciones volc\u00e1nicas, cambios en el uso de la tierra y una disminuci\u00f3n temporal de la actividad solar.<\/p>\n\n\n\n<p>Pero el estudio, agrega Hawkins, demuestra que el descenso del CO2 se debe, en parte, al asentamiento de las Am\u00e9ricas y el consiguiente colapso de la poblaci\u00f3n ind\u00edgena. Esto, asegura, permiti\u00f3 el rebrote de la vegetaci\u00f3n natural y demuestra que las actividades humanas afectaron al clima mucho antes de que comenzara la revoluci\u00f3n industrial.<\/p>\n\n\n\n<p>\u00abEn esa \u00e9poca (1500\/1600) se produce un enfriamiento acusado que se denomina Peque\u00f1a Edad de Hielo, y lo interesante es que podemos ver que los procesos naturales dan un poco de enfriamiento, pero en realidad para conseguir el enfriamiento completo \u2013el doble de los procesos naturales\u2013 hay que tener esta ca\u00edda de CO2 generada por el genocidio\u00bb, dijo, por su parte, Maslin.<\/p>\n\n\n\n<p><em>Editado por Felipe Espinosa Wang.<\/em><\/p>\n\n\n\n<p>Fuente: <a href=\"https:\/\/www.dw.com\/es\/la-colonizaci%C3%B3n-europea-de-am%C3%A9rica-mat%C3%B3-a-tantos-que-enfri%C3%B3-el-clima-de-la-tierra\/a-65946270\">https:\/\/www.dw.com\/es\/la-colonizaci%C3%B3n-europea-de-am%C3%A9rica-mat%C3%B3-a-tantos-que-enfri%C3%B3-el-clima-de-la-tierra\/a-65946270<\/a><\/p>\n","protected":false},"excerpt":{"rendered":"<p>Una investigaci\u00f3n revel\u00f3 la magnitud de los trastornos que siguieron al \u00abdescubrimiento\u00bb de Am\u00e9rica por Col\u00f3n en 1492. DW En [&hellip;]<\/p>\n","protected":false},"author":1,"featured_media":53347,"comment_status":"open","ping_status":"open","sticky":false,"template":"","format":"standard","meta":{"site-sidebar-layout":"default","site-content-layout":"","ast-site-content-layout":"default","site-content-style":"default","site-sidebar-style":"default","ast-global-header-display":"","ast-banner-title-visibility":"","ast-main-header-display":"","ast-hfb-above-header-display":"","ast-hfb-below-header-display":"","ast-hfb-mobile-header-display":"","site-post-title":"","ast-breadcrumbs-content":"","ast-featured-img":"","footer-sml-layout":"","theme-transparent-header-meta":"","adv-header-id-meta":"","stick-header-meta":"","header-above-stick-meta":"","header-main-stick-meta":"","header-below-stick-meta":"","astra-migrate-meta-layouts":"default","ast-page-background-enabled":"default","ast-page-background-meta":{"desktop":{"background-color":"var(--ast-global-color-4)","background-image":"","background-repeat":"repeat","background-position":"center center","background-size":"auto","background-attachment":"scroll","background-type":"","background-media":"","overlay-type":"","overlay-color":"","overlay-opacity":"","overlay-gradient":""},"tablet":{"background-color":"","background-image":"","background-repeat":"repeat","background-position":"center center","background-size":"auto","background-attachment":"scroll","background-type":"","background-media":"","overlay-type":"","overlay-color":"","overlay-opacity":"","overlay-gradient":""},"mobile":{"background-color":"","background-image":"","background-repeat":"repeat","background-position":"center center","background-size":"auto","background-attachment":"scroll","background-type":"","background-media":"","overlay-type":"","overlay-color":"","overlay-opacity":"","overlay-gradient":""}},"ast-content-background-meta":{"desktop":{"background-color":"var(--ast-global-color-5)","background-image":"","background-repeat":"repeat","background-position":"center center","background-size":"auto","background-attachment":"scroll","background-type":"","background-media":"","overlay-type":"","overlay-color":"","overlay-opacity":"","overlay-gradient":""},"tablet":{"background-color":"var(--ast-global-color-5)","background-image":"","background-repeat":"repeat","background-position":"center center","background-size":"auto","background-attachment":"scroll","background-type":"","background-media":"","overlay-type":"","overlay-color":"","overlay-opacity":"","overlay-gradient":""},"mobile":{"background-color":"var(--ast-global-color-5)","background-image":"","background-repeat":"repeat","background-position":"center center","background-size":"auto","background-attachment":"scroll","background-type":"","background-media":"","overlay-type":"","overlay-color":"","overlay-opacity":"","overlay-gradient":""}},"footnotes":""},"categories":[8],"tags":[17016,17017,17018],"class_list":["post-53346","post","type-post","status-publish","format-standard","has-post-thumbnail","hentry","category-noticias","tag-conquista-de-america","tag-gran-mortandad","tag-poblacion-indigena"],"_links":{"self":[{"href":"https:\/\/losperiodistas.com.mx\/portal\/wp-json\/wp\/v2\/posts\/53346","targetHints":{"allow":["GET"]}}],"collection":[{"href":"https:\/\/losperiodistas.com.mx\/portal\/wp-json\/wp\/v2\/posts"}],"about":[{"href":"https:\/\/losperiodistas.com.mx\/portal\/wp-json\/wp\/v2\/types\/post"}],"author":[{"embeddable":true,"href":"https:\/\/losperiodistas.com.mx\/portal\/wp-json\/wp\/v2\/users\/1"}],"replies":[{"embeddable":true,"href":"https:\/\/losperiodistas.com.mx\/portal\/wp-json\/wp\/v2\/comments?post=53346"}],"version-history":[{"count":1,"href":"https:\/\/losperiodistas.com.mx\/portal\/wp-json\/wp\/v2\/posts\/53346\/revisions"}],"predecessor-version":[{"id":53349,"href":"https:\/\/losperiodistas.com.mx\/portal\/wp-json\/wp\/v2\/posts\/53346\/revisions\/53349"}],"wp:featuredmedia":[{"embeddable":true,"href":"https:\/\/losperiodistas.com.mx\/portal\/wp-json\/wp\/v2\/media\/53347"}],"wp:attachment":[{"href":"https:\/\/losperiodistas.com.mx\/portal\/wp-json\/wp\/v2\/media?parent=53346"}],"wp:term":[{"taxonomy":"category","embeddable":true,"href":"https:\/\/losperiodistas.com.mx\/portal\/wp-json\/wp\/v2\/categories?post=53346"},{"taxonomy":"post_tag","embeddable":true,"href":"https:\/\/losperiodistas.com.mx\/portal\/wp-json\/wp\/v2\/tags?post=53346"}],"curies":[{"name":"wp","href":"https:\/\/api.w.org\/{rel}","templated":true}]}}