{"id":53339,"date":"2023-06-18T08:03:47","date_gmt":"2023-06-18T13:03:47","guid":{"rendered":"http:\/\/losperiodistas.com.mx\/portal\/?p=53339"},"modified":"2023-06-18T08:03:49","modified_gmt":"2023-06-18T13:03:49","slug":"cancelacion-de-las-nom-traera-mas-pobreza-enfermedad-y-muerte-proceso","status":"publish","type":"post","link":"https:\/\/losperiodistas.com.mx\/portal\/cancelacion-de-las-nom-traera-mas-pobreza-enfermedad-y-muerte-proceso\/","title":{"rendered":"Cancelaci\u00f3n de las NOM traer\u00e1 m\u00e1s \u201cpobreza, enfermedad y muerte\u201d | Proceso"},"content":{"rendered":"\n<p class=\"has-light-green-cyan-background-color has-background has-medium-font-size\"><strong>Opositores al plan del presidente L\u00f3pez Obrador para cancelar las Normas Oficiales Mexicanas (NOM) advierten que el verdadero prop\u00f3sito gubernamental es evitarse gastos y responsabilidades, en detrimento de los servicios m\u00e9dicos.<\/strong><\/p>\n\n\n\n<figure class=\"wp-block-image size-full is-style-default\"><img fetchpriority=\"high\" decoding=\"async\" width=\"685\" height=\"385\" src=\"https:\/\/losperiodistas.com.mx\/portal\/wp-content\/uploads\/2023\/06\/f685x385-175650_213343_5050.jpg\" alt=\"\" class=\"wp-image-53340\" srcset=\"https:\/\/losperiodistas.com.mx\/portal\/wp-content\/uploads\/2023\/06\/f685x385-175650_213343_5050.jpg 685w, https:\/\/losperiodistas.com.mx\/portal\/wp-content\/uploads\/2023\/06\/f685x385-175650_213343_5050-300x169.jpg 300w\" sizes=\"(max-width: 685px) 100vw, 685px\" \/><figcaption>Las NOM reglamentan la atenci\u00f3n m\u00e9dica de las principales enfermedades del pa\u00eds. Foto: Miguel Dimayuga<\/figcaption><\/figure>\n\n\n\n<p class=\"has-vivid-red-color has-text-color has-medium-font-size\"><strong>RODRIGO VERA \/ REVISTA PROCESO<\/strong><\/p>\n\n\n\n<p><em><strong>Para el presidente L\u00f3pez Obrador y el subsecretario L\u00f3pez-Gatell, las Normas Oficiales Mexicanas (NOM) que proponen cancelar \u201cno se requieren para regular la prescripci\u00f3n, terap\u00e9utica y diagn\u00f3stico\u201d de las enfermedades en el pa\u00eds. Pero colegios de m\u00e9dicos, trabajadores de la salud, organizaciones sociales y legisladores advierten que el verdadero prop\u00f3sito gubernamental es evitarse gastos y responsabilidades, en detrimento de los servicios m\u00e9dicos, y ya est\u00e1n recurriendo a la Organizaci\u00f3n Mundial de la Salud y a la Organizaci\u00f3n Panamericana de la Salud para impedir esa medida.<\/strong><\/em><\/p>\n\n\n\n<p>CIUDAD DE M\u00c9XICO (Proceso).- Para profundizar a\u00fan m\u00e1s el \u201cdesastre\u201d en el que ya tiene hundido al sistema de salud, el gobierno de Andr\u00e9s Manuel L\u00f3pez Obrador intenta ahora cancelar 32 Normas Oficiales Mexicanas (NOM) que reglamentan la atenci\u00f3n m\u00e9dica de las principales enfermedades del pa\u00eds, como diabetes, hipertensi\u00f3n arterial, c\u00e1ncer de mama, c\u00e1ncer de pr\u00f3stata y obesidad, entre otras.<\/p>\n\n\n\n<p class=\"has-cyan-bluish-gray-background-color has-background\"><strong>NOTICIAS RELACIONADAS<\/strong><\/p>\n\n\n\n<ul class=\"has-cyan-bluish-gray-background-color has-background wp-block-list\"><li><a href=\"https:\/\/www.proceso.com.mx\/nacional\/2023\/6\/8\/director-de-la-oms-contactara-la-secretaria-de-salud-por-eliminacion-de-nom-sobre-cancer-de-mama-308459.html\">Director de la OMS contactar\u00e1 a la Secretar\u00eda de Salud por eliminaci\u00f3n de NOM sobre c\u00e1ncer de mama<\/a><\/li><\/ul>\n\n\n\n<p>Esta demoledora medida \u2013anunciada el jueves 1 en el Diario Oficial de la Federaci\u00f3n (DOF)\u2013 les traer\u00e1 \u201cmayor pobreza, enfermedad y muerte\u201d a los millones de mexicanos que padecen esos males, pues el gobierno se quitar\u00e1 la obligaci\u00f3n de atenderlos como estipulan las normas que intenta suprimir.<\/p>\n\n\n\n<p>La intentona gubernamental ha provocado fuertes protestas entre colegios de m\u00e9dicos, trabajadores de la salud, organizaciones sociales y legisladores de oposici\u00f3n, quienes incluso ya est\u00e1n recurriendo a la Organizaci\u00f3n Mundial de la Salud para impedir la cancelaci\u00f3n de esas normas.<\/p>\n\n\n\n<p>El m\u00e9dico \u00c9ctor Jaime Ram\u00edrez Barba, secretario general de la Comisi\u00f3n de Salud de la C\u00e1mara de Diputados y una de las figuras m\u00e1s activas de este movimiento de protesta, comenta alarmado:<\/p>\n\n\n\n<p>\u201cLas 32 normas oficiales que intentan suprimirse son las que regulan alrededor de 90% de la carga de enfermedad que hay en M\u00e9xico. Con esta medida el gobierno de L\u00f3pez Obrador se sacudir\u00e1 la obligaci\u00f3n de darle atenci\u00f3n reglamentada a los pacientes que padecen las principales enfermedades, como diabetes, c\u00e1ncer, hipertensi\u00f3n u obesidad\u201d.<\/p>\n\n\n\n<p>\u2013\u00bfEs una cantidad de poblaci\u00f3n muy grande?<\/p>\n\n\n\n<p>\u2013\u00a1Es alt\u00edsima! Por ejemplo, si se quita la norma para la hipertensi\u00f3n se estar\u00eda afectando a cerca de 22 millones de mexicanos. Y al suprimir la norma para la diabetes se afectar\u00eda a 13 millones que tienen ese padecimiento y quienes ya no podr\u00e1n pedir insulina y otros medicamentos que requiere su enfermedad. Y ni qu\u00e9 decir del c\u00e1ncer de mama, la principal causa de muerte de mujeres entre 20 y 50 a\u00f1os. Pero el c\u00e1ncer de pr\u00f3stata causa todav\u00eda mayor mortandad entre los hombres\u2026 toda esa poblaci\u00f3n se ver\u00eda afectada.<\/p>\n\n\n\n<p>Doctor en ciencias de la salud y actual diputado del PAN, Ram\u00edrez Barba advierte que cancelar esa normatividad podr\u00eda provocar \u201ctodav\u00eda m\u00e1s enfermedad, muerte y pobreza\u201d en el pa\u00eds. Y explica esos tres puntos:<\/p>\n\n\n\n<p>\u201cLa supresi\u00f3n de las normas afectar\u00e1 a la salud de la poblaci\u00f3n, aumentar\u00e1 sus enfermedades, pues el gobierno ya no estar\u00e1 obligado a comprar los medicamentos para atender a los pacientes, los m\u00e1s pobres se ver\u00e1n mayormente afectados. Y adem\u00e1s la pr\u00e1ctica m\u00e9dica ser\u00e1 muy heterog\u00e9nea porque ya no estar\u00e1 sujeta a la reglamentaci\u00f3n que marcan las normas. Ser\u00e1 muy distinta, por ejemplo, entre las zonas urbanas y rurales, o entre los consultorios privados y los del sector p\u00fablico.<\/p>\n\n\n\n<p>\u201cTambi\u00e9n veremos m\u00e1s muertes. Sobre todo, muertes prematuras provocadas porque ya no habr\u00e1 los protocolos de atenci\u00f3n estipulados en las normas. Por ejemplo, habr\u00e1 m\u00e1s muertes por accidente cardiovascular debido a que la hipertensi\u00f3n arterial no se control\u00f3 por falta de normatividad. Igual ocurrir\u00e1 con el c\u00e1ncer y otros males.<\/p>\n\n\n\n<p>\u201cY como tercer punto, habr\u00e1 mayor pobreza porque el paciente estar\u00e1 m\u00e1s obligado a pagar de su bolsillo los medicamentos y servicios que no le ofrecer\u00e1 el gobierno. De por s\u00ed, el boom de las farmacias privadas ya se debe a esta situaci\u00f3n. Las estad\u00edsticas del Coneval nos muestran que la gente se est\u00e1 empobreciendo por motivos de salud. Hay costosas enfermedades que afectan la econom\u00eda de los hogares. Las familias se ven obligadas a vender sus bienes para salvar la vida del hijo, la esposa o el marido enfermo.\u201d<\/p>\n\n\n\n<h3 class=\"wp-block-heading\">Fragmento del reportaje publicado en la edici\u00f3n 2433 de la revista Proceso, cuya edici\u00f3n digital puede adquirir en\u00a0<a href=\"https:\/\/publicacionesdigitales.proceso.com.mx\/library\" target=\"_blank\" rel=\"noreferrer noopener\">este enlace<\/a>.<\/h3>\n\n\n\n<p>Fuente: <a href=\"https:\/\/www.proceso.com.mx\/reportajes\/2023\/6\/17\/cancelacion-de-las-nom-traera-mas-pobreza-enfermedad-muerte-309011.html\">https:\/\/www.proceso.com.mx\/reportajes\/2023\/6\/17\/cancelacion-de-las-nom-traera-mas-pobreza-enfermedad-muerte-309011.html<\/a><\/p>\n","protected":false},"excerpt":{"rendered":"<p>Opositores al plan del presidente L\u00f3pez Obrador para cancelar las Normas Oficiales Mexicanas (NOM) advierten que el verdadero prop\u00f3sito gubernamental [&hellip;]<\/p>\n","protected":false},"author":1,"featured_media":53340,"comment_status":"open","ping_status":"open","sticky":false,"template":"","format":"standard","meta":{"site-sidebar-layout":"default","site-content-layout":"","ast-site-content-layout":"default","site-content-style":"default","site-sidebar-style":"default","ast-global-header-display":"","ast-banner-title-visibility":"","ast-main-header-display":"","ast-hfb-above-header-display":"","ast-hfb-below-header-display":"","ast-hfb-mobile-header-display":"","site-post-title":"","ast-breadcrumbs-content":"","ast-featured-img":"","footer-sml-layout":"","theme-transparent-header-meta":"","adv-header-id-meta":"","stick-header-meta":"","header-above-stick-meta":"","header-main-stick-meta":"","header-below-stick-meta":"","astra-migrate-meta-layouts":"default","ast-page-background-enabled":"default","ast-page-background-meta":{"desktop":{"background-color":"var(--ast-global-color-4)","background-image":"","background-repeat":"repeat","background-position":"center center","background-size":"auto","background-attachment":"scroll","background-type":"","background-media":"","overlay-type":"","overlay-color":"","overlay-opacity":"","overlay-gradient":""},"tablet":{"background-color":"","background-image":"","background-repeat":"repeat","background-position":"center center","background-size":"auto","background-attachment":"scroll","background-type":"","background-media":"","overlay-type":"","overlay-color":"","overlay-opacity":"","overlay-gradient":""},"mobile":{"background-color":"","background-image":"","background-repeat":"repeat","background-position":"center center","background-size":"auto","background-attachment":"scroll","background-type":"","background-media":"","overlay-type":"","overlay-color":"","overlay-opacity":"","overlay-gradient":""}},"ast-content-background-meta":{"desktop":{"background-color":"var(--ast-global-color-5)","background-image":"","background-repeat":"repeat","background-position":"center center","background-size":"auto","background-attachment":"scroll","background-type":"","background-media":"","overlay-type":"","overlay-color":"","overlay-opacity":"","overlay-gradient":""},"tablet":{"background-color":"var(--ast-global-color-5)","background-image":"","background-repeat":"repeat","background-position":"center center","background-size":"auto","background-attachment":"scroll","background-type":"","background-media":"","overlay-type":"","overlay-color":"","overlay-opacity":"","overlay-gradient":""},"mobile":{"background-color":"var(--ast-global-color-5)","background-image":"","background-repeat":"repeat","background-position":"center center","background-size":"auto","background-attachment":"scroll","background-type":"","background-media":"","overlay-type":"","overlay-color":"","overlay-opacity":"","overlay-gradient":""}},"footnotes":""},"categories":[8],"tags":[17011,3978,17012,17010,11813],"class_list":["post-53339","post","type-post","status-publish","format-standard","has-post-thumbnail","hentry","category-noticias","tag-enfermedad","tag-lopez-gatell","tag-muerte-salud-mexico","tag-nom","tag-pobreza"],"_links":{"self":[{"href":"https:\/\/losperiodistas.com.mx\/portal\/wp-json\/wp\/v2\/posts\/53339","targetHints":{"allow":["GET"]}}],"collection":[{"href":"https:\/\/losperiodistas.com.mx\/portal\/wp-json\/wp\/v2\/posts"}],"about":[{"href":"https:\/\/losperiodistas.com.mx\/portal\/wp-json\/wp\/v2\/types\/post"}],"author":[{"embeddable":true,"href":"https:\/\/losperiodistas.com.mx\/portal\/wp-json\/wp\/v2\/users\/1"}],"replies":[{"embeddable":true,"href":"https:\/\/losperiodistas.com.mx\/portal\/wp-json\/wp\/v2\/comments?post=53339"}],"version-history":[{"count":1,"href":"https:\/\/losperiodistas.com.mx\/portal\/wp-json\/wp\/v2\/posts\/53339\/revisions"}],"predecessor-version":[{"id":53341,"href":"https:\/\/losperiodistas.com.mx\/portal\/wp-json\/wp\/v2\/posts\/53339\/revisions\/53341"}],"wp:featuredmedia":[{"embeddable":true,"href":"https:\/\/losperiodistas.com.mx\/portal\/wp-json\/wp\/v2\/media\/53340"}],"wp:attachment":[{"href":"https:\/\/losperiodistas.com.mx\/portal\/wp-json\/wp\/v2\/media?parent=53339"}],"wp:term":[{"taxonomy":"category","embeddable":true,"href":"https:\/\/losperiodistas.com.mx\/portal\/wp-json\/wp\/v2\/categories?post=53339"},{"taxonomy":"post_tag","embeddable":true,"href":"https:\/\/losperiodistas.com.mx\/portal\/wp-json\/wp\/v2\/tags?post=53339"}],"curies":[{"name":"wp","href":"https:\/\/api.w.org\/{rel}","templated":true}]}}