{"id":52877,"date":"2023-06-08T11:26:20","date_gmt":"2023-06-08T16:26:20","guid":{"rendered":"http:\/\/losperiodistas.com.mx\/portal\/?p=52877"},"modified":"2023-06-08T11:26:21","modified_gmt":"2023-06-08T16:26:21","slug":"el-triunfo-de-la-unidad-rumbo-al-2024","status":"publish","type":"post","link":"https:\/\/losperiodistas.com.mx\/portal\/el-triunfo-de-la-unidad-rumbo-al-2024\/","title":{"rendered":"<strong>El triunfo de la unidad, rumbo al 2024<\/strong>"},"content":{"rendered":"\n<p><\/p>\n\n\n\n<p class=\"has-vivid-red-color has-text-color\" style=\"font-size:26px\"><strong><em>Por Fernando Manzanilla Prieto<\/em><\/strong><\/p>\n\n\n\n<p>Este fin de semana se celebraron las \u00faltimas elecciones locales, antes del proceso electoral del 2024 en el Estado de M\u00e9xico y Coahuila, entidades en las que en ambas se eligieron a gobernadores, as\u00ed como a legisladores locales en la entidad del norte del pa\u00eds.<\/p>\n\n\n\n<p>En el Estado de M\u00e9xico el triunfo de la candidata morenista, la maestra Delfina G\u00f3mez, fue contundente, con lo cual logr\u00f3 terminar con la hegemon\u00eda que hab\u00edan mantenido el priismo durante casi un siglo en esta entidad.<\/p>\n\n\n\n<p>De acuerdo con los datos ya completos del PREP en el Estado de M\u00e9xico, se sabe que Morena obtuvo 3 millones 268 mil votos, mientras que la alianza del PRI-PAN y PRD, encabezada por Alejandra del Moral, logr\u00f3 apenas 2 millones 752 mil.<\/p>\n\n\n\n<p>Estas cifras enmarcan el triunfo de la maestra Delfina, quien hoy se ha convertido en la primera mujer que gobernar\u00e1 la entidad la m\u00e1s poblada y con el mayor peso electoral en el pa\u00eds, lo cual la ha llevado a ser considerada la joya m\u00e1s preciada de la corona.<\/p>\n\n\n\n<p>En contraparte a estos resultados, en Coahuila la alianza opositora, encabezada por Manolo Jim\u00e9nez, se alz\u00f3 con el triunfo al recibir 742 mil votos, contra los 280 mil que logr\u00f3 el candidato morenista, Armando Guardiana.<\/p>\n\n\n\n<p>Pero m\u00e1s all\u00e1 de los resultados obtenidos, es importante analizar cu\u00e1les son las diferencias que han enmarcado esta gran disparidad entre lo ocurrido en el Estado de M\u00e9xico y Coahuila, entidades en las que, a pesar del descontento ciudadano contra las fuerzas opositoras del PRIAN, han logrado retener el poder en el norte del pa\u00eds.<\/p>\n\n\n\n<p>Sin duda la clave de estos resultados est\u00e1 en las alianzas que se lograron materializar en Estado M\u00e9xico y las que se perdieron en Coahuila, donde partidos aliados a la 4T decidieron en un primer momento ir solos, y aunque trataron de enmendar el camino, el da\u00f1o estaba hecho: los electores y los \u00e1nimos se hab\u00edan dividido.<\/p>\n\n\n\n<p>Es por ello, que rumbo al 2024, considero que ser\u00e1 prioritario tener presente a este factor y sobre todo el trabajar con el foco en un proyecto de unidad, que sume a todos los liderazgos de manera incluyente.<\/p>\n\n\n\n<p>Precisamente esa es la idea bajo la cual naci\u00f3 el Instituto Mexicano para la Transformaci\u00f3n de la Vida P\u00fablica, una asociaci\u00f3n civil integrada por representantes de todas las regiones y sectores sociales que trabaja para materializar el gran \u201cPacto de Unidad por Puebla\u201d.<\/p>\n\n\n\n<p>Y es que la unidad se ha convertido en un valor fundamental para lograr el progreso y superar los desaf\u00edos que enfrentamos. Trabajar juntos hacia un objetivo com\u00fan puede marcar la diferencia entre el \u00e9xito y el fracaso. Por otro lado, la divisi\u00f3n y la fragmentaci\u00f3n pueden debilitar cualquier esfuerzo colectivo y obstaculizar el avance.<\/p>\n\n\n\n<p>Desde la visi\u00f3n que tenemos en este Instituto, la unidad fomenta la inclusi\u00f3n y el respeto mutuo, permitiendo que diferentes perspectivas, habilidades y experiencias se combinen en beneficio del conjunto. Cuando trabajamos juntos, podemos aprovechar la diversidad para generar ideas innovadoras y soluciones creativas a los desaf\u00edos que enfrentamos. Al valorar y aprovechar las fortalezas de cada individuo, nos volvemos m\u00e1s resilientes y capaces de enfrentar cualquier obst\u00e1culo.<\/p>\n\n\n\n<p>Asimismo, estamos convencidos que trabajar en unidad crea un ambiente de confianza y cooperaci\u00f3n. Cuando nos unimos con un prop\u00f3sito com\u00fan, generamos lazos de confianza mutua y nos sentimos respaldados por aquellos que nos rodean. La confianza es un elemento clave para el \u00e9xito de una encomienda tan importante como lo es el conseguir la transformaci\u00f3n de Puebla.<\/p>\n\n\n\n<p>Asimismo, creemos que cuando trabajamos juntos, podemos aprovechar los conocimientos y las habilidades individuales para alcanzar metas de manera m\u00e1s r\u00e1pida y efectiva. Por el contrario, la divisi\u00f3n y los conflictos generan obst\u00e1culos y retrasos, afectando negativamente los resultados y diluyendo los esfuerzos individuales.<\/p>\n\n\n\n<p>Pero, sobre todo, la unidad desempe\u00f1a un papel crucial en la transformaci\u00f3n de la sociedad y la promoci\u00f3n del cambio. Cuando las personas se unen en torno a una causa justa, como lo es tener un estado y pa\u00eds diferente, su voz se vuelve m\u00e1s poderosa y pueden generar un impacto significativo. Sin embargo, la divisi\u00f3n debilita estas causas, impidiendo que los ciudadanos logren cambios significativos y limitando su capacidad de influencia.<\/p>\n\n\n\n<p>Es por ello que rumbo al 2024, no se debe olvidar que la clave est\u00e1 en la unidad, en cerrar filas con la ciudadan\u00eda, en hacerla part\u00edcipe del cambio y la transformaci\u00f3n que tantos a\u00f1os ha costado alcanzar y que de la mano del Presidente Andr\u00e9s Manuel L\u00f3pez Obrador est\u00e1 siendo posible que llegue a todos los rincones del pa\u00eds.<\/p>\n","protected":false},"excerpt":{"rendered":"<p>Por Fernando Manzanilla Prieto Este fin de semana se celebraron las \u00faltimas elecciones locales, antes del proceso electoral del 2024 [&hellip;]<\/p>\n","protected":false},"author":1,"featured_media":52878,"comment_status":"open","ping_status":"open","sticky":false,"template":"","format":"standard","meta":{"site-sidebar-layout":"default","site-content-layout":"","ast-site-content-layout":"default","site-content-style":"default","site-sidebar-style":"default","ast-global-header-display":"","ast-banner-title-visibility":"","ast-main-header-display":"","ast-hfb-above-header-display":"","ast-hfb-below-header-display":"","ast-hfb-mobile-header-display":"","site-post-title":"","ast-breadcrumbs-content":"","ast-featured-img":"","footer-sml-layout":"","theme-transparent-header-meta":"","adv-header-id-meta":"","stick-header-meta":"","header-above-stick-meta":"","header-main-stick-meta":"","header-below-stick-meta":"","astra-migrate-meta-layouts":"default","ast-page-background-enabled":"default","ast-page-background-meta":{"desktop":{"background-color":"var(--ast-global-color-4)","background-image":"","background-repeat":"repeat","background-position":"center center","background-size":"auto","background-attachment":"scroll","background-type":"","background-media":"","overlay-type":"","overlay-color":"","overlay-opacity":"","overlay-gradient":""},"tablet":{"background-color":"","background-image":"","background-repeat":"repeat","background-position":"center center","background-size":"auto","background-attachment":"scroll","background-type":"","background-media":"","overlay-type":"","overlay-color":"","overlay-opacity":"","overlay-gradient":""},"mobile":{"background-color":"","background-image":"","background-repeat":"repeat","background-position":"center center","background-size":"auto","background-attachment":"scroll","background-type":"","background-media":"","overlay-type":"","overlay-color":"","overlay-opacity":"","overlay-gradient":""}},"ast-content-background-meta":{"desktop":{"background-color":"var(--ast-global-color-5)","background-image":"","background-repeat":"repeat","background-position":"center center","background-size":"auto","background-attachment":"scroll","background-type":"","background-media":"","overlay-type":"","overlay-color":"","overlay-opacity":"","overlay-gradient":""},"tablet":{"background-color":"var(--ast-global-color-5)","background-image":"","background-repeat":"repeat","background-position":"center center","background-size":"auto","background-attachment":"scroll","background-type":"","background-media":"","overlay-type":"","overlay-color":"","overlay-opacity":"","overlay-gradient":""},"mobile":{"background-color":"var(--ast-global-color-5)","background-image":"","background-repeat":"repeat","background-position":"center center","background-size":"auto","background-attachment":"scroll","background-type":"","background-media":"","overlay-type":"","overlay-color":"","overlay-opacity":"","overlay-gradient":""}},"footnotes":""},"categories":[24,8],"tags":[16875,16272],"class_list":["post-52877","post","type-post","status-publish","format-standard","has-post-thumbnail","hentry","category-fernando-manzanilla","category-noticias","tag-edomex","tag-unidad-morena"],"_links":{"self":[{"href":"https:\/\/losperiodistas.com.mx\/portal\/wp-json\/wp\/v2\/posts\/52877","targetHints":{"allow":["GET"]}}],"collection":[{"href":"https:\/\/losperiodistas.com.mx\/portal\/wp-json\/wp\/v2\/posts"}],"about":[{"href":"https:\/\/losperiodistas.com.mx\/portal\/wp-json\/wp\/v2\/types\/post"}],"author":[{"embeddable":true,"href":"https:\/\/losperiodistas.com.mx\/portal\/wp-json\/wp\/v2\/users\/1"}],"replies":[{"embeddable":true,"href":"https:\/\/losperiodistas.com.mx\/portal\/wp-json\/wp\/v2\/comments?post=52877"}],"version-history":[{"count":1,"href":"https:\/\/losperiodistas.com.mx\/portal\/wp-json\/wp\/v2\/posts\/52877\/revisions"}],"predecessor-version":[{"id":52879,"href":"https:\/\/losperiodistas.com.mx\/portal\/wp-json\/wp\/v2\/posts\/52877\/revisions\/52879"}],"wp:featuredmedia":[{"embeddable":true,"href":"https:\/\/losperiodistas.com.mx\/portal\/wp-json\/wp\/v2\/media\/52878"}],"wp:attachment":[{"href":"https:\/\/losperiodistas.com.mx\/portal\/wp-json\/wp\/v2\/media?parent=52877"}],"wp:term":[{"taxonomy":"category","embeddable":true,"href":"https:\/\/losperiodistas.com.mx\/portal\/wp-json\/wp\/v2\/categories?post=52877"},{"taxonomy":"post_tag","embeddable":true,"href":"https:\/\/losperiodistas.com.mx\/portal\/wp-json\/wp\/v2\/tags?post=52877"}],"curies":[{"name":"wp","href":"https:\/\/api.w.org\/{rel}","templated":true}]}}