{"id":52812,"date":"2023-03-20T18:40:00","date_gmt":"2023-03-21T00:40:00","guid":{"rendered":"http:\/\/losperiodistas.com.mx\/portal\/?p=52812"},"modified":"2023-06-07T14:44:01","modified_gmt":"2023-06-07T19:44:01","slug":"puebla-capital-en-el-top-de-ciudades-preferidas-por-los-nomadas-digitales-para-2023","status":"publish","type":"post","link":"https:\/\/losperiodistas.com.mx\/portal\/puebla-capital-en-el-top-de-ciudades-preferidas-por-los-nomadas-digitales-para-2023\/","title":{"rendered":"Puebla Capital en el top de ciudades preferidas por los n\u00f3madas digitales para 2023"},"content":{"rendered":"\n<p class=\"has-medium-font-size\"><em>Travel Off Path, sitio web especializado, destac\u00f3 las cualidades de la ciudad para quienes gustan realizar de trabajo remoto mientras viajan.<\/em><\/p>\n\n\n\n<figure class=\"wp-block-image size-full is-style-default\"><img fetchpriority=\"high\" decoding=\"async\" width=\"600\" height=\"400\" src=\"https:\/\/losperiodistas.com.mx\/portal\/wp-content\/uploads\/2023\/06\/6ccdcc19c8a83250fce5a9d2646e8477_XL.jpeg\" alt=\"\" class=\"wp-image-52813\" srcset=\"https:\/\/losperiodistas.com.mx\/portal\/wp-content\/uploads\/2023\/06\/6ccdcc19c8a83250fce5a9d2646e8477_XL.jpeg 600w, https:\/\/losperiodistas.com.mx\/portal\/wp-content\/uploads\/2023\/06\/6ccdcc19c8a83250fce5a9d2646e8477_XL-300x200.jpeg 300w\" sizes=\"(max-width: 600px) 100vw, 600px\" \/><figcaption>Ayuntamiento Puebla<\/figcaption><\/figure>\n\n\n\n<p class=\"has-vivid-red-color has-text-color has-medium-font-size\"><strong>COMUNICADO<\/strong><\/p>\n\n\n\n<p>Travel Off Path, sitio web de referencia internacional sobre viajes, sitios y destinos le\u00eddo por tres millones de visitantes al mes, public\u00f3 que la ciudad de Puebla se encuentra en el top de las 10 ciudades de mayor crecimiento para los \u201cn\u00f3madas digitales\u201d.<\/p>\n\n\n\n<p>Este concepto refiere a quienes gustan de realizar trabajos remotos mientras viajan, estilo de vida que la capital poblana permite gracias a su ambiente tranquilo, su localizaci\u00f3n estrat\u00e9gica, y que cuenta -se\u00f1ala el art\u00edculo especializado- con una incre\u00edble cultura y gastronom\u00eda.<\/p>\n\n\n\n<p>Precios accesibles y ser una ciudad segura son puntos que tambi\u00e9n abonaron para que Puebla se encuentre en la lista a la par de Palermo y N\u00e1poles en Italia; Azores, Portugal; Mallorca Espa\u00f1a; Lima, Per\u00fa; Tbilisi, Georgia; Skopie, Norte de Macedonia; o Bansko y Sofia en Bulgaria.<\/p>\n\n\n\n<p>La lista de Travel Off Path da muestra del buen rumbo de Puebla en materia tur\u00edstica, pues el Ayuntamiento de Puebla impulsa estrategias que permitan crear y potenciar las condiciones que requiere cada tipo de visitante.<\/p>\n","protected":false},"excerpt":{"rendered":"<p>Travel Off Path, sitio web especializado, destac\u00f3 las cualidades de la ciudad para quienes gustan realizar de trabajo remoto mientras [&hellip;]<\/p>\n","protected":false},"author":1,"featured_media":52813,"comment_status":"open","ping_status":"open","sticky":false,"template":"","format":"standard","meta":{"site-sidebar-layout":"default","site-content-layout":"","ast-site-content-layout":"default","site-content-style":"default","site-sidebar-style":"default","ast-global-header-display":"","ast-banner-title-visibility":"","ast-main-header-display":"","ast-hfb-above-header-display":"","ast-hfb-below-header-display":"","ast-hfb-mobile-header-display":"","site-post-title":"","ast-breadcrumbs-content":"","ast-featured-img":"","footer-sml-layout":"","theme-transparent-header-meta":"","adv-header-id-meta":"","stick-header-meta":"","header-above-stick-meta":"","header-main-stick-meta":"","header-below-stick-meta":"","astra-migrate-meta-layouts":"default","ast-page-background-enabled":"default","ast-page-background-meta":{"desktop":{"background-color":"var(--ast-global-color-4)","background-image":"","background-repeat":"repeat","background-position":"center center","background-size":"auto","background-attachment":"scroll","background-type":"","background-media":"","overlay-type":"","overlay-color":"","overlay-opacity":"","overlay-gradient":""},"tablet":{"background-color":"","background-image":"","background-repeat":"repeat","background-position":"center center","background-size":"auto","background-attachment":"scroll","background-type":"","background-media":"","overlay-type":"","overlay-color":"","overlay-opacity":"","overlay-gradient":""},"mobile":{"background-color":"","background-image":"","background-repeat":"repeat","background-position":"center center","background-size":"auto","background-attachment":"scroll","background-type":"","background-media":"","overlay-type":"","overlay-color":"","overlay-opacity":"","overlay-gradient":""}},"ast-content-background-meta":{"desktop":{"background-color":"var(--ast-global-color-5)","background-image":"","background-repeat":"repeat","background-position":"center center","background-size":"auto","background-attachment":"scroll","background-type":"","background-media":"","overlay-type":"","overlay-color":"","overlay-opacity":"","overlay-gradient":""},"tablet":{"background-color":"var(--ast-global-color-5)","background-image":"","background-repeat":"repeat","background-position":"center center","background-size":"auto","background-attachment":"scroll","background-type":"","background-media":"","overlay-type":"","overlay-color":"","overlay-opacity":"","overlay-gradient":""},"mobile":{"background-color":"var(--ast-global-color-5)","background-image":"","background-repeat":"repeat","background-position":"center center","background-size":"auto","background-attachment":"scroll","background-type":"","background-media":"","overlay-type":"","overlay-color":"","overlay-opacity":"","overlay-gradient":""}},"footnotes":""},"categories":[8],"tags":[7279,16857],"class_list":["post-52812","post","type-post","status-publish","format-standard","has-post-thumbnail","hentry","category-noticias","tag-contigoyconrumbo","tag-travel-off-path"],"_links":{"self":[{"href":"https:\/\/losperiodistas.com.mx\/portal\/wp-json\/wp\/v2\/posts\/52812","targetHints":{"allow":["GET"]}}],"collection":[{"href":"https:\/\/losperiodistas.com.mx\/portal\/wp-json\/wp\/v2\/posts"}],"about":[{"href":"https:\/\/losperiodistas.com.mx\/portal\/wp-json\/wp\/v2\/types\/post"}],"author":[{"embeddable":true,"href":"https:\/\/losperiodistas.com.mx\/portal\/wp-json\/wp\/v2\/users\/1"}],"replies":[{"embeddable":true,"href":"https:\/\/losperiodistas.com.mx\/portal\/wp-json\/wp\/v2\/comments?post=52812"}],"version-history":[{"count":1,"href":"https:\/\/losperiodistas.com.mx\/portal\/wp-json\/wp\/v2\/posts\/52812\/revisions"}],"predecessor-version":[{"id":52814,"href":"https:\/\/losperiodistas.com.mx\/portal\/wp-json\/wp\/v2\/posts\/52812\/revisions\/52814"}],"wp:featuredmedia":[{"embeddable":true,"href":"https:\/\/losperiodistas.com.mx\/portal\/wp-json\/wp\/v2\/media\/52813"}],"wp:attachment":[{"href":"https:\/\/losperiodistas.com.mx\/portal\/wp-json\/wp\/v2\/media?parent=52812"}],"wp:term":[{"taxonomy":"category","embeddable":true,"href":"https:\/\/losperiodistas.com.mx\/portal\/wp-json\/wp\/v2\/categories?post=52812"},{"taxonomy":"post_tag","embeddable":true,"href":"https:\/\/losperiodistas.com.mx\/portal\/wp-json\/wp\/v2\/tags?post=52812"}],"curies":[{"name":"wp","href":"https:\/\/api.w.org\/{rel}","templated":true}]}}