{"id":52805,"date":"2023-03-01T19:21:00","date_gmt":"2023-03-02T01:21:00","guid":{"rendered":"http:\/\/losperiodistas.com.mx\/portal\/?p=52805"},"modified":"2023-06-07T14:25:00","modified_gmt":"2023-06-07T19:25:00","slug":"el-18-de-marzo-llega-la-segunda-noche-de-museos-del-ano-en-puebla","status":"publish","type":"post","link":"https:\/\/losperiodistas.com.mx\/portal\/el-18-de-marzo-llega-la-segunda-noche-de-museos-del-ano-en-puebla\/","title":{"rendered":"El 18 de marzo llega la Segunda Noche de Museos del a\u00f1o en Puebla"},"content":{"rendered":"\n<p class=\"has-medium-font-size\"><em>Esta edici\u00f3n contar\u00e1 con la participaci\u00f3n de cinco municipios y 38 recintos, para aprovechar el fin de semana largo.<\/em><\/p>\n\n\n\n<div class=\"wp-block-image is-style-default\"><figure class=\"aligncenter size-full\"><img fetchpriority=\"high\" decoding=\"async\" width=\"600\" height=\"400\" src=\"https:\/\/losperiodistas.com.mx\/portal\/wp-content\/uploads\/2023\/06\/54dfcd65ddd98b7102bb61108d025e29_XL.jpeg\" alt=\"\" class=\"wp-image-52806\" srcset=\"https:\/\/losperiodistas.com.mx\/portal\/wp-content\/uploads\/2023\/06\/54dfcd65ddd98b7102bb61108d025e29_XL.jpeg 600w, https:\/\/losperiodistas.com.mx\/portal\/wp-content\/uploads\/2023\/06\/54dfcd65ddd98b7102bb61108d025e29_XL-300x200.jpeg 300w\" sizes=\"(max-width: 600px) 100vw, 600px\" \/><figcaption>Ayuntamiento Puebla<\/figcaption><\/figure><\/div>\n\n\n\n<p>COMUNICADO<\/p>\n\n\n\n<p>Se acerca el segundo fin de semana largo del 2023, y es por ello que el Ayuntamiento de Puebla que preside Eduardo Rivera P\u00e9rez, en coordinaci\u00f3n con el Gobierno del Estado, iniciativa privada y Universidades, llevar\u00e1 a cabo una edici\u00f3n m\u00e1s del programa &#8216;Noche de Museos&#8217;, este 18 de marzo.<\/p>\n\n\n\n<p>En conferencia de prensa, Alejandro Ca\u00f1edo Priesca, Secretario de Econom\u00eda y Turismo, se\u00f1al\u00f3 que en la primera edici\u00f3n del a\u00f1o 23 mil personas disfrutaron de los 43 recintos que se ofertaron, por lo que invit\u00f3 a las y los poblanos, as\u00ed como visitantes, a asistir a los 38 museos de cinco municipios (Puebla, Teziutl\u00e1n, Zacatl\u00e1n, Tehuac\u00e1n y San Andr\u00e9s Cholula) que se sumar\u00e1n en esta ocasi\u00f3n.<\/p>\n\n\n\n<p>Adicionalmente, Fabi\u00e1n Valdivia P\u00e9rez, Director del Instituto Municipal de Arte y Cultura de Puebla, llam\u00f3 a habitantes y turistas a disfrutar de las actividades que se ofrecer\u00e1n para este fin de semana, como la exposici\u00f3n que se llevar\u00e1 a cabo en el marco del D\u00eda Internacional del Artesano en Patio de Palacio, en la cual productores de 10 municipios del estado ofertar\u00e1n diversos productos.<\/p>\n\n\n\n<p>Cabe destacar que este programa est\u00e1 por cumplir 11 a\u00f1os, siendo un referente nacional e internacional que impulsa la econom\u00eda local, del cual han disfrutado dos millones de 185 mil personas; por ello Victorino Morales D\u00e1vila, Director del Museo Urbano Interactivo del Tecnol\u00f3gico de Monterrey (MUI); y Catalina Ortiz Alvarado, Directora de Museos Puebla, tambi\u00e9n invitaron a ni\u00f1as, ni\u00f1os, j\u00f3venes, hombres, mujeres y personas adultas mayores a vivir la experiencia este 18 marzo.<\/p>\n","protected":false},"excerpt":{"rendered":"<p>Esta edici\u00f3n contar\u00e1 con la participaci\u00f3n de cinco municipios y 38 recintos, para aprovechar el fin de semana largo. COMUNICADO [&hellip;]<\/p>\n","protected":false},"author":1,"featured_media":52806,"comment_status":"open","ping_status":"open","sticky":false,"template":"","format":"standard","meta":{"site-sidebar-layout":"default","site-content-layout":"","ast-site-content-layout":"default","site-content-style":"default","site-sidebar-style":"default","ast-global-header-display":"","ast-banner-title-visibility":"","ast-main-header-display":"","ast-hfb-above-header-display":"","ast-hfb-below-header-display":"","ast-hfb-mobile-header-display":"","site-post-title":"","ast-breadcrumbs-content":"","ast-featured-img":"","footer-sml-layout":"","theme-transparent-header-meta":"","adv-header-id-meta":"","stick-header-meta":"","header-above-stick-meta":"","header-main-stick-meta":"","header-below-stick-meta":"","astra-migrate-meta-layouts":"default","ast-page-background-enabled":"default","ast-page-background-meta":{"desktop":{"background-color":"var(--ast-global-color-4)","background-image":"","background-repeat":"repeat","background-position":"center center","background-size":"auto","background-attachment":"scroll","background-type":"","background-media":"","overlay-type":"","overlay-color":"","overlay-opacity":"","overlay-gradient":""},"tablet":{"background-color":"","background-image":"","background-repeat":"repeat","background-position":"center center","background-size":"auto","background-attachment":"scroll","background-type":"","background-media":"","overlay-type":"","overlay-color":"","overlay-opacity":"","overlay-gradient":""},"mobile":{"background-color":"","background-image":"","background-repeat":"repeat","background-position":"center center","background-size":"auto","background-attachment":"scroll","background-type":"","background-media":"","overlay-type":"","overlay-color":"","overlay-opacity":"","overlay-gradient":""}},"ast-content-background-meta":{"desktop":{"background-color":"var(--ast-global-color-5)","background-image":"","background-repeat":"repeat","background-position":"center center","background-size":"auto","background-attachment":"scroll","background-type":"","background-media":"","overlay-type":"","overlay-color":"","overlay-opacity":"","overlay-gradient":""},"tablet":{"background-color":"var(--ast-global-color-5)","background-image":"","background-repeat":"repeat","background-position":"center center","background-size":"auto","background-attachment":"scroll","background-type":"","background-media":"","overlay-type":"","overlay-color":"","overlay-opacity":"","overlay-gradient":""},"mobile":{"background-color":"var(--ast-global-color-5)","background-image":"","background-repeat":"repeat","background-position":"center center","background-size":"auto","background-attachment":"scroll","background-type":"","background-media":"","overlay-type":"","overlay-color":"","overlay-opacity":"","overlay-gradient":""}},"footnotes":""},"categories":[8],"tags":[7279,16856],"class_list":["post-52805","post","type-post","status-publish","format-standard","has-post-thumbnail","hentry","category-noticias","tag-contigoyconrumbo","tag-noche-de-museos"],"_links":{"self":[{"href":"https:\/\/losperiodistas.com.mx\/portal\/wp-json\/wp\/v2\/posts\/52805","targetHints":{"allow":["GET"]}}],"collection":[{"href":"https:\/\/losperiodistas.com.mx\/portal\/wp-json\/wp\/v2\/posts"}],"about":[{"href":"https:\/\/losperiodistas.com.mx\/portal\/wp-json\/wp\/v2\/types\/post"}],"author":[{"embeddable":true,"href":"https:\/\/losperiodistas.com.mx\/portal\/wp-json\/wp\/v2\/users\/1"}],"replies":[{"embeddable":true,"href":"https:\/\/losperiodistas.com.mx\/portal\/wp-json\/wp\/v2\/comments?post=52805"}],"version-history":[{"count":1,"href":"https:\/\/losperiodistas.com.mx\/portal\/wp-json\/wp\/v2\/posts\/52805\/revisions"}],"predecessor-version":[{"id":52807,"href":"https:\/\/losperiodistas.com.mx\/portal\/wp-json\/wp\/v2\/posts\/52805\/revisions\/52807"}],"wp:featuredmedia":[{"embeddable":true,"href":"https:\/\/losperiodistas.com.mx\/portal\/wp-json\/wp\/v2\/media\/52806"}],"wp:attachment":[{"href":"https:\/\/losperiodistas.com.mx\/portal\/wp-json\/wp\/v2\/media?parent=52805"}],"wp:term":[{"taxonomy":"category","embeddable":true,"href":"https:\/\/losperiodistas.com.mx\/portal\/wp-json\/wp\/v2\/categories?post=52805"},{"taxonomy":"post_tag","embeddable":true,"href":"https:\/\/losperiodistas.com.mx\/portal\/wp-json\/wp\/v2\/tags?post=52805"}],"curies":[{"name":"wp","href":"https:\/\/api.w.org\/{rel}","templated":true}]}}