{"id":52781,"date":"2023-03-01T13:31:00","date_gmt":"2023-03-01T19:31:00","guid":{"rendered":"http:\/\/losperiodistas.com.mx\/portal\/?p=52781"},"modified":"2023-06-07T13:45:35","modified_gmt":"2023-06-07T18:45:35","slug":"puebla-capital-conmemora-el-mes-de-la-mujer-2","status":"publish","type":"post","link":"https:\/\/losperiodistas.com.mx\/portal\/puebla-capital-conmemora-el-mes-de-la-mujer-2\/","title":{"rendered":"Puebla Capital conmemora el Mes de la Mujer"},"content":{"rendered":"\n<p class=\"has-medium-font-size\"><em>A 500 d\u00edas de la presente administraci\u00f3n, el municipio avanza en el combate a la violencia de g\u00e9nero e impulsa m\u00e1s oportunidades para las poblanas<\/em><\/p>\n\n\n\n<figure class=\"wp-block-image size-full is-style-default\"><img fetchpriority=\"high\" decoding=\"async\" width=\"600\" height=\"400\" src=\"https:\/\/losperiodistas.com.mx\/portal\/wp-content\/uploads\/2023\/06\/e7ac04e9fadfaa498f4dff2582e1cd5f_XL.jpeg\" alt=\"\" class=\"wp-image-52782\" srcset=\"https:\/\/losperiodistas.com.mx\/portal\/wp-content\/uploads\/2023\/06\/e7ac04e9fadfaa498f4dff2582e1cd5f_XL.jpeg 600w, https:\/\/losperiodistas.com.mx\/portal\/wp-content\/uploads\/2023\/06\/e7ac04e9fadfaa498f4dff2582e1cd5f_XL-300x200.jpeg 300w\" sizes=\"(max-width: 600px) 100vw, 600px\" \/><figcaption>Ayuntamiento Puebla<\/figcaption><\/figure>\n\n\n\n<p class=\"has-vivid-red-color has-text-color has-medium-font-size\"><strong>COMUNICADO<\/strong><\/p>\n\n\n\n<p>Marzo ser\u00e1 un mes para visibilizar y dignificar el rol de las mujeres en Puebla, ya que la administraci\u00f3n municipal presidida por Eduardo Rivera P\u00e9rez ha preparado una agenda especial con 25 actividades de prevenci\u00f3n y atenci\u00f3n de la violencia, conversatorios, jornadas de salud, asesor\u00edas, actividades art\u00edsticas, entre otras.<\/p>\n\n\n\n<p>\u00abComo mujer me uno al reclamo por la injusticia que vemos en muchos lugares [\u2026] Sumemos nuestras voces y esfuerzos para lograr una vida mejor para todas\u00bb, expres\u00f3 Liliana Ortiz P\u00e9rez, Presidenta Honoraria del Sistema Municipal DIF, al encabezar la primera jornada informativa junto a mujeres titulares de dependencias y Regidoras, &#8216;volanteando&#8217; los detalles de esta programaci\u00f3n y n\u00fameros de apoyo a mujeres en situaci\u00f3n de violencia.<\/p>\n\n\n\n<p>Algunas de las actividades a celebrarse en este mes son: Carrera Contigo Mujer, galer\u00eda al aire libre \u00abNi una mujer menos, ni una muerta m\u00e1s\u00bb; Gran Paseo Mujeres Hist\u00f3ricas; ciclos de cine &#8216;Mujeres detr\u00e1s de las lentes&#8217;; m\u00f3dulo itinerante &#8216;Contigo Mujer contra la Violencia&#8217;, con asesor\u00edas jur\u00eddicas, psicol\u00f3gicas y m\u00e9dicas gratuitas; tardes musicales, presentaciones de danza y teatro, entre otras activaciones.<\/p>\n\n\n\n<p>Finamente, Ortiz P\u00e9rez record\u00f3 que a 500 d\u00edas de trabajo y compromiso, la pol\u00edtica con perspectiva de g\u00e9nero va por buen rumbo con programas como &#8216;Contigo Mujer&#8217;, la primera Agencia con contra el Acoso y Hostigamiento Sexual y Laboral, la app &#8216;Alerta Contigo&#8217;, as\u00ed como la capacitaci\u00f3n a m\u00e1s de 14 mil emprendedoras, la entrega de 912 &#8216;Cr\u00e9ditos Contigo&#8217; y el apoyo a m\u00e1s de mil madres que se ven beneficiada con la estrategia de &#8216;Estancias Infantiles&#8217;.<\/p>\n","protected":false},"excerpt":{"rendered":"<p>A 500 d\u00edas de la presente administraci\u00f3n, el municipio avanza en el combate a la violencia de g\u00e9nero e impulsa [&hellip;]<\/p>\n","protected":false},"author":1,"featured_media":52782,"comment_status":"open","ping_status":"open","sticky":false,"template":"","format":"standard","meta":{"site-sidebar-layout":"default","site-content-layout":"","ast-site-content-layout":"default","site-content-style":"default","site-sidebar-style":"default","ast-global-header-display":"","ast-banner-title-visibility":"","ast-main-header-display":"","ast-hfb-above-header-display":"","ast-hfb-below-header-display":"","ast-hfb-mobile-header-display":"","site-post-title":"","ast-breadcrumbs-content":"","ast-featured-img":"","footer-sml-layout":"","theme-transparent-header-meta":"","adv-header-id-meta":"","stick-header-meta":"","header-above-stick-meta":"","header-main-stick-meta":"","header-below-stick-meta":"","astra-migrate-meta-layouts":"default","ast-page-background-enabled":"default","ast-page-background-meta":{"desktop":{"background-color":"var(--ast-global-color-4)","background-image":"","background-repeat":"repeat","background-position":"center center","background-size":"auto","background-attachment":"scroll","background-type":"","background-media":"","overlay-type":"","overlay-color":"","overlay-opacity":"","overlay-gradient":""},"tablet":{"background-color":"","background-image":"","background-repeat":"repeat","background-position":"center center","background-size":"auto","background-attachment":"scroll","background-type":"","background-media":"","overlay-type":"","overlay-color":"","overlay-opacity":"","overlay-gradient":""},"mobile":{"background-color":"","background-image":"","background-repeat":"repeat","background-position":"center center","background-size":"auto","background-attachment":"scroll","background-type":"","background-media":"","overlay-type":"","overlay-color":"","overlay-opacity":"","overlay-gradient":""}},"ast-content-background-meta":{"desktop":{"background-color":"var(--ast-global-color-5)","background-image":"","background-repeat":"repeat","background-position":"center center","background-size":"auto","background-attachment":"scroll","background-type":"","background-media":"","overlay-type":"","overlay-color":"","overlay-opacity":"","overlay-gradient":""},"tablet":{"background-color":"var(--ast-global-color-5)","background-image":"","background-repeat":"repeat","background-position":"center center","background-size":"auto","background-attachment":"scroll","background-type":"","background-media":"","overlay-type":"","overlay-color":"","overlay-opacity":"","overlay-gradient":""},"mobile":{"background-color":"var(--ast-global-color-5)","background-image":"","background-repeat":"repeat","background-position":"center center","background-size":"auto","background-attachment":"scroll","background-type":"","background-media":"","overlay-type":"","overlay-color":"","overlay-opacity":"","overlay-gradient":""}},"footnotes":""},"categories":[8],"tags":[7279,16852],"class_list":["post-52781","post","type-post","status-publish","format-standard","has-post-thumbnail","hentry","category-noticias","tag-contigoyconrumbo","tag-mes-de-la-mujer"],"_links":{"self":[{"href":"https:\/\/losperiodistas.com.mx\/portal\/wp-json\/wp\/v2\/posts\/52781","targetHints":{"allow":["GET"]}}],"collection":[{"href":"https:\/\/losperiodistas.com.mx\/portal\/wp-json\/wp\/v2\/posts"}],"about":[{"href":"https:\/\/losperiodistas.com.mx\/portal\/wp-json\/wp\/v2\/types\/post"}],"author":[{"embeddable":true,"href":"https:\/\/losperiodistas.com.mx\/portal\/wp-json\/wp\/v2\/users\/1"}],"replies":[{"embeddable":true,"href":"https:\/\/losperiodistas.com.mx\/portal\/wp-json\/wp\/v2\/comments?post=52781"}],"version-history":[{"count":2,"href":"https:\/\/losperiodistas.com.mx\/portal\/wp-json\/wp\/v2\/posts\/52781\/revisions"}],"predecessor-version":[{"id":52790,"href":"https:\/\/losperiodistas.com.mx\/portal\/wp-json\/wp\/v2\/posts\/52781\/revisions\/52790"}],"wp:featuredmedia":[{"embeddable":true,"href":"https:\/\/losperiodistas.com.mx\/portal\/wp-json\/wp\/v2\/media\/52782"}],"wp:attachment":[{"href":"https:\/\/losperiodistas.com.mx\/portal\/wp-json\/wp\/v2\/media?parent=52781"}],"wp:term":[{"taxonomy":"category","embeddable":true,"href":"https:\/\/losperiodistas.com.mx\/portal\/wp-json\/wp\/v2\/categories?post=52781"},{"taxonomy":"post_tag","embeddable":true,"href":"https:\/\/losperiodistas.com.mx\/portal\/wp-json\/wp\/v2\/tags?post=52781"}],"curies":[{"name":"wp","href":"https:\/\/api.w.org\/{rel}","templated":true}]}}