{"id":52777,"date":"2023-02-28T18:10:00","date_gmt":"2023-03-01T00:10:00","guid":{"rendered":"http:\/\/losperiodistas.com.mx\/portal\/?p=52777"},"modified":"2023-06-07T13:30:49","modified_gmt":"2023-06-07T18:30:49","slug":"sesiona-comite-puebla-ciudad-creativa-del-diseno","status":"publish","type":"post","link":"https:\/\/losperiodistas.com.mx\/portal\/sesiona-comite-puebla-ciudad-creativa-del-diseno\/","title":{"rendered":"Sesiona Comit\u00e9 Puebla Ciudad Creativa del Dise\u00f1o"},"content":{"rendered":"\n<p class=\"has-medium-font-size\"><em>Se definieron las primeras acciones a emprender a favor del desarrollo de la ciudad y del gremio creativo.<\/em><\/p>\n\n\n\n<div class=\"wp-block-image is-style-default\"><figure class=\"aligncenter size-full\"><img fetchpriority=\"high\" decoding=\"async\" width=\"600\" height=\"400\" src=\"https:\/\/losperiodistas.com.mx\/portal\/wp-content\/uploads\/2023\/06\/26f3fac10fba083bae424a6b129d99f0_XL.jpeg\" alt=\"\" class=\"wp-image-52778\" srcset=\"https:\/\/losperiodistas.com.mx\/portal\/wp-content\/uploads\/2023\/06\/26f3fac10fba083bae424a6b129d99f0_XL.jpeg 600w, https:\/\/losperiodistas.com.mx\/portal\/wp-content\/uploads\/2023\/06\/26f3fac10fba083bae424a6b129d99f0_XL-300x200.jpeg 300w\" sizes=\"(max-width: 600px) 100vw, 600px\" \/><figcaption>Ayuntamiento Puebla<\/figcaption><\/figure><\/div>\n\n\n\n<p class=\"has-vivid-red-color has-text-color has-medium-font-size\"><strong>COMUNICADO<\/strong><\/p>\n\n\n\n<p>El Gobierno Municipal que encabeza Eduardo Rivera P\u00e9rez contin\u00faa promoviendo el trabajo conjunto con la sociedad civil, en esta ocasi\u00f3n mediante la Primera Sesi\u00f3n del Comit\u00e9 Puebla Ciudad Creativa del Dise\u00f1o, conformado por representantes del gremio y funcionarios capitalinos.<\/p>\n\n\n\n<p>En la sesi\u00f3n se realizaron cuatro mesas de trabajo bajo la metodolog\u00eda Design Thinking, se propusieron ideas para la difusi\u00f3n y promoci\u00f3n del dise\u00f1o; la puesta en valor del trabajo de los creadores y sus cadenas de valor; la generaci\u00f3n de sinergias entre instituciones; as\u00ed como la innovaci\u00f3n en el sector p\u00fablico y el desarrollo de indicadores que ayuden a los creativos, as\u00ed como a la industria y la academia.<\/p>\n\n\n\n<p>Derivado de estas mesas de trabajo, el Comit\u00e9 estableci\u00f3 12 acciones prioritarias para este a\u00f1o, que impactar\u00e1n de forma positiva en el \u00e1mbito social, cultural y econ\u00f3mico de la metr\u00f3polis poblana.<\/p>\n\n\n\n<p>Participaron de los trabajos Berenice Vidal, titular de la Gerencia del Centro Hist\u00f3rico y Patrimonio Cultural -Presidenta del Comit\u00e9-; Daniel Tapia, director del Instituto Municipal de Planeaci\u00f3n -Secretario T\u00e9cnico-; los vocales Fernando Cort\u00e9s, Coordinador General de Comunicaci\u00f3n Social; Fabi\u00e1n Valdivia, responsable del Instituto Municipal de Arte y Cultura; V\u00edctor Mata, suplente de Ad\u00e1n Dom\u00ednguez, Gerente de Gobierno Municipal; y Claudia Reed, suplente de Alejandro Ca\u00f1edo, Secretario de Econom\u00eda y Turismo; junto con Silwia Ulika, Luna Silva Mu\u00f1oz, Liz Galicia, Luis Gonz\u00e1lez y Aristarco Cort\u00e9s, representantes de la sociedad civil y del sector creativo poblano.<\/p>\n","protected":false},"excerpt":{"rendered":"<p>Se definieron las primeras acciones a emprender a favor del desarrollo de la ciudad y del gremio creativo. COMUNICADO El [&hellip;]<\/p>\n","protected":false},"author":1,"featured_media":52778,"comment_status":"open","ping_status":"open","sticky":false,"template":"","format":"standard","meta":{"site-sidebar-layout":"default","site-content-layout":"","ast-site-content-layout":"default","site-content-style":"default","site-sidebar-style":"default","ast-global-header-display":"","ast-banner-title-visibility":"","ast-main-header-display":"","ast-hfb-above-header-display":"","ast-hfb-below-header-display":"","ast-hfb-mobile-header-display":"","site-post-title":"","ast-breadcrumbs-content":"","ast-featured-img":"","footer-sml-layout":"","theme-transparent-header-meta":"","adv-header-id-meta":"","stick-header-meta":"","header-above-stick-meta":"","header-main-stick-meta":"","header-below-stick-meta":"","astra-migrate-meta-layouts":"default","ast-page-background-enabled":"default","ast-page-background-meta":{"desktop":{"background-color":"var(--ast-global-color-4)","background-image":"","background-repeat":"repeat","background-position":"center center","background-size":"auto","background-attachment":"scroll","background-type":"","background-media":"","overlay-type":"","overlay-color":"","overlay-opacity":"","overlay-gradient":""},"tablet":{"background-color":"","background-image":"","background-repeat":"repeat","background-position":"center center","background-size":"auto","background-attachment":"scroll","background-type":"","background-media":"","overlay-type":"","overlay-color":"","overlay-opacity":"","overlay-gradient":""},"mobile":{"background-color":"","background-image":"","background-repeat":"repeat","background-position":"center center","background-size":"auto","background-attachment":"scroll","background-type":"","background-media":"","overlay-type":"","overlay-color":"","overlay-opacity":"","overlay-gradient":""}},"ast-content-background-meta":{"desktop":{"background-color":"var(--ast-global-color-5)","background-image":"","background-repeat":"repeat","background-position":"center center","background-size":"auto","background-attachment":"scroll","background-type":"","background-media":"","overlay-type":"","overlay-color":"","overlay-opacity":"","overlay-gradient":""},"tablet":{"background-color":"var(--ast-global-color-5)","background-image":"","background-repeat":"repeat","background-position":"center center","background-size":"auto","background-attachment":"scroll","background-type":"","background-media":"","overlay-type":"","overlay-color":"","overlay-opacity":"","overlay-gradient":""},"mobile":{"background-color":"var(--ast-global-color-5)","background-image":"","background-repeat":"repeat","background-position":"center center","background-size":"auto","background-attachment":"scroll","background-type":"","background-media":"","overlay-type":"","overlay-color":"","overlay-opacity":"","overlay-gradient":""}},"footnotes":""},"categories":[8],"tags":[7279,16851],"class_list":["post-52777","post","type-post","status-publish","format-standard","has-post-thumbnail","hentry","category-noticias","tag-contigoyconrumbo","tag-puebla-ciudad-creativa-del-diseno"],"_links":{"self":[{"href":"https:\/\/losperiodistas.com.mx\/portal\/wp-json\/wp\/v2\/posts\/52777","targetHints":{"allow":["GET"]}}],"collection":[{"href":"https:\/\/losperiodistas.com.mx\/portal\/wp-json\/wp\/v2\/posts"}],"about":[{"href":"https:\/\/losperiodistas.com.mx\/portal\/wp-json\/wp\/v2\/types\/post"}],"author":[{"embeddable":true,"href":"https:\/\/losperiodistas.com.mx\/portal\/wp-json\/wp\/v2\/users\/1"}],"replies":[{"embeddable":true,"href":"https:\/\/losperiodistas.com.mx\/portal\/wp-json\/wp\/v2\/comments?post=52777"}],"version-history":[{"count":1,"href":"https:\/\/losperiodistas.com.mx\/portal\/wp-json\/wp\/v2\/posts\/52777\/revisions"}],"predecessor-version":[{"id":52779,"href":"https:\/\/losperiodistas.com.mx\/portal\/wp-json\/wp\/v2\/posts\/52777\/revisions\/52779"}],"wp:featuredmedia":[{"embeddable":true,"href":"https:\/\/losperiodistas.com.mx\/portal\/wp-json\/wp\/v2\/media\/52778"}],"wp:attachment":[{"href":"https:\/\/losperiodistas.com.mx\/portal\/wp-json\/wp\/v2\/media?parent=52777"}],"wp:term":[{"taxonomy":"category","embeddable":true,"href":"https:\/\/losperiodistas.com.mx\/portal\/wp-json\/wp\/v2\/categories?post=52777"},{"taxonomy":"post_tag","embeddable":true,"href":"https:\/\/losperiodistas.com.mx\/portal\/wp-json\/wp\/v2\/tags?post=52777"}],"curies":[{"name":"wp","href":"https:\/\/api.w.org\/{rel}","templated":true}]}}