{"id":52759,"date":"2023-02-01T09:02:00","date_gmt":"2023-02-01T15:02:00","guid":{"rendered":"http:\/\/losperiodistas.com.mx\/portal\/?p=52759"},"modified":"2023-06-07T12:06:38","modified_gmt":"2023-06-07T17:06:38","slug":"por-festejos-de-la-candelaria-gobernacion-municipal-autoriza-venta-de-antojitos-en-inmediaciones-de-9-templos-de-la-ciudad","status":"publish","type":"post","link":"https:\/\/losperiodistas.com.mx\/portal\/por-festejos-de-la-candelaria-gobernacion-municipal-autoriza-venta-de-antojitos-en-inmediaciones-de-9-templos-de-la-ciudad\/","title":{"rendered":"Por festejos de La Candelaria, Gobernaci\u00f3n Municipal autoriza venta de antojitos en inmediaciones de 9 templos de la ciudad"},"content":{"rendered":"\n<p class=\"has-medium-font-size\"><em>No se contemplan cierres a la circulaci\u00f3n vial en ninguna de las zonas y se mantendr\u00e1 presencia de SSC, Limpia, V\u00eda P\u00fablica y Protecci\u00f3n Civil para preservar el orden.<\/em><\/p>\n\n\n\n<figure class=\"wp-block-image size-full is-style-default\"><img fetchpriority=\"high\" decoding=\"async\" width=\"600\" height=\"600\" src=\"https:\/\/losperiodistas.com.mx\/portal\/wp-content\/uploads\/2023\/06\/f3b34c8e409b796efce61a8c92be7cc9_XL.jpeg\" alt=\"\" class=\"wp-image-52760\" srcset=\"https:\/\/losperiodistas.com.mx\/portal\/wp-content\/uploads\/2023\/06\/f3b34c8e409b796efce61a8c92be7cc9_XL.jpeg 600w, https:\/\/losperiodistas.com.mx\/portal\/wp-content\/uploads\/2023\/06\/f3b34c8e409b796efce61a8c92be7cc9_XL-300x300.jpeg 300w, https:\/\/losperiodistas.com.mx\/portal\/wp-content\/uploads\/2023\/06\/f3b34c8e409b796efce61a8c92be7cc9_XL-150x150.jpeg 150w\" sizes=\"(max-width: 600px) 100vw, 600px\" \/><\/figure>\n\n\n\n<p><\/p>\n\n\n\n<p class=\"has-vivid-red-color has-text-color has-medium-font-size\">COMUNICADO<\/p>\n\n\n\n<p>Con motivo de las celebraciones populares a la Candelaria, el Ayuntamiento de Puebla que encabeza Eduardo Rivera P\u00e9rez, a trav\u00e9s de Gobernaci\u00f3n Municipal informa que este 1 y 2 de febrero se autorizar\u00e1 la venta de antojitos y art\u00edculos de temporada en inmediaciones de nueve complejos religiosos que se ubican en distintos puntos de la ciudad.<\/p>\n\n\n\n<p>As\u00ed, el n\u00famero de comerciantes autorizados por zona para instalarse en estas fechas queda de la siguiente manera:<\/p>\n\n\n\n<p>15 puestos en el Santuario de Nuestra Se\u00f1ora de la Merced (5 Norte, entre 10 y 12 Poniente)<br>Seis en la Parroquia de Santa Clara de As\u00eds (6 Oriente, entre 2 y 4 Norte)<br>15 en el Convento de San Francisco de As\u00eds (16 de Septiembre, entre 9 y 11 Oriente-Poniente)<br>Cuatro en el Templo Conventual de Santa Teresa de \u00c1vila (2 Norte, entre 8 y 10 Oriente)<br>12 en el Templo Expiatorio de la Inmaculada Concepci\u00f3n (16 de Septiembre, entre 7 y 9 Oriente-Poniente)<br>12 en el Templo Conventual de Nuestra Se\u00f1ora del Carmen (16 de Septiembre, entre 15 y 17 Oriente)<br>Cuatro en el Templo de Santa M\u00f3nica y Se\u00f1or de las Maravillas (5 de Mayo, entre 16 y 18 Oriente-Poniente)<br>Cuatro en el Templo de San Juan de Dios (5 de Mayo, entre 16 y 18 Oriente-Poniente)<br>Ocho en la Iglesia de la Candelaria (22 Norte, entre 22 y 24 Oriente, en la colonia Xonaca)<\/p>\n\n\n\n<p>Las y los comerciantes se instalar\u00e1n la noche del 31 de enero, por lo que toda actividad de venta de productos y servicios se realizar\u00e1 \u00fanicamente de 11:00 a 21:00 horas en ambas fechas, dejando para el 3 de febrero todos los espacios libres.<\/p>\n\n\n\n<p>No se contemplan cierres a la circulaci\u00f3n vial en ninguno de los puntos previamente enlistados durante el desarrollo de las festividades. Asimismo, se contar\u00e1 con la coordinaci\u00f3n, presencia y trabajo de la Secretar\u00eda de Seguridad Ciudadana (SSC), Protecci\u00f3n Civil Municipal, V\u00eda P\u00fablica y Concertaci\u00f3n de Espacios, as\u00ed como del Organismo Operador del Servicio de Limpia para preservar el orden.<\/p>\n","protected":false},"excerpt":{"rendered":"<p>No se contemplan cierres a la circulaci\u00f3n vial en ninguna de las zonas y se mantendr\u00e1 presencia de SSC, Limpia, [&hellip;]<\/p>\n","protected":false},"author":1,"featured_media":52760,"comment_status":"open","ping_status":"open","sticky":false,"template":"","format":"standard","meta":{"site-sidebar-layout":"default","site-content-layout":"","ast-site-content-layout":"default","site-content-style":"default","site-sidebar-style":"default","ast-global-header-display":"","ast-banner-title-visibility":"","ast-main-header-display":"","ast-hfb-above-header-display":"","ast-hfb-below-header-display":"","ast-hfb-mobile-header-display":"","site-post-title":"","ast-breadcrumbs-content":"","ast-featured-img":"","footer-sml-layout":"","theme-transparent-header-meta":"","adv-header-id-meta":"","stick-header-meta":"","header-above-stick-meta":"","header-main-stick-meta":"","header-below-stick-meta":"","astra-migrate-meta-layouts":"default","ast-page-background-enabled":"default","ast-page-background-meta":{"desktop":{"background-color":"var(--ast-global-color-4)","background-image":"","background-repeat":"repeat","background-position":"center center","background-size":"auto","background-attachment":"scroll","background-type":"","background-media":"","overlay-type":"","overlay-color":"","overlay-opacity":"","overlay-gradient":""},"tablet":{"background-color":"","background-image":"","background-repeat":"repeat","background-position":"center center","background-size":"auto","background-attachment":"scroll","background-type":"","background-media":"","overlay-type":"","overlay-color":"","overlay-opacity":"","overlay-gradient":""},"mobile":{"background-color":"","background-image":"","background-repeat":"repeat","background-position":"center center","background-size":"auto","background-attachment":"scroll","background-type":"","background-media":"","overlay-type":"","overlay-color":"","overlay-opacity":"","overlay-gradient":""}},"ast-content-background-meta":{"desktop":{"background-color":"var(--ast-global-color-5)","background-image":"","background-repeat":"repeat","background-position":"center center","background-size":"auto","background-attachment":"scroll","background-type":"","background-media":"","overlay-type":"","overlay-color":"","overlay-opacity":"","overlay-gradient":""},"tablet":{"background-color":"var(--ast-global-color-5)","background-image":"","background-repeat":"repeat","background-position":"center center","background-size":"auto","background-attachment":"scroll","background-type":"","background-media":"","overlay-type":"","overlay-color":"","overlay-opacity":"","overlay-gradient":""},"mobile":{"background-color":"var(--ast-global-color-5)","background-image":"","background-repeat":"repeat","background-position":"center center","background-size":"auto","background-attachment":"scroll","background-type":"","background-media":"","overlay-type":"","overlay-color":"","overlay-opacity":"","overlay-gradient":""}},"footnotes":""},"categories":[8],"tags":[7279,7316],"class_list":["post-52759","post","type-post","status-publish","format-standard","has-post-thumbnail","hentry","category-noticias","tag-contigoyconrumbo","tag-la-candelaria"],"_links":{"self":[{"href":"https:\/\/losperiodistas.com.mx\/portal\/wp-json\/wp\/v2\/posts\/52759","targetHints":{"allow":["GET"]}}],"collection":[{"href":"https:\/\/losperiodistas.com.mx\/portal\/wp-json\/wp\/v2\/posts"}],"about":[{"href":"https:\/\/losperiodistas.com.mx\/portal\/wp-json\/wp\/v2\/types\/post"}],"author":[{"embeddable":true,"href":"https:\/\/losperiodistas.com.mx\/portal\/wp-json\/wp\/v2\/users\/1"}],"replies":[{"embeddable":true,"href":"https:\/\/losperiodistas.com.mx\/portal\/wp-json\/wp\/v2\/comments?post=52759"}],"version-history":[{"count":1,"href":"https:\/\/losperiodistas.com.mx\/portal\/wp-json\/wp\/v2\/posts\/52759\/revisions"}],"predecessor-version":[{"id":52761,"href":"https:\/\/losperiodistas.com.mx\/portal\/wp-json\/wp\/v2\/posts\/52759\/revisions\/52761"}],"wp:featuredmedia":[{"embeddable":true,"href":"https:\/\/losperiodistas.com.mx\/portal\/wp-json\/wp\/v2\/media\/52760"}],"wp:attachment":[{"href":"https:\/\/losperiodistas.com.mx\/portal\/wp-json\/wp\/v2\/media?parent=52759"}],"wp:term":[{"taxonomy":"category","embeddable":true,"href":"https:\/\/losperiodistas.com.mx\/portal\/wp-json\/wp\/v2\/categories?post=52759"},{"taxonomy":"post_tag","embeddable":true,"href":"https:\/\/losperiodistas.com.mx\/portal\/wp-json\/wp\/v2\/tags?post=52759"}],"curies":[{"name":"wp","href":"https:\/\/api.w.org\/{rel}","templated":true}]}}