{"id":52709,"date":"2023-06-07T09:34:20","date_gmt":"2023-06-07T14:34:20","guid":{"rendered":"http:\/\/losperiodistas.com.mx\/portal\/?p=52709"},"modified":"2023-06-07T09:34:22","modified_gmt":"2023-06-07T14:34:22","slug":"mexico-se-estanca-en-su-camino-hacia-un-estado-de-derecho-robusto-wjp-forbes","status":"publish","type":"post","link":"https:\/\/losperiodistas.com.mx\/portal\/mexico-se-estanca-en-su-camino-hacia-un-estado-de-derecho-robusto-wjp-forbes\/","title":{"rendered":"M\u00e9xico se estanca en su camino hacia un Estado de derecho robusto: WJP | Forbes"},"content":{"rendered":"\n<p class=\"has-light-green-cyan-background-color has-background has-medium-font-size\"><em>Los cinco estados con mejor puntaje en el \u00cdndice de Estado de Derecho del WJP son gobernados por el PAN; la CDMX est\u00e1 estancada.<\/em><\/p>\n\n\n\n<p><\/p>\n\n\n\n<figure class=\"wp-block-image size-large is-style-default\"><img fetchpriority=\"high\" decoding=\"async\" width=\"1024\" height=\"577\" src=\"https:\/\/losperiodistas.com.mx\/portal\/wp-content\/uploads\/2023\/06\/Captura-de-Pantalla-2023-06-07-a-las-8.26.16-1024x577.jpg\" alt=\"\" class=\"wp-image-52710\" srcset=\"https:\/\/losperiodistas.com.mx\/portal\/wp-content\/uploads\/2023\/06\/Captura-de-Pantalla-2023-06-07-a-las-8.26.16-1024x577.jpg 1024w, https:\/\/losperiodistas.com.mx\/portal\/wp-content\/uploads\/2023\/06\/Captura-de-Pantalla-2023-06-07-a-las-8.26.16-300x169.jpg 300w, https:\/\/losperiodistas.com.mx\/portal\/wp-content\/uploads\/2023\/06\/Captura-de-Pantalla-2023-06-07-a-las-8.26.16-768x433.jpg 768w, https:\/\/losperiodistas.com.mx\/portal\/wp-content\/uploads\/2023\/06\/Captura-de-Pantalla-2023-06-07-a-las-8.26.16-1536x865.jpg 1536w, https:\/\/losperiodistas.com.mx\/portal\/wp-content\/uploads\/2023\/06\/Captura-de-Pantalla-2023-06-07-a-las-8.26.16.jpg 1718w\" sizes=\"(max-width: 1024px) 100vw, 1024px\" \/><figcaption><em>Foto: German Rojas \/ Pixabay.<\/em><\/figcaption><\/figure>\n\n\n\n<p class=\"has-vivid-red-color has-text-color has-medium-font-size\"><strong>YARED DE LA ROSA<\/strong> \/ <strong>FORBES<\/strong><\/p>\n\n\n\n<p>Seg\u00fan el World Justice Project (WJP), M\u00e9xico vive un estancamiento en el progreso hacia un Estado de derecho robusto, pues en el \u00faltimo informe que realiz\u00f3 \u2014en una escala del 0 al 1\u2014 el pa\u00eds tiene una calificaci\u00f3n promedio de 0.42 en esta materia; adem\u00e1s, en la mayor\u00eda de los estados se registr\u00f3 un declive en los pesos y contrapesos, as\u00ed como en la lucha contra la corrupci\u00f3n<\/p>\n\n\n\n<p>En el \u00cdndice de Estado de Derecho en M\u00e9xico 2022-2023 del WJP, ning\u00fan estado llega a una calificaci\u00f3n perfecta de 1; la puntuaci\u00f3n m\u00e1s alta es de 0.49 y la obtuvo Quer\u00e9taro, despu\u00e9s le sigue Guanajuato, con 0.48, y en tercer lugar est\u00e1 Aguascalientes, con 0.47.<\/p>\n\n\n\n<p>\u201cLos resultados generales, si hay una palabra que los describe, es \u2018estancamiento\u2019; es decir, no hemos avanzado mucho y las mejoras que tenemos son marginales en t\u00e9rminos de promedio y seguimos con un reto en cumplimiento del Estado de derecho\u201d, dijo Alejandro Gonz\u00e1lez, director de Proyectos de Estado de Derecho del World Justice Project (WJP) M\u00e9xico.<\/p>\n\n\n\n<p>El \u00edndice del WJP busca evidenciar la situaci\u00f3n de las 32 estados del pa\u00eds en materia de Estado de derecho, medido bajo ocho factores: l\u00edmites al poder gubernamental, ausencia de corrupci\u00f3n, gobierno abierto, derechos fundamentales, orden y seguridad, cumplimiento regulatorio, justicia civil y justicia penal.<\/p>\n\n\n\n<p>En entrevista con&nbsp;<em><strong>Forbes M\u00e9xico<\/strong><\/em>, el ejecutivo coment\u00f3 que la Ciudad de M\u00e9xico es una de las entidades donde se refleja el estancamiento hacia un Estado de derecho robusto, pues mientras otros estados avanzan, la capital del pa\u00eds no lo ha hecho. Por ello, se\u00f1al\u00f3 que uno de los retos de para la Ciudad est\u00e1 en materia anticorrupci\u00f3n.<\/p>\n\n\n\n<p>\u201cSi hay una entidad que encabeza el concepto de estancamiento es la Ciudad de M\u00e9xico. La Ciudad de M\u00e9xico no se ha movido en t\u00e9rminos de puntuaci\u00f3n, ha permanecido constante en las \u00faltimas ediciones, y la raz\u00f3n por la que se ve al final es porque otras que estaban en el fondo de la tabla, como Guerrero, han venido avanzando y la CDMX est\u00e1 estancada\u201d, declar\u00f3.<\/p>\n\n\n\n<p>Gonz\u00e1lez mencion\u00f3 que hay algunas entidades, como Queretaro, Guanajuato, Sinaloa, Baja California Sur, Tamaulipas y Sonora, que despu\u00e9s de cinco mediciones han mostrado avances, lo cual hace pensar que en contextos adversos, es posible tener avances sustantivos.<\/p>\n\n\n\n<p>Se\u00f1al\u00f3 que ante estos resultados, hay tres retos que son comunes en pr\u00e1cticamente todas las entidades federativas: el sistema de pesos y contrapesos, la corrupci\u00f3n y el sistema de justicia.<\/p>\n\n\n\n<p>En el primero, explic\u00f3 que la independencia del Poder Judicial y del Legislativo se ha venido deteriorando.<\/p>\n\n\n\n<p>\u201cA nivel nacional tenemos tres principales retos que le son comunes pr\u00e1cticamente a todas las entidades federativas: uno de ellos, tenemos un declive en el sistema de pesos y contrapesos, que los legislativos, los poderes judiciales y las condiciones b\u00e1sicas para respetar los derechos de libre asociaci\u00f3n se han venido deteriorando pr\u00e1cticamente en todas las entidades y la capacidad de las instituciones para hacer su labor se han venido deteriorando; es el principal reto que enfrentamos en M\u00e9xico\u201d, declar\u00f3.<\/p>\n\n\n\n<p>Esta informaci\u00f3n publicada en el \u00cdndice del Estado de Derecho se obtuvo a trav\u00e9s de las m\u00e1s de 14 mil encuestas a especialistas y poblaci\u00f3n general, as\u00ed como la consulta de estad\u00edsticas oficiales y base de datos recopiladas por otras instituciones.<\/p>\n\n\n\n<p>El concepto de Estado de derecho es complejo, pero el WJP lo define como un principio de gobernanza en el que todas las personas, instituciones y entidades est\u00e1n sujetas al cumplimiento de la ley, la cual es respetuosa los derechos humanos y se aplica de forma equitativa, justa y eficiente<\/p>\n\n\n\n<p>Fuente: <a href=\"https:\/\/www.forbes.com.mx\/mexico-se-estanca-en-su-camino-hacia-un-estado-de-derecho-robusto-wjp\/\">https:\/\/www.forbes.com.mx\/mexico-se-estanca-en-su-camino-hacia-un-estado-de-derecho-robusto-wjp\/<\/a><\/p>\n","protected":false},"excerpt":{"rendered":"<p>Los cinco estados con mejor puntaje en el \u00cdndice de Estado de Derecho del WJP son gobernados por el PAN; [&hellip;]<\/p>\n","protected":false},"author":1,"featured_media":52710,"comment_status":"open","ping_status":"open","sticky":false,"template":"","format":"standard","meta":{"site-sidebar-layout":"default","site-content-layout":"","ast-site-content-layout":"default","site-content-style":"default","site-sidebar-style":"default","ast-global-header-display":"","ast-banner-title-visibility":"","ast-main-header-display":"","ast-hfb-above-header-display":"","ast-hfb-below-header-display":"","ast-hfb-mobile-header-display":"","site-post-title":"","ast-breadcrumbs-content":"","ast-featured-img":"","footer-sml-layout":"","theme-transparent-header-meta":"","adv-header-id-meta":"","stick-header-meta":"","header-above-stick-meta":"","header-main-stick-meta":"","header-below-stick-meta":"","astra-migrate-meta-layouts":"default","ast-page-background-enabled":"default","ast-page-background-meta":{"desktop":{"background-color":"var(--ast-global-color-4)","background-image":"","background-repeat":"repeat","background-position":"center center","background-size":"auto","background-attachment":"scroll","background-type":"","background-media":"","overlay-type":"","overlay-color":"","overlay-opacity":"","overlay-gradient":""},"tablet":{"background-color":"","background-image":"","background-repeat":"repeat","background-position":"center center","background-size":"auto","background-attachment":"scroll","background-type":"","background-media":"","overlay-type":"","overlay-color":"","overlay-opacity":"","overlay-gradient":""},"mobile":{"background-color":"","background-image":"","background-repeat":"repeat","background-position":"center center","background-size":"auto","background-attachment":"scroll","background-type":"","background-media":"","overlay-type":"","overlay-color":"","overlay-opacity":"","overlay-gradient":""}},"ast-content-background-meta":{"desktop":{"background-color":"var(--ast-global-color-5)","background-image":"","background-repeat":"repeat","background-position":"center center","background-size":"auto","background-attachment":"scroll","background-type":"","background-media":"","overlay-type":"","overlay-color":"","overlay-opacity":"","overlay-gradient":""},"tablet":{"background-color":"var(--ast-global-color-5)","background-image":"","background-repeat":"repeat","background-position":"center center","background-size":"auto","background-attachment":"scroll","background-type":"","background-media":"","overlay-type":"","overlay-color":"","overlay-opacity":"","overlay-gradient":""},"mobile":{"background-color":"var(--ast-global-color-5)","background-image":"","background-repeat":"repeat","background-position":"center center","background-size":"auto","background-attachment":"scroll","background-type":"","background-media":"","overlay-type":"","overlay-color":"","overlay-opacity":"","overlay-gradient":""}},"footnotes":""},"categories":[8],"tags":[16831,4938],"class_list":["post-52709","post","type-post","status-publish","format-standard","has-post-thumbnail","hentry","category-noticias","tag-estado-de-derecho-mexico","tag-world-justice-project"],"_links":{"self":[{"href":"https:\/\/losperiodistas.com.mx\/portal\/wp-json\/wp\/v2\/posts\/52709","targetHints":{"allow":["GET"]}}],"collection":[{"href":"https:\/\/losperiodistas.com.mx\/portal\/wp-json\/wp\/v2\/posts"}],"about":[{"href":"https:\/\/losperiodistas.com.mx\/portal\/wp-json\/wp\/v2\/types\/post"}],"author":[{"embeddable":true,"href":"https:\/\/losperiodistas.com.mx\/portal\/wp-json\/wp\/v2\/users\/1"}],"replies":[{"embeddable":true,"href":"https:\/\/losperiodistas.com.mx\/portal\/wp-json\/wp\/v2\/comments?post=52709"}],"version-history":[{"count":1,"href":"https:\/\/losperiodistas.com.mx\/portal\/wp-json\/wp\/v2\/posts\/52709\/revisions"}],"predecessor-version":[{"id":52711,"href":"https:\/\/losperiodistas.com.mx\/portal\/wp-json\/wp\/v2\/posts\/52709\/revisions\/52711"}],"wp:featuredmedia":[{"embeddable":true,"href":"https:\/\/losperiodistas.com.mx\/portal\/wp-json\/wp\/v2\/media\/52710"}],"wp:attachment":[{"href":"https:\/\/losperiodistas.com.mx\/portal\/wp-json\/wp\/v2\/media?parent=52709"}],"wp:term":[{"taxonomy":"category","embeddable":true,"href":"https:\/\/losperiodistas.com.mx\/portal\/wp-json\/wp\/v2\/categories?post=52709"},{"taxonomy":"post_tag","embeddable":true,"href":"https:\/\/losperiodistas.com.mx\/portal\/wp-json\/wp\/v2\/tags?post=52709"}],"curies":[{"name":"wp","href":"https:\/\/api.w.org\/{rel}","templated":true}]}}