{"id":52706,"date":"2023-06-07T09:10:32","date_gmt":"2023-06-07T14:10:32","guid":{"rendered":"http:\/\/losperiodistas.com.mx\/portal\/?p=52706"},"modified":"2023-06-07T09:10:34","modified_gmt":"2023-06-07T14:10:34","slug":"muere-la-pintora-francoise-gilot-la-unica-mujer-que-abandono-a-picasso-a-los-101-anos-el-espanol","status":"publish","type":"post","link":"https:\/\/losperiodistas.com.mx\/portal\/muere-la-pintora-francoise-gilot-la-unica-mujer-que-abandono-a-picasso-a-los-101-anos-el-espanol\/","title":{"rendered":"Muere la pintora Fran\u00e7oise Gilot, la \u00fanica mujer que abandon\u00f3 a Picasso, a los 101 a\u00f1os | El Espa\u00f1ol"},"content":{"rendered":"\n<h2 class=\"has-background has-medium-font-size wp-block-heading\" style=\"background-color:#ab9af1\">La artista francesa vivi\u00f3 a la sombra del autor del &#8216;Guernica&#8217;, pero fue una figura muy respetada en el mundo del arte<\/h2>\n\n\n\n<figure class=\"wp-block-image size-large is-style-default\"><img fetchpriority=\"high\" decoding=\"async\" width=\"1024\" height=\"580\" src=\"https:\/\/losperiodistas.com.mx\/portal\/wp-content\/uploads\/2023\/06\/Captura-de-Pantalla-2023-06-07-a-las-8.05.31-1024x580.jpg\" alt=\"\" class=\"wp-image-52707\" srcset=\"https:\/\/losperiodistas.com.mx\/portal\/wp-content\/uploads\/2023\/06\/Captura-de-Pantalla-2023-06-07-a-las-8.05.31-1024x580.jpg 1024w, https:\/\/losperiodistas.com.mx\/portal\/wp-content\/uploads\/2023\/06\/Captura-de-Pantalla-2023-06-07-a-las-8.05.31-300x170.jpg 300w, https:\/\/losperiodistas.com.mx\/portal\/wp-content\/uploads\/2023\/06\/Captura-de-Pantalla-2023-06-07-a-las-8.05.31-768x435.jpg 768w, https:\/\/losperiodistas.com.mx\/portal\/wp-content\/uploads\/2023\/06\/Captura-de-Pantalla-2023-06-07-a-las-8.05.31.jpg 1296w\" sizes=\"(max-width: 1024px) 100vw, 1024px\" \/><figcaption>Fran\u00e7oise Gilot<\/figcaption><\/figure>\n\n\n\n<p><\/p>\n\n\n\n<p class=\"has-vivid-red-color has-text-color has-medium-font-size\"><strong>JAIME CEDILLO \/ EL ESPA\u00d1OL<\/strong><\/p>\n\n\n\n<p id=\"paragraph_1\">La pintora&nbsp;<a href=\"https:\/\/www.elespanol.com\/el-cultural\/arte\/20211126\/francoise-gilot-artista-alla-picasso\/630188343_0.html\">Fran\u00e7oise Gilot<\/a>&nbsp;ha muerto este martes&nbsp;en un hospital de Manhattan (Nueva York, Estados Unidos) a los 101 a\u00f1os. Su hija Aur\u00e9lie Engel ha comunicado el fallecimiento, que se produce tras haber padecido&nbsp;dolencias card\u00edacas y pulmonares.<\/p>\n\n\n\n<p id=\"paragraph_2\">La artista, nacida el 26 de noviembre de 1921 en Neuilly-sur-Seine (Francia), fue una de las amantes de&nbsp;<a href=\"https:\/\/www.elespanol.com\/el-cultural\/arte\/20230403\/picasso-frente-historia-arte-saber-fallar\/752174835_0.html\">Pablo Picasso<\/a>, con quien tuvo dos hijos en 1947 y 1949. Su relaci\u00f3n, que result\u00f3 ser&nbsp;tormentosa y castrante, eclips\u00f3 su carrerra, pero no por ello dej\u00f3 de ser una figura muy respetada en el mundo del arte, al que accedi\u00f3 gracias a su madre y su abuela a una edad muy temprana.<\/p>\n\n\n\n<p id=\"paragraph_3\">Gilot realiz\u00f3 su primera exposici\u00f3n en 1943, mismo a\u00f1o en que conoci\u00f3 a Picasso. Fue en un restaurante; ella ten\u00eda 21 a\u00f1os y \u00e9l, 61. El pintor espa\u00f1ol se acerc\u00f3 a la mesa donde la artista estaba con su amiga Genevi\u00e8ve y le ofreci\u00f3 un cuenco de cerezas. \u00abSoy artista\u00bb, se present\u00f3 ella cuando Picasso le pregunt\u00f3 a qu\u00e9 se dedicaba. Acto seguido, el pintor dijo que una mujer tan bella no deb\u00eda dedicarse al arte, pero visit\u00f3 su exposici\u00f3n.\u00a0<\/p>\n\n\n\n<p id=\"paragraph_5\">Los pintores Henri Matisse y Georges Braque hab\u00edan apadrinado a la artista en aquellos a\u00f1os, cuando la relaci\u00f3n con Picasso comenzaba a fraguarse. Durar\u00eda una d\u00e9cada, en la que al artista le gustaba decir que Gilot era&nbsp;su musa, t\u00e9rmino que a ella molestaba. Tuvieron dos hijos, Claude y Paloma, y cuando quiso darse cuenta se hab\u00eda convertido en una ama de casa que tuvo que guardar su&nbsp;\u00abpersonalidad en el bolsillo\u201d.<\/p>\n\n\n\n<p id=\"paragraph_6\">Obedeci\u00f3 en los inicios, como hab\u00eda hecho con su padre cuando era ni\u00f1a, pero Gilot cumpli\u00f3 30 a\u00f1os y exterioriz\u00f3 el carisma que, desde entonces, la acompa\u00f1\u00f3 hasta el final de su vida. En 1953, abandon\u00f3 a Picasso llev\u00e1ndose a sus dos hijos.<\/p>\n\n\n\n<p id=\"paragraph_7\">Desde 1964 vivi\u00f3 entre Estados Unidos y Francia, y sigui\u00f3 exponiendo su trabajo. En 1970 se cas\u00f3 con Jonas Salk, el investigador m\u00e9dico estadounidense que desarroll\u00f3 la primera vacuna segura contra la poliomielitis. En aquella etapa se instal\u00f3 en California.<\/p>\n\n\n\n<p id=\"paragraph_8\">En 1973 fue nombrada directora de arte de la revista acad\u00e9mica&nbsp;<em>Virginia Woolf Quarterly<\/em>.&nbsp;En 1976 se uni\u00f3 a la junta del Departamento de Bellas Artes de la Universidad del Sur de California.&nbsp;La medalla&nbsp;<strong>Legi\u00f3n de Honor<\/strong>, una de las mayores distinciones en Francia, es uno de los t\u00edtulos m\u00e1s prestigiosos que ha recibido por su trayectoria.<\/p>\n\n\n\n<p class=\"has-cyan-bluish-gray-background-color has-background\" id=\"paragraph_9\"><a href=\"https:\/\/www.elespanol.com\/el-cultural\/arte\/20230403\/picasso-frente-historia-arte-saber-fallar\/752174835_0.html\"><em>[Picasso frente a la historia: el arte de saber fallar]<\/em><\/a><\/p>\n\n\n\n<p id=\"paragraph_10\">En 2021, cuando Gilot cumpli\u00f3 100 a\u00f1os, reuni\u00f3 30 pinturas en una exposici\u00f3n en la casa de subastas Christie\u2019s, en su sede de Hong Kong.&nbsp;Uno de sus cuadros,&nbsp;<em>Paloma \u00e0 la Guitare&nbsp;<\/em>(1965), se vendi\u00f3 por&nbsp;<strong>1,3 millones de d\u00f3lares<\/strong>, superando con creces las expectativas de la casa.&nbsp;<\/p>\n\n\n\n<p id=\"paragraph_11\">\u00abCada uno de los trabajos presentados documenta la cristalizaci\u00f3n de mi vida, mis experimentaciones sobre figuras, objetos, relaciones y naturaleza y con cari\u00f1o comparto mi pasi\u00f3n y mi b\u00fasqueda en el arte\u201d, dijo la propia Gilot. Adem\u00e1s, sus hijas Paloma y Aur\u00e9lie le rindieron homenaje a trav\u00e9s de otra muestra en Nueva York, tambi\u00e9n con motivo de su centenario.<\/p>\n\n\n\n<p id=\"paragraph_12\">Hasta el final de su vida, sus obras se expusieron en espacios como el Museo Metropolitano de Arte, el Museo de Arte Moderno de Nueva York y el Centro Pompidou de Par\u00eds. Sus pinturas obtuvieron precios cada vez m\u00e1s altos conforme se aproximaba al final de su vida.<\/p>\n\n\n\n<p id=\"paragraph_13\">Gilot hab\u00eda estudiado Filosof\u00eda y Literatura inglesa en la Universidad de Cambridge, por lo que compagin\u00f3 su labor como artista con la escritura.&nbsp;Sus memorias,&nbsp;<em>La vida con Picasso<\/em>, fueron escritas a cuatro manos con&nbsp;<strong>Carlton Lake<\/strong>&nbsp;y se publicaron en 1964.<\/p>\n\n\n\n<p id=\"paragraph_14\">Se convirti\u00f3 en un \u00e9xito de ventas internacional, lo que enfad\u00f3 mucho al pintor, que rompi\u00f3 el contacto con ella y sus dos hijos. El texto inspir\u00f3 buena parte del guion de la pel\u00edcula&nbsp;<strong><em>Sobreviviendo a Picasso<\/em><\/strong>, dirigida por Merchant-Ivory en 1996. Natascha McElhone interpret\u00f3 a Gilot y Anthony Hopkins a Picasso.&nbsp;<\/p>\n\n\n\n<p id=\"paragraph_15\">Paloma Picasso dijo en el homenaje con motivo de su centenario que su madre siempre \u00abse hab\u00eda adelantado a su tiempo, era lo que las mujeres quer\u00edan ser, casi antes de que se dieran cuenta o se atrevieran a so\u00f1ar con ello\u201d. Dos a\u00f1os antes, cuando ten\u00eda 98 a\u00f1os, Gilot\u00a0dijo: \u201cA mi edad, a veces me canso de la vida, pero nunca me canso de la pintura\u201d.<\/p>\n\n\n\n<p>Fuente: <a href=\"https:\/\/www.elespanol.com\/el-cultural\/arte\/20230606\/muere-pintora-francoise-gilot-unica-abandono-picasso\/769423438_0.html\">https:\/\/www.elespanol.com\/el-cultural\/arte\/20230606\/muere-pintora-francoise-gilot-unica-abandono-picasso\/769423438_0.html<\/a><\/p>\n","protected":false},"excerpt":{"rendered":"<p>La artista francesa vivi\u00f3 a la sombra del autor del &#8216;Guernica&#8217;, pero fue una figura muy respetada en el mundo [&hellip;]<\/p>\n","protected":false},"author":1,"featured_media":52707,"comment_status":"open","ping_status":"open","sticky":false,"template":"","format":"standard","meta":{"site-sidebar-layout":"default","site-content-layout":"","ast-site-content-layout":"default","site-content-style":"default","site-sidebar-style":"default","ast-global-header-display":"","ast-banner-title-visibility":"","ast-main-header-display":"","ast-hfb-above-header-display":"","ast-hfb-below-header-display":"","ast-hfb-mobile-header-display":"","site-post-title":"","ast-breadcrumbs-content":"","ast-featured-img":"","footer-sml-layout":"","theme-transparent-header-meta":"","adv-header-id-meta":"","stick-header-meta":"","header-above-stick-meta":"","header-main-stick-meta":"","header-below-stick-meta":"","astra-migrate-meta-layouts":"default","ast-page-background-enabled":"default","ast-page-background-meta":{"desktop":{"background-color":"var(--ast-global-color-4)","background-image":"","background-repeat":"repeat","background-position":"center center","background-size":"auto","background-attachment":"scroll","background-type":"","background-media":"","overlay-type":"","overlay-color":"","overlay-opacity":"","overlay-gradient":""},"tablet":{"background-color":"","background-image":"","background-repeat":"repeat","background-position":"center center","background-size":"auto","background-attachment":"scroll","background-type":"","background-media":"","overlay-type":"","overlay-color":"","overlay-opacity":"","overlay-gradient":""},"mobile":{"background-color":"","background-image":"","background-repeat":"repeat","background-position":"center center","background-size":"auto","background-attachment":"scroll","background-type":"","background-media":"","overlay-type":"","overlay-color":"","overlay-opacity":"","overlay-gradient":""}},"ast-content-background-meta":{"desktop":{"background-color":"var(--ast-global-color-5)","background-image":"","background-repeat":"repeat","background-position":"center center","background-size":"auto","background-attachment":"scroll","background-type":"","background-media":"","overlay-type":"","overlay-color":"","overlay-opacity":"","overlay-gradient":""},"tablet":{"background-color":"var(--ast-global-color-5)","background-image":"","background-repeat":"repeat","background-position":"center center","background-size":"auto","background-attachment":"scroll","background-type":"","background-media":"","overlay-type":"","overlay-color":"","overlay-opacity":"","overlay-gradient":""},"mobile":{"background-color":"var(--ast-global-color-5)","background-image":"","background-repeat":"repeat","background-position":"center center","background-size":"auto","background-attachment":"scroll","background-type":"","background-media":"","overlay-type":"","overlay-color":"","overlay-opacity":"","overlay-gradient":""}},"footnotes":""},"categories":[8],"tags":[16830,16829,9416],"class_list":["post-52706","post","type-post","status-publish","format-standard","has-post-thumbnail","hentry","category-noticias","tag-francoise-gilot","tag-manhattan","tag-pablo-picasso"],"_links":{"self":[{"href":"https:\/\/losperiodistas.com.mx\/portal\/wp-json\/wp\/v2\/posts\/52706","targetHints":{"allow":["GET"]}}],"collection":[{"href":"https:\/\/losperiodistas.com.mx\/portal\/wp-json\/wp\/v2\/posts"}],"about":[{"href":"https:\/\/losperiodistas.com.mx\/portal\/wp-json\/wp\/v2\/types\/post"}],"author":[{"embeddable":true,"href":"https:\/\/losperiodistas.com.mx\/portal\/wp-json\/wp\/v2\/users\/1"}],"replies":[{"embeddable":true,"href":"https:\/\/losperiodistas.com.mx\/portal\/wp-json\/wp\/v2\/comments?post=52706"}],"version-history":[{"count":1,"href":"https:\/\/losperiodistas.com.mx\/portal\/wp-json\/wp\/v2\/posts\/52706\/revisions"}],"predecessor-version":[{"id":52708,"href":"https:\/\/losperiodistas.com.mx\/portal\/wp-json\/wp\/v2\/posts\/52706\/revisions\/52708"}],"wp:featuredmedia":[{"embeddable":true,"href":"https:\/\/losperiodistas.com.mx\/portal\/wp-json\/wp\/v2\/media\/52707"}],"wp:attachment":[{"href":"https:\/\/losperiodistas.com.mx\/portal\/wp-json\/wp\/v2\/media?parent=52706"}],"wp:term":[{"taxonomy":"category","embeddable":true,"href":"https:\/\/losperiodistas.com.mx\/portal\/wp-json\/wp\/v2\/categories?post=52706"},{"taxonomy":"post_tag","embeddable":true,"href":"https:\/\/losperiodistas.com.mx\/portal\/wp-json\/wp\/v2\/tags?post=52706"}],"curies":[{"name":"wp","href":"https:\/\/api.w.org\/{rel}","templated":true}]}}