{"id":52696,"date":"2023-06-07T08:49:33","date_gmt":"2023-06-07T13:49:33","guid":{"rendered":"http:\/\/losperiodistas.com.mx\/portal\/?p=52696"},"modified":"2023-06-07T08:49:35","modified_gmt":"2023-06-07T13:49:35","slug":"dia-mundial-del-vino-rosado-nuevo-espiritu-y-ultimas-tendencias-vozpopuli","status":"publish","type":"post","link":"https:\/\/losperiodistas.com.mx\/portal\/dia-mundial-del-vino-rosado-nuevo-espiritu-y-ultimas-tendencias-vozpopuli\/","title":{"rendered":"D\u00eda Mundial del Vino Rosado: Nuevo esp\u00edritu y \u00faltimas tendencias | VozP\u00f3puli"},"content":{"rendered":"\n<h2 class=\"has-background has-medium-font-size wp-block-heading\" style=\"background-color:#f6a3ea\">Suben enteros los suaves y golosos frente a los de mayor potencia, aunque siguen en el candelero los rosados p\u00e1lidos al estilo provenzal<\/h2>\n\n\n\n<figure class=\"wp-block-image size-large is-style-default\"><img fetchpriority=\"high\" decoding=\"async\" width=\"1024\" height=\"576\" src=\"https:\/\/losperiodistas.com.mx\/portal\/wp-content\/uploads\/2023\/06\/COPAS-ROSADO-pexels-olya-kobruseva-ROSADOS-EDIT-1024x576.jpg\" alt=\"\" class=\"wp-image-52697\" srcset=\"https:\/\/losperiodistas.com.mx\/portal\/wp-content\/uploads\/2023\/06\/COPAS-ROSADO-pexels-olya-kobruseva-ROSADOS-EDIT-1024x576.jpg 1024w, https:\/\/losperiodistas.com.mx\/portal\/wp-content\/uploads\/2023\/06\/COPAS-ROSADO-pexels-olya-kobruseva-ROSADOS-EDIT-300x169.jpg 300w, https:\/\/losperiodistas.com.mx\/portal\/wp-content\/uploads\/2023\/06\/COPAS-ROSADO-pexels-olya-kobruseva-ROSADOS-EDIT-768x432.jpg 768w, https:\/\/losperiodistas.com.mx\/portal\/wp-content\/uploads\/2023\/06\/COPAS-ROSADO-pexels-olya-kobruseva-ROSADOS-EDIT.jpg 1200w\" sizes=\"(max-width: 1024px) 100vw, 1024px\" \/><figcaption>D\u00eda Mundial del Vino Rosado: nuevo esp\u00edritu y \u00faltimas tendencias\u00a0<strong>PEXELS<\/strong><\/figcaption><\/figure>\n\n\n\n<p class=\"has-vivid-red-color has-text-color has-medium-font-size\"><strong>ANA MARCOS \/ VOZP\u00d3PULI<\/strong><\/p>\n\n\n\n<p>Arranca la temporada alta de rosados y&nbsp;<strong>este pr\u00f3ximo domingo, 11 de junio, ser\u00e1 su D\u00eda Mundial<\/strong>. El pobre y desvalido vino rosado, que vivi\u00f3 tiempos dif\u00edciles en el pasado- muchas veces con justificaci\u00f3n-, se erige hoy como&nbsp;<strong>uno de los grandes protagonistas del buen tiempo<\/strong>, con o sin D\u00eda Mundial.<\/p>\n\n\n\n<p>Ya hemos contado la&nbsp;<a href=\"https:\/\/www.vozpopuli.com\/gastropoli\/rosados-clarete-provenzal.html\">mete\u00f3rica carrera de estos vinos<\/a>&nbsp;que&nbsp;<strong>cambiaron su traje de Cenicienta por el vestido de princesa&nbsp;<\/strong>y hoy son reconocidos y alabados en su justa medida.<\/p>\n\n\n\n<p>Seg\u00fan uno de los \u00faltimos informes del Observatorio Espa\u00f1ol del Mercado del Vino (OEMV) y\u00a0<em>Ros\u00e9 Wines World Tracking<\/em>,\u00a0<strong>en el mundo se consumen 23,6 millones de hectolitros de vinos rosados<\/strong>. El comercio mundial est\u00e1 liderado por Francia en valor y Espa\u00f1a en volumen.\u00a0<strong>Especialmente vendemos a la propia Francia- un llamativo dato-<\/strong>, mientras Italia tambi\u00e9n destaca como gran productor.<\/p>\n\n\n\n<p>Las&nbsp;<strong>\u00faltimas tendencias&nbsp;<\/strong>indican que siguen siendo l\u00edderes los rosados con tono piel de cebolla (p\u00e1lidos), t\u00edpicos de La Provenza gala. Una norma com\u00fan a distintos estilos que, sin embargo,&nbsp;<strong>var\u00edan en fortaleza: desde suaves y delicados rosados a otros con cuerpo y vigor.<\/strong><\/p>\n\n\n\n<p>Ambos son bien admitidos por los consumidores, aunque hemos notado que&nbsp;<strong>los primeros se est\u00e1n generalizando por momentos<\/strong>. Son estilos diferentes que&nbsp;<strong>no entorpecen la calidad de ninguno de las dos opciones.<\/strong>&nbsp;&nbsp;En esta cata, hemos hecho un&nbsp;<strong>muestreo de diferentes etiquetas con distintas potencias<\/strong>. Cada uno a su manera, nos ense\u00f1an el nuevo esp\u00edritu de estos vinos.<\/p>\n\n\n\n<h2 class=\"wp-block-heading\"><strong>Los vinos<\/strong><\/h2>\n\n\n\n<p><strong>Ales Roses<\/strong>&nbsp;<strong>2022<\/strong>&nbsp;(D.O. Catalunya) de Bodegas Terra Remota es un&nbsp;<strong>monovarietal de garnacha negra<\/strong>&nbsp;del que un 3,5% fermenta en barrica de roble franc\u00e9s y resto inoxidable. Crianza sobre madres finas durante 7 meses.&nbsp;<strong>Una delicia ligera, expresiva y delicada.<\/strong>&nbsp;Muy recomendable explorar esta gama de Ales, la m\u00e1s econ\u00f3mica de la casa<strong>&nbsp;(unos 9 euros),<\/strong>&nbsp;<a href=\"https:\/\/www.vozpopuli.com\/gastropoli\/vinos-gastropoli\/tintos-frescos-madera.html\">en tinto (que ya dimos)<\/a>, el rosado que traemos\u2026 y quiz\u00e1s el blanco, que a\u00fan no hemos catado.<\/p>\n\n\n\n<figure class=\"wp-block-image is-style-default\"><img decoding=\"async\" src=\"https:\/\/media.vozpopuli.com\/2023\/06\/rosados-vinos-1024x576.jpg\" alt=\"\" class=\"wp-image-1818754\"\/><\/figure>\n\n\n\n<p>Un rosado radicalmente distinto al anterior, a pesar de su color anaranjado p\u00e1lido que puede despistar.&nbsp;<strong>Flamingo 2022<\/strong>&nbsp;(D.O. Ribera del Duero) es<strong>&nbsp;un rosado con presencia, potente y brioso<\/strong>. Est\u00e1 elaborado con tinto fino 100% y desde la bodega- Conde de San Crist\u00f3bal- lo califican como<strong>&nbsp;\u201crosado con alma de tinto\u201d<\/strong>. Nada m\u00e1s cierto: franco, pujante y con car\u00e1cter. Un vino de&nbsp;<strong>producci\u00f3n limitada, de parcela, y con una minuciosa elaboraci\u00f3n<\/strong>. Uno de los mejores rosados espa\u00f1oles. Comod\u00edsimo<strong>&nbsp;precinto manual para abrir la a veces fastidiosa, aunque necesaria, c\u00e1psula.<\/strong><\/p>\n\n\n\n<figure class=\"wp-block-image is-style-default\"><img decoding=\"async\" src=\"https:\/\/media.vozpopuli.com\/2023\/06\/Flamingo_rose_1200x675-1-1024x576.jpg\" alt=\"\" class=\"wp-image-1817998\"\/><\/figure>\n\n\n\n<p><a href=\"https:\/\/amzn.to\/3IRODGQ\" rel=\"noreferrer noopener\" target=\"_blank\">COMPRAR POR 23,59 EUROS.<\/a><\/p>\n\n\n\n<p>La&nbsp;<strong>elegancia&nbsp;<\/strong>en una botella.&nbsp;<strong>Domaines Ott Ch\u00e2teau Romassan<\/strong>&nbsp;<strong>Ros\u00e9 2022<\/strong>&nbsp;(A.O.C. Bandol, Francia) brinda en el primer asalto una explosi\u00f3n en nariz de fruta, delicadas flores\u2026 un perfume que no defrauda en boca:&nbsp;<strong>tonos c\u00edtricos suaves y de final goloso<\/strong>, sin aristas pero de gran personalidad. Muy armonioso. Es la primera a\u00f1ada- tambi\u00e9n de su otro rosado, Ch\u00e2teau de Selle- que&nbsp;<strong>sale al mercado integralmente en ecol\u00f3gico<\/strong>. Precio a calibrar(47 euros), aunque&nbsp;<strong>resulta \u00fanico.<\/strong><\/p>\n\n\n\n<figure class=\"wp-block-image is-style-default\"><img decoding=\"async\" src=\"https:\/\/media.vozpopuli.com\/2023\/06\/ott_chateau_romassan_rose_2022_bottle_75cl_highres_cmjn-2-1024x576.png\" alt=\"\" class=\"wp-image-1817896\"\/><\/figure>\n\n\n\n<p><strong>Era el gran esperado.<\/strong>&nbsp;El primer vino rosado de la bodega Jos\u00e9 Pariente (D.O. Rueda) que sale al mercado con el nombre de&nbsp;<strong>Victoria,&nbsp;<\/strong>en homenaje de sus hijos Martina e Ignacio a su madre, creadora de la bodega y con este nombre.&nbsp;<strong>Elaborado con tempranillo, viognier y garnacha<\/strong>, es un vino suave y agradable, de cierta complejidad. Se puede adquirir en la<strong><a href=\"http:\/\/www.josepariente.com\/tienda\" target=\"_blank\" rel=\"noreferrer noopener\">&nbsp;tienda online de la bodega por 12,90 euros<\/a><\/strong>. Tambi\u00e9n lo hay en formato magnum (30,90 euros).<\/p>\n\n\n\n<figure class=\"wp-block-image is-style-default\"><img decoding=\"async\" src=\"https:\/\/media.vozpopuli.com\/2023\/06\/Victoria-fondo-blanco-edit-2-1024x575.jpg\" alt=\"\" class=\"wp-image-1818029\"\/><\/figure>\n\n\n\n<p><strong>Bodegas Cepa 21<\/strong>&nbsp;ha sacado al mercado la nueva a\u00f1ada (2022) de su&nbsp;<strong>Hito Rosado&nbsp;<\/strong>que, como siempre en esta casa, responde a las expectativas.<strong>&nbsp;Arom\u00e1tico, fresco y sabroso, est\u00e1 hecho con tempranillo 100%<\/strong>&nbsp;de cepas propias en la D.O. Ribera del Duero. Ligero pero con<strong>&nbsp;cierto cuerpo, c\u00e1lido, refrescante y bien elaborado<\/strong>. Para su creador, Jos\u00e9 Moro, \u201c\u2026 es un soplo de aire fresco\u2026\u201d. Y estamos de acuerdo.&nbsp;<strong>Buena relaci\u00f3n calidad- precio: 9,35 euros.<\/strong><\/p>\n\n\n\n<figure class=\"wp-block-image is-style-default\"><img decoding=\"async\" src=\"https:\/\/media.vozpopuli.com\/2023\/06\/JB_2984-edit-1024x576.jpg\" alt=\"\" class=\"wp-image-1817906\"\/><\/figure>\n\n\n\n<p><strong>Cinco vinos rosados&nbsp;<\/strong>muy diferentes entre s\u00ed con el hilo conductor (todos) de una&nbsp;<strong>alta calidad.<\/strong><\/p>\n\n\n\n<p><strong><u>Nota:<\/u>\u00a0<em>Ninguno de los vinos mencionados se han seleccionado por motivos comerciales, su elecci\u00f3n es una decisi\u00f3n \u00fanicamente de calidad y period\u00edstica.\u00a0<a>Los precios son meramente orientativos.<\/a><\/em><\/strong><\/p>\n\n\n\n<p>Fuente: <a href=\"https:\/\/www.vozpopuli.com\/gastropoli\/vinos-gastropoli\/dia-mundial-rosado.html\">https:\/\/www.vozpopuli.com\/gastropoli\/vinos-gastropoli\/dia-mundial-rosado.html<\/a><\/p>\n","protected":false},"excerpt":{"rendered":"<p>Suben enteros los suaves y golosos frente a los de mayor potencia, aunque siguen en el candelero los rosados p\u00e1lidos [&hellip;]<\/p>\n","protected":false},"author":1,"featured_media":52697,"comment_status":"open","ping_status":"open","sticky":false,"template":"","format":"standard","meta":{"site-sidebar-layout":"default","site-content-layout":"","ast-site-content-layout":"default","site-content-style":"default","site-sidebar-style":"default","ast-global-header-display":"","ast-banner-title-visibility":"","ast-main-header-display":"","ast-hfb-above-header-display":"","ast-hfb-below-header-display":"","ast-hfb-mobile-header-display":"","site-post-title":"","ast-breadcrumbs-content":"","ast-featured-img":"","footer-sml-layout":"","theme-transparent-header-meta":"","adv-header-id-meta":"","stick-header-meta":"","header-above-stick-meta":"","header-main-stick-meta":"","header-below-stick-meta":"","astra-migrate-meta-layouts":"default","ast-page-background-enabled":"default","ast-page-background-meta":{"desktop":{"background-color":"var(--ast-global-color-4)","background-image":"","background-repeat":"repeat","background-position":"center center","background-size":"auto","background-attachment":"scroll","background-type":"","background-media":"","overlay-type":"","overlay-color":"","overlay-opacity":"","overlay-gradient":""},"tablet":{"background-color":"","background-image":"","background-repeat":"repeat","background-position":"center center","background-size":"auto","background-attachment":"scroll","background-type":"","background-media":"","overlay-type":"","overlay-color":"","overlay-opacity":"","overlay-gradient":""},"mobile":{"background-color":"","background-image":"","background-repeat":"repeat","background-position":"center center","background-size":"auto","background-attachment":"scroll","background-type":"","background-media":"","overlay-type":"","overlay-color":"","overlay-opacity":"","overlay-gradient":""}},"ast-content-background-meta":{"desktop":{"background-color":"var(--ast-global-color-5)","background-image":"","background-repeat":"repeat","background-position":"center center","background-size":"auto","background-attachment":"scroll","background-type":"","background-media":"","overlay-type":"","overlay-color":"","overlay-opacity":"","overlay-gradient":""},"tablet":{"background-color":"var(--ast-global-color-5)","background-image":"","background-repeat":"repeat","background-position":"center center","background-size":"auto","background-attachment":"scroll","background-type":"","background-media":"","overlay-type":"","overlay-color":"","overlay-opacity":"","overlay-gradient":""},"mobile":{"background-color":"var(--ast-global-color-5)","background-image":"","background-repeat":"repeat","background-position":"center center","background-size":"auto","background-attachment":"scroll","background-type":"","background-media":"","overlay-type":"","overlay-color":"","overlay-opacity":"","overlay-gradient":""}},"footnotes":""},"categories":[8],"tags":[16828],"class_list":["post-52696","post","type-post","status-publish","format-standard","has-post-thumbnail","hentry","category-noticias","tag-dia-mundial-del-vino-rosado"],"_links":{"self":[{"href":"https:\/\/losperiodistas.com.mx\/portal\/wp-json\/wp\/v2\/posts\/52696","targetHints":{"allow":["GET"]}}],"collection":[{"href":"https:\/\/losperiodistas.com.mx\/portal\/wp-json\/wp\/v2\/posts"}],"about":[{"href":"https:\/\/losperiodistas.com.mx\/portal\/wp-json\/wp\/v2\/types\/post"}],"author":[{"embeddable":true,"href":"https:\/\/losperiodistas.com.mx\/portal\/wp-json\/wp\/v2\/users\/1"}],"replies":[{"embeddable":true,"href":"https:\/\/losperiodistas.com.mx\/portal\/wp-json\/wp\/v2\/comments?post=52696"}],"version-history":[{"count":1,"href":"https:\/\/losperiodistas.com.mx\/portal\/wp-json\/wp\/v2\/posts\/52696\/revisions"}],"predecessor-version":[{"id":52698,"href":"https:\/\/losperiodistas.com.mx\/portal\/wp-json\/wp\/v2\/posts\/52696\/revisions\/52698"}],"wp:featuredmedia":[{"embeddable":true,"href":"https:\/\/losperiodistas.com.mx\/portal\/wp-json\/wp\/v2\/media\/52697"}],"wp:attachment":[{"href":"https:\/\/losperiodistas.com.mx\/portal\/wp-json\/wp\/v2\/media?parent=52696"}],"wp:term":[{"taxonomy":"category","embeddable":true,"href":"https:\/\/losperiodistas.com.mx\/portal\/wp-json\/wp\/v2\/categories?post=52696"},{"taxonomy":"post_tag","embeddable":true,"href":"https:\/\/losperiodistas.com.mx\/portal\/wp-json\/wp\/v2\/tags?post=52696"}],"curies":[{"name":"wp","href":"https:\/\/api.w.org\/{rel}","templated":true}]}}