{"id":52693,"date":"2023-06-07T08:35:41","date_gmt":"2023-06-07T13:35:41","guid":{"rendered":"http:\/\/losperiodistas.com.mx\/portal\/?p=52693"},"modified":"2023-06-07T08:35:45","modified_gmt":"2023-06-07T13:35:45","slug":"de-santiago-nieto-a-rosario-robles-las-reacciones-a-la-renuncia-de-ebrard-con-miras-a-2024-la-lista","status":"publish","type":"post","link":"https:\/\/losperiodistas.com.mx\/portal\/de-santiago-nieto-a-rosario-robles-las-reacciones-a-la-renuncia-de-ebrard-con-miras-a-2024-la-lista\/","title":{"rendered":"De Santiago Nieto a Rosario Robles: las reacciones a la renuncia de Ebrard con miras a 2024 | La-Lista"},"content":{"rendered":"\n<p class=\"has-background has-medium-font-size\" style=\"background-color:#b045f7\">La decisi\u00f3n del a\u00fan canciller Marcelo Ebrard provoc\u00f3 reacciones entre algunos pol\u00edticos.<\/p>\n\n\n\n<p><\/p>\n\n\n\n<figure class=\"wp-block-image size-large is-style-default\"><img fetchpriority=\"high\" decoding=\"async\" width=\"1024\" height=\"632\" src=\"https:\/\/losperiodistas.com.mx\/portal\/wp-content\/uploads\/2023\/06\/ebrard-renuncia-reacciones-1024x632.jpg\" alt=\"\" class=\"wp-image-52694\" srcset=\"https:\/\/losperiodistas.com.mx\/portal\/wp-content\/uploads\/2023\/06\/ebrard-renuncia-reacciones-1024x632.jpg 1024w, https:\/\/losperiodistas.com.mx\/portal\/wp-content\/uploads\/2023\/06\/ebrard-renuncia-reacciones-300x185.jpg 300w, https:\/\/losperiodistas.com.mx\/portal\/wp-content\/uploads\/2023\/06\/ebrard-renuncia-reacciones-768x474.jpg 768w, https:\/\/losperiodistas.com.mx\/portal\/wp-content\/uploads\/2023\/06\/ebrard-renuncia-reacciones.jpg 1280w\" sizes=\"(max-width: 1024px) 100vw, 1024px\" \/><figcaption>Ebrard anunci\u00f3 que renunciar\u00e1 a la SRE. Foto: Twitter\/@m_ebrard<\/figcaption><\/figure>\n\n\n\n<p class=\"has-vivid-red-color has-text-color has-medium-font-size\"><strong>REDACCI\u00d3N LA-LISTA<\/strong><\/p>\n\n\n\n<p>Marcelo Ebrard, titular de la Secretar\u00eda de Relaciones Exteriores (SRE), anunci\u00f3 que presentar\u00e1 su renuncia al cargo para comenzar a recorrer el pa\u00eds y obtener la candidatura presidencial por el partido Morena, con miras a la elecci\u00f3n presidencial de 2024.<\/p>\n\n\n\n<p>Su salida ocurre horas despu\u00e9s de que sostuviera una reuni\u00f3n con el presidente Andr\u00e9s Manuel L\u00f3pez Obrador (AMLO), gobernadores emanados de Morena y aspirantes de su partido al 2024, como Claudia Sheinbaum, jefa de gobierno de la Ciudad de M\u00e9xico; Ad\u00e1n Augusto L\u00f3pez Hern\u00e1ndez, titular de la Secretar\u00eda de Gobernaci\u00f3n (Segob); y Ricardo Monreal, coordinador de los senadores marrones.<\/p>\n\n\n\n<p>La decisi\u00f3n del a\u00fan canciller Ebrard provoc\u00f3 reacciones pol\u00edticas.<\/p>\n\n\n\n<p>Ad\u00e1n Augusto L\u00f3pez Hern\u00e1ndez afirm\u00f3 que la pol\u00edtica se debe construir el equilibrio entre la raz\u00f3n y la pasi\u00f3n.<\/p>\n\n\n\n<p>\u201cHace muchos a\u00f1os, un paisano me ense\u00f1\u00f3 que en pol\u00edtica se debe construir el equilibrio entre la raz\u00f3n y la pasi\u00f3n. Serenidad y paciencia, los tiempos del Se\u00f1or son perfectos\u201d, escribi\u00f3 en sus\u00a0<a href=\"https:\/\/twitter.com\/adan_augusto\/status\/1666248076288245763\" target=\"_blank\" rel=\"noreferrer noopener\">redes sociales<\/a>\u00a0despu\u00e9s del anuncio de Ebrard.<\/p>\n\n\n\n<figure class=\"wp-block-embed is-type-rich is-provider-twitter wp-block-embed-twitter\"><div class=\"wp-block-embed__wrapper\">\n<blockquote class=\"twitter-tweet\" data-width=\"500\" data-dnt=\"true\"><p lang=\"es\" dir=\"ltr\">Hace muchos a\u00f1os, un paisano me ense\u00f1\u00f3 que en pol\u00edtica se debe construir el equilibrio entre la raz\u00f3n y la pasi\u00f3n. <br><br>Serenidad y paciencia, los tiempos del Se\u00f1or son perfectos.<\/p>&mdash; Ad\u00e1n Augusto L\u00f3pez H (@adan_augusto) <a href=\"https:\/\/twitter.com\/adan_augusto\/status\/1666248076288245763?ref_src=twsrc%5Etfw\">June 7, 2023<\/a><\/blockquote><script async src=\"https:\/\/platform.twitter.com\/widgets.js\" charset=\"utf-8\"><\/script>\n<\/div><\/figure>\n\n\n\n<p>Mario Delgado, dirigente nacional de Morena, destac\u00f3 que todas las \u201ccorcholatas\u201d deben renunciar para \u201cgarantizar equidad\u201d.<\/p>\n\n\n\n<p>\u201cPara garantizar, digamos esta equidad, todos deber\u00edan estar fuera de sus cargos\u201d, se\u00f1al\u00f3 Delgado durante una entrevista con Jos\u00e9 C\u00e1rdenas para&nbsp;<em><a href=\"https:\/\/www.youtube.com\/watch?v=-m2MXyaWmEo&amp;t=45s\" target=\"_blank\" rel=\"noreferrer noopener\">Radio F\u00f3rmula<\/a><\/em>.<\/p>\n\n\n\n<p>Y apunt\u00f3 que el asegurar este proceso requiere que todos est\u00e9n en igualdad de condiciones y \u201csi se manten\u00eda en el cargo iba a ser muy dif\u00edcil debatir si hay condiciones de equidad o no, para algunos tiene ventajas y desventajas, pero creo que da mayor certeza el tema de que est\u00e9 fuera del cargo\u201d.No te pierdas:<a href=\"https:\/\/la-lista.com\/politica\/2023\/06\/06\/amlo-hice-compromiso-con-corcholatas-a-no-inclinar-la-balanza\">AMLO: me compromet\u00ed con \u2018corcholatas\u2019 a no inclinar la balanza<\/a><\/p>\n\n\n\n<p>Santiago Nieto Castillo, extitular de la Unidad de Inteligencia Financiera (UIF) y encargado del despacho de la Procuradur\u00eda General de Justicia de Hidalgo, acompa\u00f1\u00f3 al canciller durante su anuncio y resalt\u00f3 frente a medios que el presidente Andr\u00e9s Manuel L\u00f3pez Obrador fue claro con que se debe cumplir el marco y que hay condiciones de \u201cpiso parejo\u201d<\/p>\n\n\n\n<p>\u201cMi reconocimiento a Marcelo Ebrard por su desempe\u00f1o como canciller de M\u00e9xico. El mejor, sin duda. Aplaudo la congruencia al separarse del cargo p\u00fablico para no mezclar temas de Estado con partidistas. Siempre he agradecido la invitaci\u00f3n que me permiti\u00f3 llegar a la 4T\u201d, sostuvo Nieto Castillo en otro mensaje publicado en sus redes sociales.<\/p>\n\n\n\n<figure class=\"wp-block-embed is-type-rich is-provider-twitter wp-block-embed-twitter\"><div class=\"wp-block-embed__wrapper\">\n<blockquote class=\"twitter-tweet\" data-width=\"500\" data-dnt=\"true\"><p lang=\"es\" dir=\"ltr\">Mi reconocimiento a <a href=\"https:\/\/twitter.com\/m_ebrard?ref_src=twsrc%5Etfw\">@m_ebrard<\/a> <a href=\"https:\/\/twitter.com\/hashtag\/MarceloEbrard?src=hash&amp;ref_src=twsrc%5Etfw\">#MarceloEbrard<\/a> por su desempe\u00f1o como Canciller de M\u00e9xico. El mejor, sin duda. Aplaudo la congruencia al separarse del cargo p\u00fablico para no mezclar temas de Estado con partidistas. Siempre he agradecido la invitaci\u00f3n que me permiti\u00f3 llegar a la 4T. <a href=\"https:\/\/t.co\/IIWk4yIWG8\">pic.twitter.com\/IIWk4yIWG8<\/a><\/p>&mdash; Santiago Nieto (@SNietoCastillo) <a href=\"https:\/\/twitter.com\/SNietoCastillo\/status\/1666244300034953216?ref_src=twsrc%5Etfw\">June 7, 2023<\/a><\/blockquote><script async src=\"https:\/\/platform.twitter.com\/widgets.js\" charset=\"utf-8\"><\/script>\n<\/div><\/figure>\n\n\n\n<p>Roberto Madrazo, exgobernador de Tabasco y excandidato presidencial de 2006, acus\u00f3 que Morena le tiene miedo a la oposici\u00f3n.<\/p>\n\n\n\n<p>\u201cAnoche se reuni\u00f3 el c\u00f3nclave y hoy Marcelo Ebrard renunci\u00f3 a la SRE para buscar la candidatura por Morena. Se vienen m\u00e1s renuncias. AMLO no quiere dividir a Morena, le tiene miedo a la oposici\u00f3n\u201d, dijo Madrazo.<\/p>\n\n\n\n<figure class=\"wp-block-embed is-type-rich is-provider-twitter wp-block-embed-twitter\"><div class=\"wp-block-embed__wrapper\">\n<blockquote class=\"twitter-tweet\" data-width=\"500\" data-dnt=\"true\"><p lang=\"es\" dir=\"ltr\">Anoche se reuni\u00f3 el c\u00f3nclave y hoy <a href=\"https:\/\/twitter.com\/m_ebrard?ref_src=twsrc%5Etfw\">@m_ebrard<\/a> renunci\u00f3 a la SRE para buscar la candidatura por <a href=\"https:\/\/twitter.com\/hashtag\/Morena?src=hash&amp;ref_src=twsrc%5Etfw\">#Morena<\/a>. Se vienen m\u00e1s renuncias.<br><br>AMLO no quiere dividir a Morena, le tiene miedo a la <a href=\"https:\/\/twitter.com\/hashtag\/oposici%C3%B3n?src=hash&amp;ref_src=twsrc%5Etfw\">#oposici\u00f3n<\/a>.<\/p>&mdash; Roberto Madrazo (@RobertoMadrazo_) <a href=\"https:\/\/twitter.com\/RobertoMadrazo_\/status\/1666250692162637824?ref_src=twsrc%5Etfw\">June 7, 2023<\/a><\/blockquote><script async src=\"https:\/\/platform.twitter.com\/widgets.js\" charset=\"utf-8\"><\/script>\n<\/div><\/figure>\n\n\n\n<p>Rosario Robles, exsecretaria de Desarrollo Social y exsecretaria de Desarrollo Agrario, Territorial y Urbano, destac\u00f3 que la decisi\u00f3n de Ebrard puso a las \u201ccorcholatas\u201d en una situaci\u00f3n inc\u00f3moda.<\/p>\n\n\n\n<p>\u201cAudaz y congruente. Marcelo Ebrard anuncia que renunciar\u00e1 a la SRE para buscar candidatura de Morena. Coloca a los otros contendientes en situaci\u00f3n inc\u00f3moda. Sobre todo a quien depende literalmente del puesto, porque sin el cargo no es nada\u201d, destac\u00f3 Robles.<\/p>\n\n\n\n<figure class=\"wp-block-embed is-type-rich is-provider-twitter wp-block-embed-twitter\"><div class=\"wp-block-embed__wrapper\">\n<blockquote class=\"twitter-tweet\" data-width=\"500\" data-dnt=\"true\"><p lang=\"es\" dir=\"ltr\">Audaz  y congruente <a href=\"https:\/\/twitter.com\/m_ebrard?ref_src=twsrc%5Etfw\">@m_ebrard<\/a>  anuncia que renunciar\u00e1 a la <a href=\"https:\/\/twitter.com\/SRE_mx?ref_src=twsrc%5Etfw\">@SRE_mx<\/a> para buscar candidatura de MoReNa. Coloca a los otros contendientes en situaci\u00f3n inc\u00f3moda. Sobre todo a quien depende literalmente del puesto, porque sin el cargo no es nada<\/p>&mdash; Rosario Robles (@Rosario_Robles_) <a href=\"https:\/\/twitter.com\/Rosario_Robles_\/status\/1666235767159418882?ref_src=twsrc%5Etfw\">June 7, 2023<\/a><\/blockquote><script async src=\"https:\/\/platform.twitter.com\/widgets.js\" charset=\"utf-8\"><\/script>\n<\/div><\/figure>\n\n\n\n<p>La pol\u00edtica Martha Delgado destac\u00f3 que durante la campa\u00f1a de Ebrard se escuchar\u00e1 a la ciudadan\u00eda para comprender sus necesidades.<\/p>\n\n\n\n<p>\u201cMe siento emocionada de apoyar a Marcelo Ebrard en este nuevo camino hacia la grandeza de M\u00e9xico. Escucharemos a los ciudadanos para comprender sus necesidades y aseguraremos un proceso equitativo, transparente y claro. Tengo confianza en que todo saldr\u00e1 bien. \u00a1Sonr\u00edan porque vamos a ganar la encuesta! #ConMarceloS\u00ed\u201d, dijo Delgado.<\/p>\n\n\n\n<figure class=\"wp-block-embed is-type-rich is-provider-twitter wp-block-embed-twitter\"><div class=\"wp-block-embed__wrapper\">\n<blockquote class=\"twitter-tweet\" data-width=\"500\" data-dnt=\"true\"><p lang=\"es\" dir=\"ltr\">Me siento emocionada de apoyar a Marcelo Ebrard en este nuevo camino hacia la grandeza de M\u00e9xico. Escucharemos a los ciudadanos para comprender sus necesidades y aseguraremos un proceso equitativo, transparente y claro. Tengo confianza en que todo saldr\u00e1 bien. \u00a1Sonr\u00edan porque\u2026 <a href=\"https:\/\/t.co\/FZUdlQISbI\">pic.twitter.com\/FZUdlQISbI<\/a><\/p>&mdash; Martha Delgado (@marthadelgado) <a href=\"https:\/\/twitter.com\/marthadelgado\/status\/1666252028073451521?ref_src=twsrc%5Etfw\">June 7, 2023<\/a><\/blockquote><script async src=\"https:\/\/platform.twitter.com\/widgets.js\" charset=\"utf-8\"><\/script>\n<\/div><\/figure>\n\n\n\n<p>Fuente: <a href=\"https:\/\/la-lista.com\/politica\/2023\/06\/06\/de-santiago-nieto-a-rosario-robles-las-reacciones-a-renuncia-de-ebrard-con-miras-a-2024\">https:\/\/la-lista.com\/politica\/2023\/06\/06\/de-santiago-nieto-a-rosario-robles-las-reacciones-a-renuncia-de-ebrard-con-miras-a-2024<\/a><\/p>\n","protected":false},"excerpt":{"rendered":"<p>La decisi\u00f3n del a\u00fan canciller Marcelo Ebrard provoc\u00f3 reacciones entre algunos pol\u00edticos. REDACCI\u00d3N LA-LISTA Marcelo Ebrard, titular de la Secretar\u00eda [&hellip;]<\/p>\n","protected":false},"author":1,"featured_media":52694,"comment_status":"open","ping_status":"open","sticky":false,"template":"","format":"standard","meta":{"site-sidebar-layout":"default","site-content-layout":"","ast-site-content-layout":"default","site-content-style":"default","site-sidebar-style":"default","ast-global-header-display":"","ast-banner-title-visibility":"","ast-main-header-display":"","ast-hfb-above-header-display":"","ast-hfb-below-header-display":"","ast-hfb-mobile-header-display":"","site-post-title":"","ast-breadcrumbs-content":"","ast-featured-img":"","footer-sml-layout":"","theme-transparent-header-meta":"","adv-header-id-meta":"","stick-header-meta":"","header-above-stick-meta":"","header-main-stick-meta":"","header-below-stick-meta":"","astra-migrate-meta-layouts":"default","ast-page-background-enabled":"default","ast-page-background-meta":{"desktop":{"background-color":"var(--ast-global-color-4)","background-image":"","background-repeat":"repeat","background-position":"center center","background-size":"auto","background-attachment":"scroll","background-type":"","background-media":"","overlay-type":"","overlay-color":"","overlay-opacity":"","overlay-gradient":""},"tablet":{"background-color":"","background-image":"","background-repeat":"repeat","background-position":"center center","background-size":"auto","background-attachment":"scroll","background-type":"","background-media":"","overlay-type":"","overlay-color":"","overlay-opacity":"","overlay-gradient":""},"mobile":{"background-color":"","background-image":"","background-repeat":"repeat","background-position":"center center","background-size":"auto","background-attachment":"scroll","background-type":"","background-media":"","overlay-type":"","overlay-color":"","overlay-opacity":"","overlay-gradient":""}},"ast-content-background-meta":{"desktop":{"background-color":"var(--ast-global-color-5)","background-image":"","background-repeat":"repeat","background-position":"center center","background-size":"auto","background-attachment":"scroll","background-type":"","background-media":"","overlay-type":"","overlay-color":"","overlay-opacity":"","overlay-gradient":""},"tablet":{"background-color":"var(--ast-global-color-5)","background-image":"","background-repeat":"repeat","background-position":"center center","background-size":"auto","background-attachment":"scroll","background-type":"","background-media":"","overlay-type":"","overlay-color":"","overlay-opacity":"","overlay-gradient":""},"mobile":{"background-color":"var(--ast-global-color-5)","background-image":"","background-repeat":"repeat","background-position":"center center","background-size":"auto","background-attachment":"scroll","background-type":"","background-media":"","overlay-type":"","overlay-color":"","overlay-opacity":"","overlay-gradient":""}},"footnotes":""},"categories":[8],"tags":[11024,645,4120,247],"class_list":["post-52693","post","type-post","status-publish","format-standard","has-post-thumbnail","hentry","category-noticias","tag-corcholatas","tag-marcelo-ebrard","tag-mexico-2024","tag-morena"],"_links":{"self":[{"href":"https:\/\/losperiodistas.com.mx\/portal\/wp-json\/wp\/v2\/posts\/52693","targetHints":{"allow":["GET"]}}],"collection":[{"href":"https:\/\/losperiodistas.com.mx\/portal\/wp-json\/wp\/v2\/posts"}],"about":[{"href":"https:\/\/losperiodistas.com.mx\/portal\/wp-json\/wp\/v2\/types\/post"}],"author":[{"embeddable":true,"href":"https:\/\/losperiodistas.com.mx\/portal\/wp-json\/wp\/v2\/users\/1"}],"replies":[{"embeddable":true,"href":"https:\/\/losperiodistas.com.mx\/portal\/wp-json\/wp\/v2\/comments?post=52693"}],"version-history":[{"count":1,"href":"https:\/\/losperiodistas.com.mx\/portal\/wp-json\/wp\/v2\/posts\/52693\/revisions"}],"predecessor-version":[{"id":52695,"href":"https:\/\/losperiodistas.com.mx\/portal\/wp-json\/wp\/v2\/posts\/52693\/revisions\/52695"}],"wp:featuredmedia":[{"embeddable":true,"href":"https:\/\/losperiodistas.com.mx\/portal\/wp-json\/wp\/v2\/media\/52694"}],"wp:attachment":[{"href":"https:\/\/losperiodistas.com.mx\/portal\/wp-json\/wp\/v2\/media?parent=52693"}],"wp:term":[{"taxonomy":"category","embeddable":true,"href":"https:\/\/losperiodistas.com.mx\/portal\/wp-json\/wp\/v2\/categories?post=52693"},{"taxonomy":"post_tag","embeddable":true,"href":"https:\/\/losperiodistas.com.mx\/portal\/wp-json\/wp\/v2\/tags?post=52693"}],"curies":[{"name":"wp","href":"https:\/\/api.w.org\/{rel}","templated":true}]}}