{"id":52672,"date":"2023-06-06T22:47:44","date_gmt":"2023-06-07T03:47:44","guid":{"rendered":"http:\/\/losperiodistas.com.mx\/portal\/?p=52672"},"modified":"2023-06-06T22:47:46","modified_gmt":"2023-06-07T03:47:46","slug":"presentara-marcelo-ebrard-su-renuncia-a-sre-el-proximo-lunes-la-jornada","status":"publish","type":"post","link":"https:\/\/losperiodistas.com.mx\/portal\/presentara-marcelo-ebrard-su-renuncia-a-sre-el-proximo-lunes-la-jornada\/","title":{"rendered":"Presentar\u00e1 Marcelo Ebrard su renuncia a SRE el pr\u00f3ximo lunes | La Jornada"},"content":{"rendered":"\n<div class=\"wp-block-image\"><figure class=\"aligncenter size-full is-resized\"><img fetchpriority=\"high\" decoding=\"async\" src=\"https:\/\/losperiodistas.com.mx\/portal\/wp-content\/uploads\/2023\/06\/image_preview.jpeg\" alt=\"\" class=\"wp-image-52673\" width=\"638\" height=\"425\" srcset=\"https:\/\/losperiodistas.com.mx\/portal\/wp-content\/uploads\/2023\/06\/image_preview.jpeg 425w, https:\/\/losperiodistas.com.mx\/portal\/wp-content\/uploads\/2023\/06\/image_preview-300x200.jpeg 300w\" sizes=\"(max-width: 638px) 100vw, 638px\" \/><figcaption><strong>El canciller Marcelo Ebrard durante la conferencia de prensa de esta tarde.\u00a0Foto Cuartoscuro<\/strong><\/figcaption><\/figure><\/div>\n\n\n\n<p class=\"has-vivid-red-color has-text-color has-medium-font-size\"><strong>ARTURO S\u00c1NCHEZ JIM\u00c9NEZ \/ LA JORNADA<\/strong><\/p>\n\n\n\n<p><em>Ciudad de M\u00e9xico.<\/em>&nbsp;Marcelo Ebrard anunci\u00f3 este martes que presentar\u00e1 su renuncia como secretario de Relaciones Exteriores el pr\u00f3ximo lunes 12 de junio para dedicarse de lleno a sus aspiraciones presidenciales.PUBLICIDAD<\/p>\n\n\n\n<p>En un mensaje a los medios de comunicaci\u00f3n en el hotel Hilton de la Ciudad de M\u00e9xico, agradeci\u00f3 al presidente Andr\u00e9s Manuel L\u00f3pez Obrador \u00absu confianza todos estos a\u00f1os\u201d y dijo que as\u00ed seguir\u00e1 en el futuro.<\/p>\n\n\n\n<p>Rodeado de simpatizantes que coreaban \u201cvamos a ganar, vamos a ganar\u00bb, Ebrard dijo que buscar\u00e1 enfocarse a partir de la semana entrante \u00abcon alegr\u00eda y resoluci\u00f3n a defender el proyecto que encabeza nuestro presidente Andr\u00e9s Manuel L\u00f3pez Obrador\u00bb.<\/p>\n\n\n\n<p>Ebrard hizo oficial esta decisi\u00f3n que era esperada dentro y fuera de la Canciller\u00eda desde hac\u00eda semanas o meses. En un sal\u00f3n del Hotel Hilton de la Ciudad de M\u00e9xico, a unos pasos de la sede de la Secretar\u00eda de Relaciones Exteriores (SRE), y acompa\u00f1ado de legisladores morenistas, como Mal\u00fa Micher, ex funcionarios como el ex titular de la Unidad de Inteligencia Financiera, Santiago Nieto Castillo, y ex integrantes de su equipo en la Canciller\u00eda, como Martha Delgado Peralta, Ebrard asegur\u00f3 que desde la pr\u00f3xima semana su prop\u00f3sito ser\u00e1 \u201cdedicarme de lleno con alegr\u00eda y resoluci\u00f3n a defender el proyecto que encabeza nuestro presidente Andr\u00e9s Manuel L\u00f3pez Obrador en toda la Rep\u00fablica Mexicana, las pol\u00edticas y avances de la Cuarta Transformaci\u00f3n, y tambi\u00e9n las propuestas sobre su futuro y c\u00f3mo mantener la Cuarta Transformaci\u00f3n no solo en la conducci\u00f3n de M\u00e9xico, sino en el \u00e1nimo y la conciencia de las y los mexicanos\u201d.<\/p>\n\n\n\n<p>Pero antes de dar a conocer que dejar\u00e1 el cargo, Ebrard dedic\u00f3 unas palabras a despejar cualquier duda sobre el camino que seguir\u00e1: \u201cMorena es un gran movimiento que crece cada d\u00eda, uno que lucha por la regeneraci\u00f3n de la vida p\u00fablica, la democracia y justicia social en M\u00e9xico. Como lo he hecho siempre, desde hace ya m\u00e1s de veinte a\u00f1os, tambi\u00e9n en esta hora trabajar\u00e9 por la unidad, la fortaleza y la continuidad del movimiento del que formo parte\u201d, dijo en un mensaje a los medios de comunicaci\u00f3n en el que no hubo espacios para preguntas y que fue interrumpido constantemente por los gritos de \u201cMarcelo, Marcelo\u201d y \u201cVamos a ganar\u201d de sus simpatizantes.<\/p>\n\n\n\n<p>En un cuidado discurso que abri\u00f3 reiterando sus felicitaciones a Delfina G\u00f3mez por su triunfo electoral del domingo y el cual pronunci\u00f3 consultando constantemente unas notas que tra\u00eda en las manos, Ebrard se refiri\u00f3 constantemente al presidente L\u00f3pez Obrador, a quien expres\u00f3 su agradecimiento y afirm\u00f3 que defender\u00e1 el proyecto de transformaci\u00f3n que encabeza.<\/p>\n\n\n\n<p>\u201cQuiero agradecer muy especialmente al presidente L\u00f3pez Obrador su respaldo, su confianza, su generosidad, su orientaci\u00f3n y su cercan\u00eda todos estos a\u00f1os, y as\u00ed seguiremos los a\u00f1os por venir\u201d, asegur\u00f3.<\/p>\n\n\n\n<p>\u201cGracias a ese proceso de transformaci\u00f3n, en el que he vivido tambi\u00e9n el privilegio de acompa\u00f1ar al presidente L\u00f3pez Obrador, hoy podemos plantearnos que M\u00e9xico alcance su grandeza, que se erradique la pobreza extrema, que se instale para siempre y permanezca la separaci\u00f3n entre los intereses y el espacio y las decisiones p\u00fablicas, y que estemos orgullosas y orgullosos de nuestro movimiento, y que el d\u00eda de ma\u00f1ana digamos que aquella fue nuestra hora mejor, cuando M\u00e9xico alcanz\u00f3 su grandeza\u201d, exclam\u00f3.<\/p>\n\n\n\n<p>El d\u00eda de hoy les digo: me entusiasma participar en este gran movimiento, Morena; me entusiasma y me enorgullezco de ser parte de la Cuarta Transformaci\u00f3n y tambi\u00e9n me entusiasma actuar con congruencia respecto a lo que hemos propuesto. Por eso me separo del cargo y voy a encontrarme con las ciudadanas y ciudadanos\u201d, dijo Ebrard.<\/p>\n\n\n\n<p>Expres\u00f3 su confianza en el que domingo que viene cuando el Consejo Nacional de Morena se re\u00fana para definir la convocatoria y las reglas para la designaci\u00f3n de su abanderado presidencial, se concretar\u00e1 \u201cuna propuesta unitaria, en la que coincidamos que garantice equidad, transparencia y reglas claras porque nuestro movimiento tiene y sostendr\u00e1 y defender\u00e1 su autoridad moral\u201d.<\/p>\n\n\n\n<p>Dijo que est\u00e1 \u201cmuy contento\u201d porque ve con claridad que el Consejo adoptar\u00e1 \u201clas propuestas que hicimos desde diciembre del a\u00f1o pasado\u201d: que los aspirantes a la candidatura se separen de sus cargos p\u00fablicos \u201cpara que haya equidad en el proceso interno\u201d, que expongan y contrasten en p\u00fablico sus propuestas y que la encuesta a realizarse sea amplia, transparente y verificable, idealmente con una sola pregunta.<\/p>\n\n\n\n<p>Fuente: <a href=\"https:\/\/www.jornada.com.mx\/notas\/2023\/06\/06\/politica\/presentara-marcelo-ebrard-su-renuncia-a-sre-el-proximo-lunes\/?from=homeonline&amp;block=primeraojeada\">https:\/\/www.jornada.com.mx\/notas\/2023\/06\/06\/politica\/presentara-marcelo-ebrard-su-renuncia-a-sre-el-proximo-lunes\/?from=homeonline&amp;block=primeraojeada<\/a><\/p>\n","protected":false},"excerpt":{"rendered":"<p>ARTURO S\u00c1NCHEZ JIM\u00c9NEZ \/ LA JORNADA Ciudad de M\u00e9xico.&nbsp;Marcelo Ebrard anunci\u00f3 este martes que presentar\u00e1 su renuncia como secretario de [&hellip;]<\/p>\n","protected":false},"author":1,"featured_media":52673,"comment_status":"open","ping_status":"open","sticky":false,"template":"","format":"standard","meta":{"site-sidebar-layout":"default","site-content-layout":"","ast-site-content-layout":"default","site-content-style":"default","site-sidebar-style":"default","ast-global-header-display":"","ast-banner-title-visibility":"","ast-main-header-display":"","ast-hfb-above-header-display":"","ast-hfb-below-header-display":"","ast-hfb-mobile-header-display":"","site-post-title":"","ast-breadcrumbs-content":"","ast-featured-img":"","footer-sml-layout":"","theme-transparent-header-meta":"","adv-header-id-meta":"","stick-header-meta":"","header-above-stick-meta":"","header-main-stick-meta":"","header-below-stick-meta":"","astra-migrate-meta-layouts":"default","ast-page-background-enabled":"default","ast-page-background-meta":{"desktop":{"background-color":"var(--ast-global-color-4)","background-image":"","background-repeat":"repeat","background-position":"center center","background-size":"auto","background-attachment":"scroll","background-type":"","background-media":"","overlay-type":"","overlay-color":"","overlay-opacity":"","overlay-gradient":""},"tablet":{"background-color":"","background-image":"","background-repeat":"repeat","background-position":"center center","background-size":"auto","background-attachment":"scroll","background-type":"","background-media":"","overlay-type":"","overlay-color":"","overlay-opacity":"","overlay-gradient":""},"mobile":{"background-color":"","background-image":"","background-repeat":"repeat","background-position":"center center","background-size":"auto","background-attachment":"scroll","background-type":"","background-media":"","overlay-type":"","overlay-color":"","overlay-opacity":"","overlay-gradient":""}},"ast-content-background-meta":{"desktop":{"background-color":"var(--ast-global-color-5)","background-image":"","background-repeat":"repeat","background-position":"center center","background-size":"auto","background-attachment":"scroll","background-type":"","background-media":"","overlay-type":"","overlay-color":"","overlay-opacity":"","overlay-gradient":""},"tablet":{"background-color":"var(--ast-global-color-5)","background-image":"","background-repeat":"repeat","background-position":"center center","background-size":"auto","background-attachment":"scroll","background-type":"","background-media":"","overlay-type":"","overlay-color":"","overlay-opacity":"","overlay-gradient":""},"mobile":{"background-color":"var(--ast-global-color-5)","background-image":"","background-repeat":"repeat","background-position":"center center","background-size":"auto","background-attachment":"scroll","background-type":"","background-media":"","overlay-type":"","overlay-color":"","overlay-opacity":"","overlay-gradient":""}},"footnotes":""},"categories":[8],"tags":[5743,645,247],"class_list":["post-52672","post","type-post","status-publish","format-standard","has-post-thumbnail","hentry","category-noticias","tag-elecciones-mexico-2024","tag-marcelo-ebrard","tag-morena"],"_links":{"self":[{"href":"https:\/\/losperiodistas.com.mx\/portal\/wp-json\/wp\/v2\/posts\/52672","targetHints":{"allow":["GET"]}}],"collection":[{"href":"https:\/\/losperiodistas.com.mx\/portal\/wp-json\/wp\/v2\/posts"}],"about":[{"href":"https:\/\/losperiodistas.com.mx\/portal\/wp-json\/wp\/v2\/types\/post"}],"author":[{"embeddable":true,"href":"https:\/\/losperiodistas.com.mx\/portal\/wp-json\/wp\/v2\/users\/1"}],"replies":[{"embeddable":true,"href":"https:\/\/losperiodistas.com.mx\/portal\/wp-json\/wp\/v2\/comments?post=52672"}],"version-history":[{"count":1,"href":"https:\/\/losperiodistas.com.mx\/portal\/wp-json\/wp\/v2\/posts\/52672\/revisions"}],"predecessor-version":[{"id":52674,"href":"https:\/\/losperiodistas.com.mx\/portal\/wp-json\/wp\/v2\/posts\/52672\/revisions\/52674"}],"wp:featuredmedia":[{"embeddable":true,"href":"https:\/\/losperiodistas.com.mx\/portal\/wp-json\/wp\/v2\/media\/52673"}],"wp:attachment":[{"href":"https:\/\/losperiodistas.com.mx\/portal\/wp-json\/wp\/v2\/media?parent=52672"}],"wp:term":[{"taxonomy":"category","embeddable":true,"href":"https:\/\/losperiodistas.com.mx\/portal\/wp-json\/wp\/v2\/categories?post=52672"},{"taxonomy":"post_tag","embeddable":true,"href":"https:\/\/losperiodistas.com.mx\/portal\/wp-json\/wp\/v2\/tags?post=52672"}],"curies":[{"name":"wp","href":"https:\/\/api.w.org\/{rel}","templated":true}]}}