{"id":5266,"date":"2021-03-06T09:01:57","date_gmt":"2021-03-06T15:01:57","guid":{"rendered":"http:\/\/losperiodistas.com.mx\/portal\/?p=5266"},"modified":"2021-03-06T09:01:59","modified_gmt":"2021-03-06T15:01:59","slug":"el-militar-detras-de-la-decisiones-de-amlo-garcia-soto-aseguro-que-un-amigo-del-presidente-es-el-autentico-jefe-de-la-milicia-nacional-infobae","status":"publish","type":"post","link":"https:\/\/losperiodistas.com.mx\/portal\/el-militar-detras-de-la-decisiones-de-amlo-garcia-soto-aseguro-que-un-amigo-del-presidente-es-el-autentico-jefe-de-la-milicia-nacional-infobae\/","title":{"rendered":"El militar detr\u00e1s de la decisiones de AMLO: Garc\u00eda Soto asegur\u00f3 que un amigo del Presidente es el \u201caut\u00e9ntico jefe de la milicia nacional\u201d | Infobae"},"content":{"rendered":"\n<p style=\"font-size:18px\"><em>De acuerdo con el periodista, se trata de un general retirado, con quien tiene una amistad desde hace d\u00e9cadas<\/em><\/p>\n\n\n\n<p class=\"has-vivid-cyan-blue-color has-text-color has-medium-font-size\">INFOBAE<\/p>\n\n\n\n<p><strong>La estrategia de inteligencia y seguridad del gobierno federal, la cual se ha militarizado de manera in\u00e9dita en M\u00e9xico<\/strong>, est\u00e1 en manos de una persona muy cercana al presidente Andr\u00e9s Manuel L\u00f3pez Obrador, sobre quien tiene una enorme influencia.<\/p>\n\n\n\n<p>De acuerdo con el periodista Salvador Garc\u00eda Soto en su columna que publica en&nbsp;<em>El Universal<\/em>, se trata de un general retirado llamado<strong>&nbsp;Audomaro Mart\u00ednez Zapata<\/strong>, y quien asegura,&nbsp;<strong>\u201ces el verdadero cerebro detr\u00e1s de la militarizaci\u00f3n de la vida p\u00fablica en M\u00e9xico y funge, de facto, como el aut\u00e9ntico jefe de la milicia nacional\u201d<\/strong>.<\/p>\n\n\n\n<p>El columnista destac\u00f3 que Audomaro Mart\u00ednez fue el director del nuevo Centro Nacional de Inteligencia (antes CISEN) y quien&nbsp;<strong>recomend\u00f3 e impuls\u00f3 al actual secretario de la Defensa Nacional, general Luis Crescencio Sandoval y al secretario de Marina, Jos\u00e9 Rafael Ojeda<\/strong>.<\/p>\n\n\n\n<p><strong>\u201cPor su influencia y recomendaci\u00f3n el presidente L\u00f3pez Obrador rompi\u00f3 con las l\u00edneas de sucesi\u00f3n hist\u00f3ricas en el Ej\u00e9rcito y la Armada de M\u00e9xico para colocar al mando a dos militares cercanos a Audomaro y por lo tanto incondicionales al proyecto de la llamada \u2018Cuarta Transformaci\u00f3n\u2019\u201d<\/strong>, asegur\u00f3.<img fetchpriority=\"high\" decoding=\"async\" alt=\"Foto de archivo\/ REUTERS\/Daniel Becerril\" height=\"533\" width=\"800\" src=\"https:\/\/www.infobae.com\/new-resizer\/m13AHGdASqx075qF3UXK-1E0ZPA=\/420x280\/filters:format(jpg):quality(85)\/cloudfront-us-east-1.images.arcpublishing.com\/infobae\/DQKJPK7IPM5FBLHNUPSJ6MC7W4.jpg\" srcset=\"https:\/\/www.infobae.com\/new-resizer\/m13AHGdASqx075qF3UXK-1E0ZPA=\/420x280\/filters:format(jpg):quality(85)\/cloudfront-us-east-1.images.arcpublishing.com\/infobae\/DQKJPK7IPM5FBLHNUPSJ6MC7W4.jpg 420w,https:\/\/www.infobae.com\/new-resizer\/6cGUGg8mmUjFLLRPCo-Cg1VvESI=\/768x512\/filters:format(jpg):quality(85)\/cloudfront-us-east-1.images.arcpublishing.com\/infobae\/DQKJPK7IPM5FBLHNUPSJ6MC7W4.jpg 768w,https:\/\/www.infobae.com\/new-resizer\/UNkOawQ4DJi6OsV7KVe77NuQEXY=\/992x661\/filters:format(jpg):quality(85)\/cloudfront-us-east-1.images.arcpublishing.com\/infobae\/DQKJPK7IPM5FBLHNUPSJ6MC7W4.jpg 992w,https:\/\/www.infobae.com\/new-resizer\/UJUl_G64xcyt_OO_cfP4nmkL1aQ=\/1200x800\/filters:format(jpg):quality(85)\/cloudfront-us-east-1.images.arcpublishing.com\/infobae\/DQKJPK7IPM5FBLHNUPSJ6MC7W4.jpg 1200w\">Foto de archivo\/ REUTERS\/Daniel Becerril<\/p>\n\n\n\n<p>El periodista enfatiz\u00f3 que&nbsp;<strong>Audomaro Mart\u00ednez Zapata tiene una larga y s\u00f3lida relaci\u00f3n pol\u00edtica y de amistad con L\u00f3pez Obrador<\/strong>. \u201cDesde sus tiempos en que coincidieron en Tabasco trabaron una relaci\u00f3n que permaneci\u00f3 a trav\u00e9s de los a\u00f1os; ya eran amigos durante la \u00e9poca en que Andr\u00e9s Manuel abandon\u00f3 al PRI y se convirti\u00f3 en un l\u00edder opositor y candidato presidencial primero con el PRD y luego con Morena, y la amistad se hizo patente cuando su paisano tabasque\u00f1o lo recomend\u00f3 con Arturo N\u00fa\u00f1ez para que lo nombrara secretario de Seguridad de Tabasco\u201d, se\u00f1al\u00f3.<\/p>\n\n\n\n<p>Salvador Garc\u00eda Soto apunt\u00f3 que luego del triunfo de L\u00f3pez Obrador en las urnas en el 2018, el general Mart\u00ednez Zapata se convirti\u00f3 en el enlace y conducto entre el presidente y las c\u00fapulas castrenses del pa\u00eds. Y se\u00f1ala que desde la campa\u00f1a presidencial,&nbsp;<strong>\u201cAudomaro fue fundamental para que las tropas y mandos medios del Ej\u00e9rcito y la Marina se convirtieran en reservorios de votos para el candidato de Morena y una vez en el poder, el militar tabasque\u00f1o se encarg\u00f3 de consolidar una relaci\u00f3n que comenz\u00f3 con rispidez por los discursos antimilitares de Andr\u00e9s Manuel en campa\u00f1a, cuando repet\u00eda una y otra vez que el Ej\u00e9rcito y la Marina no deb\u00edan participar en labores de seguridad p\u00fablica y que de ganar la presidencia los regresar\u00eda a sus cuarteles\u201d<\/strong>.<\/p>\n\n\n\n<p>Pero una vez ganada la elecci\u00f3n presidencial, L\u00f3pez Obrador dio un giro radical y militariz\u00f3 el pa\u00eds. Form\u00f3 la Guardia Nacional, integrada mayoritariamente por polic\u00edas militares, y envi\u00f3 al Congreso una iniciativa de ley que establec\u00eda que en lo que resta de su sexenio, el Ej\u00e9rcito seguir\u00eda coordinando la estrategia nacional de seguridad y colaborando en las calles para tratar de pacificar el pa\u00eds y a combatir los delitos de todo tipo, desde el fuero com\u00fan hasta el narcotr\u00e1fico.<a href=\"https:\/\/mailchi.mp\/newsletter\/mexico-al-dia-mananas\"><em><strong>Todas las ma\u00f1anas en tu correo: suscr\u00edbete al newsletter de Infobae M\u00e9xico<\/strong><\/em><\/a><img decoding=\"async\" alt=\"(Foto: Cortes\u00eda Presidencia)\" height=\"853\" width=\"1280\" src=\"https:\/\/www.infobae.com\/new-resizer\/-ulXp0dI0KAersGtRkRZcAhZesU=\/420x280\/filters:format(jpg):quality(85)\/cloudfront-us-east-1.images.arcpublishing.com\/infobae\/TDBJBEIBXRH2TCJZV4DS5ECUMU.jpeg\" srcset=\"https:\/\/www.infobae.com\/new-resizer\/-ulXp0dI0KAersGtRkRZcAhZesU=\/420x280\/filters:format(jpg):quality(85)\/cloudfront-us-east-1.images.arcpublishing.com\/infobae\/TDBJBEIBXRH2TCJZV4DS5ECUMU.jpeg 420w,https:\/\/www.infobae.com\/new-resizer\/5L-SEytQBCUi_L53w9iN18IOK4I=\/768x512\/filters:format(jpg):quality(85)\/cloudfront-us-east-1.images.arcpublishing.com\/infobae\/TDBJBEIBXRH2TCJZV4DS5ECUMU.jpeg 768w,https:\/\/www.infobae.com\/new-resizer\/Eyr9-Qewg-YOzbqs9MvjHgAsObY=\/992x661\/filters:format(jpg):quality(85)\/cloudfront-us-east-1.images.arcpublishing.com\/infobae\/TDBJBEIBXRH2TCJZV4DS5ECUMU.jpeg 992w,https:\/\/www.infobae.com\/new-resizer\/8MAniUB_pl_Cok4DOm_bNRfNBTI=\/1200x800\/filters:format(jpg):quality(85)\/cloudfront-us-east-1.images.arcpublishing.com\/infobae\/TDBJBEIBXRH2TCJZV4DS5ECUMU.jpeg 1200w\">(Foto: Cortes\u00eda Presidencia)<\/p>\n\n\n\n<p><strong>\u201cEl art\u00edfice de toda esa estrategia y de mantener al Ej\u00e9rcito en las calles y a cargo de la seguridad federal, incluso ya con aprobaci\u00f3n constitucional, fue el general Audomaro. A \u00e9l puede atribu\u00edrsele el viraje de 180 grados que dio L\u00f3pez Obrador, que pas\u00f3 de ser un convencido de que la participaci\u00f3n militar no s\u00f3lo era ineficiente sino inconstitucional en la seguridad civil, a elevar a rango de la Constituci\u00f3n el control total del Ej\u00e9rcito y la Marina de la seguridad de los mexicanos. Una militarizaci\u00f3n que hoy le da a los jefes militares todo el control y el poder por sobre cualquier otra polic\u00eda y autoridad civil en el territorio nacional\u201d<\/strong>, destac\u00f3 Garc\u00eda Soto.<\/p>\n\n\n\n<p>De esta manera y siempre con el consejo de Audomaro, L\u00f3pez Obrador decidi\u00f3 entregarle a las fuerzas castrenses la construcci\u00f3n, administraci\u00f3n y operaci\u00f3n del Aeropuerto Civil \u201cFelipe \u00c1ngeles\u201d, el control del Plan Nacional de Vacunaci\u00f3n, la construcci\u00f3n de edificios para el Banco del Bienestar que reparte sus ayudas sociales, la administraci\u00f3n de los Puertos mar\u00edtimos y de las aduanas terrestres del pa\u00eds por donde se mueve no s\u00f3lo todo el comercio exterior, sino tambi\u00e9n la entrada de drogas y materias primas para la producci\u00f3n de enervantes, adem\u00e1s del tr\u00e1fico y contrabando ilegal de combustibles.<\/p>\n\n\n\n<p>El periodista concluy\u00f3 su columna asegurando que, debido a la enorme influencia que tiene sobre el presidente,&nbsp;<strong>\u201cAudomaro Mart\u00ednez Zapata es el verdadero jefe militar de M\u00e9xico. Cada ma\u00f1ana controla la informaci\u00f3n y los asuntos que debe o no debe conocer el presidente en las reuniones del gabinete de Seguridad federal; tiene tambi\u00e9n el control y la obediencia incondicional de los secretarios de Defensa, de Marina y de Seguridad y Protecci\u00f3n Ciudadana; tiene el poder de elevar o destruir a cualquiera en el gobierno y fuera de \u00e9l y es, en s\u00edntesis, el cerebro de la inteligencia y la militarizaci\u00f3n de este gobierno\u201d<\/strong>, sentenci\u00f3.<\/p>\n\n\n\n<p><strong>SEGUIR LEYENDO:<\/strong><\/p>\n\n\n\n<p>Fuente: https:\/\/www.infobae.com\/america\/mexico\/2021\/03\/06\/el-militar-detras-de-la-decisiones-de-amlo-garcia-soto-aseguro-que-un-amigo-del-presidente-es-el-autentico-jefe-de-la-milicia-nacional\/<\/p>\n","protected":false},"excerpt":{"rendered":"<p>De acuerdo con el periodista, se trata de un general retirado, con quien tiene una amistad desde hace d\u00e9cadas INFOBAE [&hellip;]<\/p>\n","protected":false},"author":1,"featured_media":5267,"comment_status":"open","ping_status":"open","sticky":false,"template":"","format":"standard","meta":{"site-sidebar-layout":"default","site-content-layout":"","ast-site-content-layout":"default","site-content-style":"default","site-sidebar-style":"default","ast-global-header-display":"","ast-banner-title-visibility":"","ast-main-header-display":"","ast-hfb-above-header-display":"","ast-hfb-below-header-display":"","ast-hfb-mobile-header-display":"","site-post-title":"","ast-breadcrumbs-content":"","ast-featured-img":"","footer-sml-layout":"","theme-transparent-header-meta":"","adv-header-id-meta":"","stick-header-meta":"","header-above-stick-meta":"","header-main-stick-meta":"","header-below-stick-meta":"","astra-migrate-meta-layouts":"default","ast-page-background-enabled":"default","ast-page-background-meta":{"desktop":{"background-color":"var(--ast-global-color-4)","background-image":"","background-repeat":"repeat","background-position":"center center","background-size":"auto","background-attachment":"scroll","background-type":"","background-media":"","overlay-type":"","overlay-color":"","overlay-opacity":"","overlay-gradient":""},"tablet":{"background-color":"","background-image":"","background-repeat":"repeat","background-position":"center center","background-size":"auto","background-attachment":"scroll","background-type":"","background-media":"","overlay-type":"","overlay-color":"","overlay-opacity":"","overlay-gradient":""},"mobile":{"background-color":"","background-image":"","background-repeat":"repeat","background-position":"center center","background-size":"auto","background-attachment":"scroll","background-type":"","background-media":"","overlay-type":"","overlay-color":"","overlay-opacity":"","overlay-gradient":""}},"ast-content-background-meta":{"desktop":{"background-color":"var(--ast-global-color-5)","background-image":"","background-repeat":"repeat","background-position":"center center","background-size":"auto","background-attachment":"scroll","background-type":"","background-media":"","overlay-type":"","overlay-color":"","overlay-opacity":"","overlay-gradient":""},"tablet":{"background-color":"var(--ast-global-color-5)","background-image":"","background-repeat":"repeat","background-position":"center center","background-size":"auto","background-attachment":"scroll","background-type":"","background-media":"","overlay-type":"","overlay-color":"","overlay-opacity":"","overlay-gradient":""},"mobile":{"background-color":"var(--ast-global-color-5)","background-image":"","background-repeat":"repeat","background-position":"center center","background-size":"auto","background-attachment":"scroll","background-type":"","background-media":"","overlay-type":"","overlay-color":"","overlay-opacity":"","overlay-gradient":""}},"footnotes":""},"categories":[8],"tags":[303,301,302],"class_list":["post-5266","post","type-post","status-publish","format-standard","has-post-thumbnail","hentry","category-noticias","tag-amlo-ejercito","tag-audomaro-martinez-zapata","tag-luis-crecencio-sandoval"],"_links":{"self":[{"href":"https:\/\/losperiodistas.com.mx\/portal\/wp-json\/wp\/v2\/posts\/5266","targetHints":{"allow":["GET"]}}],"collection":[{"href":"https:\/\/losperiodistas.com.mx\/portal\/wp-json\/wp\/v2\/posts"}],"about":[{"href":"https:\/\/losperiodistas.com.mx\/portal\/wp-json\/wp\/v2\/types\/post"}],"author":[{"embeddable":true,"href":"https:\/\/losperiodistas.com.mx\/portal\/wp-json\/wp\/v2\/users\/1"}],"replies":[{"embeddable":true,"href":"https:\/\/losperiodistas.com.mx\/portal\/wp-json\/wp\/v2\/comments?post=5266"}],"version-history":[{"count":1,"href":"https:\/\/losperiodistas.com.mx\/portal\/wp-json\/wp\/v2\/posts\/5266\/revisions"}],"predecessor-version":[{"id":5268,"href":"https:\/\/losperiodistas.com.mx\/portal\/wp-json\/wp\/v2\/posts\/5266\/revisions\/5268"}],"wp:featuredmedia":[{"embeddable":true,"href":"https:\/\/losperiodistas.com.mx\/portal\/wp-json\/wp\/v2\/media\/5267"}],"wp:attachment":[{"href":"https:\/\/losperiodistas.com.mx\/portal\/wp-json\/wp\/v2\/media?parent=5266"}],"wp:term":[{"taxonomy":"category","embeddable":true,"href":"https:\/\/losperiodistas.com.mx\/portal\/wp-json\/wp\/v2\/categories?post=5266"},{"taxonomy":"post_tag","embeddable":true,"href":"https:\/\/losperiodistas.com.mx\/portal\/wp-json\/wp\/v2\/tags?post=5266"}],"curies":[{"name":"wp","href":"https:\/\/api.w.org\/{rel}","templated":true}]}}