{"id":52655,"date":"2023-06-06T07:44:27","date_gmt":"2023-06-06T12:44:27","guid":{"rendered":"http:\/\/losperiodistas.com.mx\/portal\/?p=52655"},"modified":"2023-06-06T07:44:29","modified_gmt":"2023-06-06T12:44:29","slug":"lo-que-estamos-haciendo-no-alcanza-para-ganar-jose-angel-gurria-llama-a-un-cambio-de-formula-tras-elecciones-l-d-digital","status":"publish","type":"post","link":"https:\/\/losperiodistas.com.mx\/portal\/lo-que-estamos-haciendo-no-alcanza-para-ganar-jose-angel-gurria-llama-a-un-cambio-de-formula-tras-elecciones-l-d-digital\/","title":{"rendered":"\u201cLo que estamos haciendo no alcanza para ganar\u201d, Jos\u00e9 \u00c1ngel Gurr\u00eda llama a un cambio de f\u00f3rmula tras elecciones | L-D Digital"},"content":{"rendered":"\n<p class=\"has-vivid-green-cyan-background-color has-background has-medium-font-size\">Jos\u00e9 \u00c1ngel Gurr\u00eda llam\u00f3 a los partidos y a la sociedad civil a una f\u00f3rmula en la que la ciudadan\u00eda se vea representada, as\u00ed como sus intereses<\/p>\n\n\n\n<p><\/p>\n\n\n\n<figure class=\"wp-block-image size-large is-style-default\"><img fetchpriority=\"high\" decoding=\"async\" width=\"1024\" height=\"576\" src=\"https:\/\/losperiodistas.com.mx\/portal\/wp-content\/uploads\/2023\/06\/jose-angel-gurria-1024x576.jpg\" alt=\"\" class=\"wp-image-52656\" srcset=\"https:\/\/losperiodistas.com.mx\/portal\/wp-content\/uploads\/2023\/06\/jose-angel-gurria-1024x576.jpg 1024w, https:\/\/losperiodistas.com.mx\/portal\/wp-content\/uploads\/2023\/06\/jose-angel-gurria-300x169.jpg 300w, https:\/\/losperiodistas.com.mx\/portal\/wp-content\/uploads\/2023\/06\/jose-angel-gurria-768x432.jpg 768w, https:\/\/losperiodistas.com.mx\/portal\/wp-content\/uploads\/2023\/06\/jose-angel-gurria.jpg 1200w\" sizes=\"(max-width: 1024px) 100vw, 1024px\" \/><\/figure>\n\n\n\n<p><\/p>\n\n\n\n<p class=\"has-vivid-red-color has-text-color has-medium-font-size\"><strong>L\u00d3PEZ-D\u00d3RIGA DIGITAL<\/strong><\/p>\n\n\n\n<p><strong>Jos\u00e9 \u00c1ngel Gurr\u00eda<\/strong>, exsecretario de&nbsp;<strong>Hacienda<\/strong>, comparti\u00f3 este lunes sus consideraciones sobre las elecciones celebradas en el&nbsp;<strong>Estado de M\u00e9xico<\/strong>&nbsp;y&nbsp;<strong>Coahuila<\/strong>, que se repartieron entre el&nbsp;<strong>oficialismo<\/strong>&nbsp;y la&nbsp;<strong>oposici\u00f3n<\/strong>, con los triunfos de&nbsp;<strong>Delfina G\u00f3mez<\/strong>&nbsp;(Morena-PT-PVEM) y&nbsp;<strong>Manolo Jim\u00e9nez<\/strong>&nbsp;(PRI-PAN-PRD).<\/p>\n\n\n\n<p>En un breve comunicado, Gurr\u00eda Trevi\u00f1o consider\u00f3 obligatorio un \u201cejercicio cr\u00edtico y anal\u00edtico de lo sucedido\u201d.<\/p>\n\n\n\n<figure class=\"wp-block-embed is-type-rich is-provider-twitter wp-block-embed-twitter\"><div class=\"wp-block-embed__wrapper\">\n<blockquote class=\"twitter-tweet\" data-width=\"500\" data-dnt=\"true\"><p lang=\"es\" dir=\"ltr\">Comparto mi postura con respecto de las elecciones del 4 de junio. La sociedad civil y los partidos pol\u00edticos tenemos que unirnos para buscar soluciones efectivas que promuevan la democracia y la pluralidad. <a href=\"https:\/\/t.co\/yQyCKSUx6c\">pic.twitter.com\/yQyCKSUx6c<\/a><\/p>&mdash; Jos\u00e9 \u00c1ngel Gurr\u00eda (@A_Gurria) <a href=\"https:\/\/twitter.com\/A_Gurria\/status\/1665868733003202560?ref_src=twsrc%5Etfw\">June 5, 2023<\/a><\/blockquote><script async src=\"https:\/\/platform.twitter.com\/widgets.js\" charset=\"utf-8\"><\/script>\n<\/div><\/figure>\n\n\n\n<blockquote class=\"wp-block-quote is-layout-flow wp-block-quote-is-layout-flow\"><p>Las elecciones en\u00a0<strong>Coahuila<\/strong>\u00a0y\u00a0<strong>Estado de M\u00e9xico<\/strong>\u00a0evidencian que lo que estamos haciendo no alcanza para ganar, y le toca a la\u00a0<strong>sociedad civil<\/strong>\u00a0y\u00a0<strong>partidos pol\u00edticos<\/strong>\u00a0construir una f\u00f3rmula en la que la\u00a0<strong>ciudadan\u00eda<\/strong>\u00a0se vea representada, as\u00ed como sus\u00a0<strong>intereses<\/strong>\u201c, manifest\u00f3 el exsecretario de la Organizaci\u00f3n para la Cooperaci\u00f3n y el Desarrollo Econ\u00f3micos (OCDE).<\/p><\/blockquote>\n\n\n\n<p><strong>Jos\u00e9 \u00c1ngel Gurr\u00eda\u00a0<\/strong>llam\u00f3, de cara a las elecciones de 2024, a una f\u00f3rmula en la que los liderazgos \u201cpongan a disposici\u00f3n de la ciudadan\u00eda opciones de futuro. Que puedan debatir y decidir entre un pasado que ya no resuelve o un futuro que tenemos de oportunidades\u201d.<\/p>\n\n\n\n<p>Fuente: <a href=\"https:\/\/lopezdoriga.com\/nacional\/lo-que-estamos-haciendo-no-alcanza-para-ganar-jose-angel-gurria-llama-a-un-cambio-de-formula-tras-elecciones\/\">https:\/\/lopezdoriga.com\/nacional\/lo-que-estamos-haciendo-no-alcanza-para-ganar-jose-angel-gurria-llama-a-un-cambio-de-formula-tras-elecciones\/<\/a><\/p>\n","protected":false},"excerpt":{"rendered":"<p>Jos\u00e9 \u00c1ngel Gurr\u00eda llam\u00f3 a los partidos y a la sociedad civil a una f\u00f3rmula en la que la ciudadan\u00eda [&hellip;]<\/p>\n","protected":false},"author":1,"featured_media":52656,"comment_status":"open","ping_status":"open","sticky":false,"template":"","format":"standard","meta":{"site-sidebar-layout":"default","site-content-layout":"","ast-site-content-layout":"default","site-content-style":"default","site-sidebar-style":"default","ast-global-header-display":"","ast-banner-title-visibility":"","ast-main-header-display":"","ast-hfb-above-header-display":"","ast-hfb-below-header-display":"","ast-hfb-mobile-header-display":"","site-post-title":"","ast-breadcrumbs-content":"","ast-featured-img":"","footer-sml-layout":"","theme-transparent-header-meta":"","adv-header-id-meta":"","stick-header-meta":"","header-above-stick-meta":"","header-main-stick-meta":"","header-below-stick-meta":"","astra-migrate-meta-layouts":"default","ast-page-background-enabled":"default","ast-page-background-meta":{"desktop":{"background-color":"var(--ast-global-color-4)","background-image":"","background-repeat":"repeat","background-position":"center center","background-size":"auto","background-attachment":"scroll","background-type":"","background-media":"","overlay-type":"","overlay-color":"","overlay-opacity":"","overlay-gradient":""},"tablet":{"background-color":"","background-image":"","background-repeat":"repeat","background-position":"center center","background-size":"auto","background-attachment":"scroll","background-type":"","background-media":"","overlay-type":"","overlay-color":"","overlay-opacity":"","overlay-gradient":""},"mobile":{"background-color":"","background-image":"","background-repeat":"repeat","background-position":"center center","background-size":"auto","background-attachment":"scroll","background-type":"","background-media":"","overlay-type":"","overlay-color":"","overlay-opacity":"","overlay-gradient":""}},"ast-content-background-meta":{"desktop":{"background-color":"var(--ast-global-color-5)","background-image":"","background-repeat":"repeat","background-position":"center center","background-size":"auto","background-attachment":"scroll","background-type":"","background-media":"","overlay-type":"","overlay-color":"","overlay-opacity":"","overlay-gradient":""},"tablet":{"background-color":"var(--ast-global-color-5)","background-image":"","background-repeat":"repeat","background-position":"center center","background-size":"auto","background-attachment":"scroll","background-type":"","background-media":"","overlay-type":"","overlay-color":"","overlay-opacity":"","overlay-gradient":""},"mobile":{"background-color":"var(--ast-global-color-5)","background-image":"","background-repeat":"repeat","background-position":"center center","background-size":"auto","background-attachment":"scroll","background-type":"","background-media":"","overlay-type":"","overlay-color":"","overlay-opacity":"","overlay-gradient":""}},"footnotes":""},"categories":[8],"tags":[6298,4013,14660],"class_list":["post-52655","post","type-post","status-publish","format-standard","has-post-thumbnail","hentry","category-noticias","tag-jose-angel-gurria","tag-partidos-politicos-mexico","tag-va-por-mexico-2024"],"_links":{"self":[{"href":"https:\/\/losperiodistas.com.mx\/portal\/wp-json\/wp\/v2\/posts\/52655","targetHints":{"allow":["GET"]}}],"collection":[{"href":"https:\/\/losperiodistas.com.mx\/portal\/wp-json\/wp\/v2\/posts"}],"about":[{"href":"https:\/\/losperiodistas.com.mx\/portal\/wp-json\/wp\/v2\/types\/post"}],"author":[{"embeddable":true,"href":"https:\/\/losperiodistas.com.mx\/portal\/wp-json\/wp\/v2\/users\/1"}],"replies":[{"embeddable":true,"href":"https:\/\/losperiodistas.com.mx\/portal\/wp-json\/wp\/v2\/comments?post=52655"}],"version-history":[{"count":1,"href":"https:\/\/losperiodistas.com.mx\/portal\/wp-json\/wp\/v2\/posts\/52655\/revisions"}],"predecessor-version":[{"id":52657,"href":"https:\/\/losperiodistas.com.mx\/portal\/wp-json\/wp\/v2\/posts\/52655\/revisions\/52657"}],"wp:featuredmedia":[{"embeddable":true,"href":"https:\/\/losperiodistas.com.mx\/portal\/wp-json\/wp\/v2\/media\/52656"}],"wp:attachment":[{"href":"https:\/\/losperiodistas.com.mx\/portal\/wp-json\/wp\/v2\/media?parent=52655"}],"wp:term":[{"taxonomy":"category","embeddable":true,"href":"https:\/\/losperiodistas.com.mx\/portal\/wp-json\/wp\/v2\/categories?post=52655"},{"taxonomy":"post_tag","embeddable":true,"href":"https:\/\/losperiodistas.com.mx\/portal\/wp-json\/wp\/v2\/tags?post=52655"}],"curies":[{"name":"wp","href":"https:\/\/api.w.org\/{rel}","templated":true}]}}