{"id":52649,"date":"2023-06-06T07:18:23","date_gmt":"2023-06-06T12:18:23","guid":{"rendered":"http:\/\/losperiodistas.com.mx\/portal\/?p=52649"},"modified":"2023-06-06T07:18:25","modified_gmt":"2023-06-06T12:18:25","slug":"la-oposicion-sin-candidato-o-proyecto-para-2024-marco-arellano-el-independiente","status":"publish","type":"post","link":"https:\/\/losperiodistas.com.mx\/portal\/la-oposicion-sin-candidato-o-proyecto-para-2024-marco-arellano-el-independiente\/","title":{"rendered":"La oposici\u00f3n sin candidato o proyecto para 2024: Marco Arellano\u00a0| El Independiente"},"content":{"rendered":"\n<figure class=\"wp-block-image size-large is-style-default\"><img fetchpriority=\"high\" decoding=\"async\" width=\"1024\" height=\"1024\" src=\"https:\/\/losperiodistas.com.mx\/portal\/wp-content\/uploads\/2023\/06\/Captura-de-Pantalla-2023-06-06-a-las-6.14.28-1024x1024.jpg\" alt=\"\" class=\"wp-image-52650\" srcset=\"https:\/\/losperiodistas.com.mx\/portal\/wp-content\/uploads\/2023\/06\/Captura-de-Pantalla-2023-06-06-a-las-6.14.28-1024x1024.jpg 1024w, https:\/\/losperiodistas.com.mx\/portal\/wp-content\/uploads\/2023\/06\/Captura-de-Pantalla-2023-06-06-a-las-6.14.28-300x300.jpg 300w, https:\/\/losperiodistas.com.mx\/portal\/wp-content\/uploads\/2023\/06\/Captura-de-Pantalla-2023-06-06-a-las-6.14.28-150x150.jpg 150w, https:\/\/losperiodistas.com.mx\/portal\/wp-content\/uploads\/2023\/06\/Captura-de-Pantalla-2023-06-06-a-las-6.14.28-768x767.jpg 768w, https:\/\/losperiodistas.com.mx\/portal\/wp-content\/uploads\/2023\/06\/Captura-de-Pantalla-2023-06-06-a-las-6.14.28-1536x1534.jpg 1536w, https:\/\/losperiodistas.com.mx\/portal\/wp-content\/uploads\/2023\/06\/Captura-de-Pantalla-2023-06-06-a-las-6.14.28.jpg 1614w\" sizes=\"(max-width: 1024px) 100vw, 1024px\" \/><\/figure>\n\n\n\n<p><\/p>\n\n\n\n<p class=\"has-vivid-red-color has-text-color has-medium-font-size\"><strong>ARMANDO REYES VIGUERAS \/ EL INDEPENDIENTE<\/strong><\/p>\n\n\n\n<p>Luego de los comicios estatales en Coahuila y el Estado de M\u00e9xico, el an\u00e1lisis que hace para los lectores de&nbsp;<em>El Independiente,<\/em>&nbsp;en entrevista, el polit\u00f3logo Marco Arellano Toledo indica que ambas elecciones fueron \u201cun ensayo para el proyecto de la 4T en tres sentidos:<\/p>\n\n\n\n<p>\u201cLa primera es que el tipo de candidatura que llevan, es una que viene desde abajo, con dicci\u00f3n poco clara y pocas habilidades pol\u00edticas para gobernar una entidad como es el Estado de M\u00e9xico, pero es pueblo gobernando pueblo, da la impresi\u00f3n de que el ensayo del 2023 con esta elecci\u00f3n y con esa candidatura, emerge como una opci\u00f3n ganadora y es el primer punto, este ensayo.<\/p>\n\n\n\n<p>\u201cSegundo, para la oposici\u00f3n, no van a derrotar a Morena si no fomentan la participaci\u00f3n de las clases medias y de las clases altas, m\u00e1s all\u00e1 de la participaci\u00f3n en el Edomex, si la gente no sale a votar no hay posibilidades, porque las estructuras de L\u00f3pez Obrador tienen un voto ampl\u00edsimo en los sectores m\u00e1s populares. Con un 70% de participaci\u00f3n en la elecci\u00f3n, se podr\u00e1 aspirar a ganar, si no, no hay manera, eso lo vimos en Estados Unidos, porque fue la manera en que gan\u00f3 Biden. Es una forma probada frente a los populismos.<\/p>\n\n\n\n<p>\u201cTercera lecci\u00f3n tiene que ver con algo que se dice poco, pero el Estado de M\u00e9xico no se parece a lo que va a tener Morena en el 2024, Coahuila se parece m\u00e1s en la selecci\u00f3n de candidatos: si Morena no logra resolver sus contradicciones en este punto, si L\u00f3pez Obrador en una jugada pol\u00edtica de las que le encantan de adelantar los tiempos, teniendo a sus aspirantes d\u00e1ndose con todo, as\u00ed Coahuila nos muestra que si Morena entra dividido o afloran sus contradicciones entre radicales, nadie guarda disciplina y el gran elector no logra poner orden, habr\u00e1 una alt\u00edsima posibilidad de que haya problemas para el Movimiento\u201d.<\/p>\n\n\n\n<h2 class=\"wp-block-heading\" id=\"h-para-el-2024\"><strong>Para el 2024<\/strong><\/h2>\n\n\n\n<p>Considerando que, hasta el momento, las corcholatas de Morena no tienen rivales de peso y que esto obligar\u00eda a la oposici\u00f3n a buscar m\u00e1s espacios en el \u00e1mbito legislativo, nuestro entrevistado consider\u00f3 que es factible que la oposici\u00f3n pueda avanzar en este sentido.<\/p>\n\n\n\n<h4 class=\"has-cyan-bluish-gray-background-color has-background wp-block-heading\">Te puede interesar<\/h4>\n\n\n\n<figure class=\"wp-block-image is-style-default\"><a href=\"https:\/\/elindependiente.mx\/nacional\/2023\/06\/06\/la-oposicion-no-esta-haciendo-lo-que-tiene-que-hacer-basave\/\"><img decoding=\"async\" src=\"https:\/\/h3w3g6n2.rocketcdn.me\/wp-content\/uploads\/2023\/06\/Entrevista-Basave-150x150.jpg\" alt=\"\"\/><\/a><\/figure>\n\n\n\n<h5 class=\"wp-block-heading\"><a href=\"https:\/\/elindependiente.mx\/nacional\/2023\/06\/06\/la-oposicion-no-esta-haciendo-lo-que-tiene-que-hacer-basave\/\">La oposici\u00f3n no est\u00e1 haciendo lo que tiene que hacer: Basave<\/a><\/h5>\n\n\n\n<h6 class=\"wp-block-heading\">&nbsp;<a href=\"https:\/\/elindependiente.mx\/nacional\/2023\/06\/06\/partidos-politicos-con-grave-crisis-de-credibilidad-y-de-representatividad\/\">Partidos pol\u00edticos con grave crisis de credibilidad y de representatividad<\/a><\/h6>\n\n\n\n<h6 class=\"wp-block-heading\">&nbsp;<a href=\"https:\/\/elindependiente.mx\/nacional\/2023\/06\/06\/monreal-pasa-revista-a-las-corcholatas-y-la-oposicion-firma-acuerdos-pero-no-hace-autocritica\/\">Monreal pasa revista a las corcholatas y la oposici\u00f3n firma acuerdos, pero no hace autocr\u00edtica<\/a><\/h6>\n\n\n\n<p>\u201cEste a\u00f1o, mediante una encuesta se elegir\u00e1 al candidato de Morena, y se podr\u00eda decir que va a ser el pr\u00f3ximo presidente del pa\u00eds, pero hay un bloque que se est\u00e1 construyendo y no necesariamente pasa por la alianza Va por M\u00e9xico, ni por los partidos tradicionales, sino con el corredor con las tres grandes urbes del pa\u00eds: Guadalajara, Monterrey y Ciudad de M\u00e9xico, da la impresi\u00f3n de que esos tres bastiones van a ser, si la clase media sale a votar y la oposici\u00f3n va a tener un candidato importante, parte de un arrastre con tres circunscripciones electorales para poder lograr algo que se antoja complicado: evitar el carro completo de Morena en 2024.<\/p>\n\n\n\n<p>\u201cLa oposici\u00f3n tiene que asumir que no va a ganar la presidencia y que puede ganar distritos uninominales todos los que pueda y en las circunscripciones que pasan por el corredor comentado; en el sur es mayor la presencia de Morena y en el norte hay esperanzas, porque hay zonas en Coahuila o Nuevo Le\u00f3n para ganar uninominales y plurinominales.<\/p>\n\n\n\n<p>\u201cNo creo que todo est\u00e1 perdido, creo que la estrategia pasa a hacer un llamado incesante a un equilibrio de poderes, conceder desde ya la presidencia y concentrarse en ganar distritos electorales para poder tener, al menos 200 diputados por parte de la oposici\u00f3n para 2024, es algo posible\u201d.<\/p>\n\n\n\n<p>De acuerdo a Marco Arellano, el futuro de la alianza opositora depende de \u201cque tenga o un buen candidato o un buen proyecto y ahorita no tiene ninguno de los dos, hoy todav\u00eda se ve como un gremio pol\u00edtico, como una alianza de intereses bajo la cual no quieren perder sus prerrogativas y es ah\u00ed donde funciona el discurso de L\u00f3pez Obrador que los dibuja como la mafia en el poder, mientras no salgan de esa etiqueta ser\u00e1 muy dif\u00edcil, les falta candidato y proyecto; en el caso de Movimiento Ciudadano, parece que est\u00e1 inflada artificialmente su intenci\u00f3n del voto, se tienen que poner a prueba sus figuras locales, como sus gobernadores, pero a\u00fan gravitan en lo local, no en lo nacional; ha encarecido sus candidatos que a\u00fan no han sido probados a nivel nacional; ni MC ni la alianza tienen proyecto o candidato; en el caso del PRI, no olvidemos que es ahora Morena, vamos a ver si termina ali\u00e1ndose con el Movimiento o defendiendo el cascar\u00f3n de lo que qued\u00f3 en el Estado de M\u00e9xico\u201d.<\/p>\n\n\n\n<p>No olvides seguirnos y mantenerte actualizado con\u00a0<a href=\"https:\/\/elindependiente.mx\/\">El independiente.<\/a><\/p>\n\n\n\n<p>Fuente: <a href=\"https:\/\/elindependiente.mx\/nacional\/2023\/06\/06\/la-oposicion-sin-candidato-o-proyecto-para-2024-marco-arellano\/\">https:\/\/elindependiente.mx\/nacional\/2023\/06\/06\/la-oposicion-sin-candidato-o-proyecto-para-2024-marco-arellano\/<\/a><\/p>\n","protected":false},"excerpt":{"rendered":"<p>ARMANDO REYES VIGUERAS \/ EL INDEPENDIENTE Luego de los comicios estatales en Coahuila y el Estado de M\u00e9xico, el an\u00e1lisis [&hellip;]<\/p>\n","protected":false},"author":1,"featured_media":52650,"comment_status":"open","ping_status":"open","sticky":false,"template":"","format":"standard","meta":{"site-sidebar-layout":"default","site-content-layout":"","ast-site-content-layout":"default","site-content-style":"default","site-sidebar-style":"default","ast-global-header-display":"","ast-banner-title-visibility":"","ast-main-header-display":"","ast-hfb-above-header-display":"","ast-hfb-below-header-display":"","ast-hfb-mobile-header-display":"","site-post-title":"","ast-breadcrumbs-content":"","ast-featured-img":"","footer-sml-layout":"","theme-transparent-header-meta":"","adv-header-id-meta":"","stick-header-meta":"","header-above-stick-meta":"","header-main-stick-meta":"","header-below-stick-meta":"","astra-migrate-meta-layouts":"default","ast-page-background-enabled":"default","ast-page-background-meta":{"desktop":{"background-color":"var(--ast-global-color-4)","background-image":"","background-repeat":"repeat","background-position":"center center","background-size":"auto","background-attachment":"scroll","background-type":"","background-media":"","overlay-type":"","overlay-color":"","overlay-opacity":"","overlay-gradient":""},"tablet":{"background-color":"","background-image":"","background-repeat":"repeat","background-position":"center center","background-size":"auto","background-attachment":"scroll","background-type":"","background-media":"","overlay-type":"","overlay-color":"","overlay-opacity":"","overlay-gradient":""},"mobile":{"background-color":"","background-image":"","background-repeat":"repeat","background-position":"center center","background-size":"auto","background-attachment":"scroll","background-type":"","background-media":"","overlay-type":"","overlay-color":"","overlay-opacity":"","overlay-gradient":""}},"ast-content-background-meta":{"desktop":{"background-color":"var(--ast-global-color-5)","background-image":"","background-repeat":"repeat","background-position":"center center","background-size":"auto","background-attachment":"scroll","background-type":"","background-media":"","overlay-type":"","overlay-color":"","overlay-opacity":"","overlay-gradient":""},"tablet":{"background-color":"var(--ast-global-color-5)","background-image":"","background-repeat":"repeat","background-position":"center center","background-size":"auto","background-attachment":"scroll","background-type":"","background-media":"","overlay-type":"","overlay-color":"","overlay-opacity":"","overlay-gradient":""},"mobile":{"background-color":"var(--ast-global-color-5)","background-image":"","background-repeat":"repeat","background-position":"center center","background-size":"auto","background-attachment":"scroll","background-type":"","background-media":"","overlay-type":"","overlay-color":"","overlay-opacity":"","overlay-gradient":""}},"footnotes":""},"categories":[8],"tags":[5743,16818,16819],"class_list":["post-52649","post","type-post","status-publish","format-standard","has-post-thumbnail","hentry","category-noticias","tag-elecciones-mexico-2024","tag-marco-arellano-toledo","tag-oposicion-sin-proyecto"],"_links":{"self":[{"href":"https:\/\/losperiodistas.com.mx\/portal\/wp-json\/wp\/v2\/posts\/52649","targetHints":{"allow":["GET"]}}],"collection":[{"href":"https:\/\/losperiodistas.com.mx\/portal\/wp-json\/wp\/v2\/posts"}],"about":[{"href":"https:\/\/losperiodistas.com.mx\/portal\/wp-json\/wp\/v2\/types\/post"}],"author":[{"embeddable":true,"href":"https:\/\/losperiodistas.com.mx\/portal\/wp-json\/wp\/v2\/users\/1"}],"replies":[{"embeddable":true,"href":"https:\/\/losperiodistas.com.mx\/portal\/wp-json\/wp\/v2\/comments?post=52649"}],"version-history":[{"count":1,"href":"https:\/\/losperiodistas.com.mx\/portal\/wp-json\/wp\/v2\/posts\/52649\/revisions"}],"predecessor-version":[{"id":52651,"href":"https:\/\/losperiodistas.com.mx\/portal\/wp-json\/wp\/v2\/posts\/52649\/revisions\/52651"}],"wp:featuredmedia":[{"embeddable":true,"href":"https:\/\/losperiodistas.com.mx\/portal\/wp-json\/wp\/v2\/media\/52650"}],"wp:attachment":[{"href":"https:\/\/losperiodistas.com.mx\/portal\/wp-json\/wp\/v2\/media?parent=52649"}],"wp:term":[{"taxonomy":"category","embeddable":true,"href":"https:\/\/losperiodistas.com.mx\/portal\/wp-json\/wp\/v2\/categories?post=52649"},{"taxonomy":"post_tag","embeddable":true,"href":"https:\/\/losperiodistas.com.mx\/portal\/wp-json\/wp\/v2\/tags?post=52649"}],"curies":[{"name":"wp","href":"https:\/\/api.w.org\/{rel}","templated":true}]}}