{"id":52643,"date":"2023-06-06T06:47:48","date_gmt":"2023-06-06T11:47:48","guid":{"rendered":"http:\/\/losperiodistas.com.mx\/portal\/?p=52643"},"modified":"2023-06-06T06:47:50","modified_gmt":"2023-06-06T11:47:50","slug":"muere-astrud-gilberto-la-voz-que-consiguio-que-el-mundo-se-enamorase-de-la-bossa-nova-vozpopuli","status":"publish","type":"post","link":"https:\/\/losperiodistas.com.mx\/portal\/muere-astrud-gilberto-la-voz-que-consiguio-que-el-mundo-se-enamorase-de-la-bossa-nova-vozpopuli\/","title":{"rendered":"Muere Astrud Gilberto, la voz que consigui\u00f3 que el mundo se enamorase de la bossa nova | VozP\u00f3puli"},"content":{"rendered":"\n<h2 class=\"has-background has-medium-font-size wp-block-heading\" style=\"background-color:#c3f578\">La cantante brasile\u00f1a de fama mundial fallece a los 83 a\u00f1os<\/h2>\n\n\n\n<figure class=\"wp-block-image size-large is-style-default\"><img fetchpriority=\"high\" decoding=\"async\" width=\"1024\" height=\"576\" src=\"https:\/\/losperiodistas.com.mx\/portal\/wp-content\/uploads\/2023\/06\/astrud-1024x576.jpeg\" alt=\"\" class=\"wp-image-52644\" srcset=\"https:\/\/losperiodistas.com.mx\/portal\/wp-content\/uploads\/2023\/06\/astrud-1024x576.jpeg 1024w, https:\/\/losperiodistas.com.mx\/portal\/wp-content\/uploads\/2023\/06\/astrud-300x169.jpeg 300w, https:\/\/losperiodistas.com.mx\/portal\/wp-content\/uploads\/2023\/06\/astrud-768x432.jpeg 768w, https:\/\/losperiodistas.com.mx\/portal\/wp-content\/uploads\/2023\/06\/astrud.jpeg 1280w\" sizes=\"(max-width: 1024px) 100vw, 1024px\" \/><\/figure>\n\n\n\n<p><\/p>\n\n\n\n<p class=\"has-vivid-red-color has-text-color has-medium-font-size\"><strong>V\u00cdCTOR LENORE \/ VOZP\u00d3PULI<\/strong><\/p>\n\n\n\n<p>Quiz\u00e1 no les suene su nombre, pero sin duda lo har\u00e1 la melod\u00eda de \u201cLa chica de Ipanema\u201d, que en su voz se convirti\u00f3 en&nbsp;<strong>el mayor \u00e9xito mundial de la m\u00fasica popular brasile\u00f1a<\/strong>. Compuesta en 1962, con m\u00fasica de Carlos Antonio Jobim y m\u00fasica de Vinicius de Moraes, fue grabada al a\u00f1o siguiente por Stan Getz, Joao Gilberto y el piano del propio Jobim. Se sospecha que es la segunda canci\u00f3n m\u00e1s versionada de todos los tiempos, solo despu\u00e9s de Yesterday de Los Beatles.&nbsp;<\/p>\n\n\n\n<p>Gilberto lleg\u00f3 a grabar diecis\u00e9is \u00e1lbumes de estudio y dos en directo, a lo largo de una carrera que arranc\u00f3 en los a\u00f1os sesenta y que fue declinando poco a poco, sin repetir nunca los \u00e9xitos de sus a\u00f1os iniciales. \u201cGarota de Ipanema\u201d, el nombre de la canci\u00f3n en brasile\u00f1o,\u00a0<strong>se convirti\u00f3 en un \u00e9xito global de manera instant\u00e1nea, despachando cinco millones de copias<\/strong>, todo un r\u00e9cord para una canci\u00f3n de habla no inglesa.\u00a0<\/p>\n\n\n\n<h2 class=\"wp-block-heading\">Astrud contra el machismo<\/h2>\n\n\n\n<p>Criada en Rio de Janeiro, Astrud era hija de un profesor de idiomas, lo que potenci\u00f3 sus habilidades de pronunciaci\u00f3n, ya que fue instruida en varios. Se cas\u00f3 en 1959 con el m\u00fasico Joao Gilberto, que posteriormente la incluy\u00f3 en su banda como vocalista. Tras el divorcio de Gilberto en los sesenta, se traslad\u00f3 a Estados Unidos, donde se qued\u00f3 a vivir.&nbsp;<strong>Su voz suave, seductora y susurrante triunf\u00f3 tambi\u00e9n cantando cl\u00e1sicos como \u201cAgua de beber\u201d, \u201cM\u00e1s que nada\u201d y \u201cMa\u00f1ana de carnaval\u201d<\/strong>. Ese mismo a\u00f1o, 1963, gan\u00f3 el Grammy a mejor canci\u00f3n de ese a\u00f1o.&nbsp;<\/p>\n\n\n\n<p class=\"has-text-align-center has-light-green-cyan-background-color has-background\"><strong><em>Astrud Gilbert disfrut\u00f3 el \u00e9xito fulminante y sufri\u00f3 el machismo de la industria<\/em><\/strong><\/p>\n\n\n\n<p>En diversas entrevistas de madurez, Astrud Gilberto se quej\u00f3 del machismo de la industria musical. \u201cLo curioso es que despu\u00e9s de mi \u00e9xito, abundan las historias de que Stan Getz o Creed Taylor me \u2018descubrieron\u2019, cuando en realidad nada est\u00e1 m\u00e1s lejos de la verdad\u201d, comparti\u00f3 en 1982. \u201cSupongo que los hizo parecer importantes haber tenido la \u2018sabidur\u00eda\u2019 para apreciar mi voz. Creo que deber\u043da sentirme halagada, pero&nbsp;<strong>no puedo evitar estar molesta porque recurrieron a la mentir<\/strong>a\u201d, lamentaba. Hoy Astrud Gilberto es una leyenda, pero la realidad es que no recibi\u00f3 un solo cr\u00e9dito en la impresi\u00f3n original de vinilo de Getz\/Gilberto.&nbsp;<\/p>\n\n\n\n<p>La canci\u00f3n fue un \u00e9xito instant\u00e1neo despu\u00e9s de que se lanz\u00f3 en marzo de 1964, permaneci\u00f3 en las listas de \u00e1lbumes de Billboard durante 96 semanas y alcanz\u00f3 el puesto n\u00famero 5. Est\u00e1 documentado que Stan Getz hizo todo lo posible porque Astrud Gilberto no se llevase nada los\u00a0<em>royaltie<\/em>s, alegando que no era una cantante profesional y que hab\u00eda sido llamada por casualidad. Tampoco hab\u00eda recibido nada por su participaci\u00f3n en la sesi\u00f3n. \u201cCuando Getz llam\u00f3 a la oficina de Creed (ejecutivo discografico) le atendi\u00f3 Betsy, la secretaria. Creed estaba fuera de la oficina. Cuando regres\u00f3 y ella le dijo que Stan estaba ansioso por hablar con \u00e9l, Creed pens\u00f3 que Stan deb\u00eda estar llamando para ver si Astrud se quedaba con una parte de las regal\u00edas. Por el contrario,<strong>\u00a0estaba llamando para asegurarse de que ella no recibiera nad<\/strong>a\u201d, recuerda\u00a0<em>The Independent<\/em>. Getz se compr\u00f3 con sus royalties una mansi\u00f3n de 23 habitaciones y Gilberto recibi\u00f3 tan solo 120 d\u00f3lares, lo m\u00ednimo estipulado por el sindicato.<\/p>\n\n\n\n<figure class=\"wp-block-embed is-type-video is-provider-youtube wp-block-embed-youtube wp-embed-aspect-4-3 wp-has-aspect-ratio\"><div class=\"wp-block-embed__wrapper\">\n<iframe title=\"Astrud Gilberto - The girl from Ipanema (video\/audio editado y restaurado) GQ\/HD\" width=\"500\" height=\"375\" src=\"https:\/\/www.youtube.com\/embed\/3MFn9hxyYpg?feature=oembed\" frameborder=\"0\" allow=\"accelerometer; autoplay; clipboard-write; encrypted-media; gyroscope; picture-in-picture; web-share\" referrerpolicy=\"strict-origin-when-cross-origin\" allowfullscreen><\/iframe>\n<\/div><\/figure>\n\n\n\n<p><\/p>\n\n\n\n<p>Fuente: <a href=\"https:\/\/www.vozpopuli.com\/altavoz\/cultura\/muere-astrud-gilberto-voz-consiguio-mundo-enamorase-bossa-nova.html\">https:\/\/www.vozpopuli.com\/altavoz\/cultura\/muere-astrud-gilberto-voz-consiguio-mundo-enamorase-bossa-nova.html<\/a><\/p>\n","protected":false},"excerpt":{"rendered":"<p>La cantante brasile\u00f1a de fama mundial fallece a los 83 a\u00f1os V\u00cdCTOR LENORE \/ VOZP\u00d3PULI Quiz\u00e1 no les suene su [&hellip;]<\/p>\n","protected":false},"author":1,"featured_media":52644,"comment_status":"open","ping_status":"open","sticky":false,"template":"","format":"standard","meta":{"site-sidebar-layout":"default","site-content-layout":"","ast-site-content-layout":"default","site-content-style":"default","site-sidebar-style":"default","ast-global-header-display":"","ast-banner-title-visibility":"","ast-main-header-display":"","ast-hfb-above-header-display":"","ast-hfb-below-header-display":"","ast-hfb-mobile-header-display":"","site-post-title":"","ast-breadcrumbs-content":"","ast-featured-img":"","footer-sml-layout":"","theme-transparent-header-meta":"","adv-header-id-meta":"","stick-header-meta":"","header-above-stick-meta":"","header-main-stick-meta":"","header-below-stick-meta":"","astra-migrate-meta-layouts":"default","ast-page-background-enabled":"default","ast-page-background-meta":{"desktop":{"background-color":"var(--ast-global-color-4)","background-image":"","background-repeat":"repeat","background-position":"center center","background-size":"auto","background-attachment":"scroll","background-type":"","background-media":"","overlay-type":"","overlay-color":"","overlay-opacity":"","overlay-gradient":""},"tablet":{"background-color":"","background-image":"","background-repeat":"repeat","background-position":"center center","background-size":"auto","background-attachment":"scroll","background-type":"","background-media":"","overlay-type":"","overlay-color":"","overlay-opacity":"","overlay-gradient":""},"mobile":{"background-color":"","background-image":"","background-repeat":"repeat","background-position":"center center","background-size":"auto","background-attachment":"scroll","background-type":"","background-media":"","overlay-type":"","overlay-color":"","overlay-opacity":"","overlay-gradient":""}},"ast-content-background-meta":{"desktop":{"background-color":"var(--ast-global-color-5)","background-image":"","background-repeat":"repeat","background-position":"center center","background-size":"auto","background-attachment":"scroll","background-type":"","background-media":"","overlay-type":"","overlay-color":"","overlay-opacity":"","overlay-gradient":""},"tablet":{"background-color":"var(--ast-global-color-5)","background-image":"","background-repeat":"repeat","background-position":"center center","background-size":"auto","background-attachment":"scroll","background-type":"","background-media":"","overlay-type":"","overlay-color":"","overlay-opacity":"","overlay-gradient":""},"mobile":{"background-color":"var(--ast-global-color-5)","background-image":"","background-repeat":"repeat","background-position":"center center","background-size":"auto","background-attachment":"scroll","background-type":"","background-media":"","overlay-type":"","overlay-color":"","overlay-opacity":"","overlay-gradient":""}},"footnotes":""},"categories":[8],"tags":[16813,16814],"class_list":["post-52643","post","type-post","status-publish","format-standard","has-post-thumbnail","hentry","category-noticias","tag-astrud-gilberto","tag-la-chica-de-ipanema"],"_links":{"self":[{"href":"https:\/\/losperiodistas.com.mx\/portal\/wp-json\/wp\/v2\/posts\/52643","targetHints":{"allow":["GET"]}}],"collection":[{"href":"https:\/\/losperiodistas.com.mx\/portal\/wp-json\/wp\/v2\/posts"}],"about":[{"href":"https:\/\/losperiodistas.com.mx\/portal\/wp-json\/wp\/v2\/types\/post"}],"author":[{"embeddable":true,"href":"https:\/\/losperiodistas.com.mx\/portal\/wp-json\/wp\/v2\/users\/1"}],"replies":[{"embeddable":true,"href":"https:\/\/losperiodistas.com.mx\/portal\/wp-json\/wp\/v2\/comments?post=52643"}],"version-history":[{"count":1,"href":"https:\/\/losperiodistas.com.mx\/portal\/wp-json\/wp\/v2\/posts\/52643\/revisions"}],"predecessor-version":[{"id":52645,"href":"https:\/\/losperiodistas.com.mx\/portal\/wp-json\/wp\/v2\/posts\/52643\/revisions\/52645"}],"wp:featuredmedia":[{"embeddable":true,"href":"https:\/\/losperiodistas.com.mx\/portal\/wp-json\/wp\/v2\/media\/52644"}],"wp:attachment":[{"href":"https:\/\/losperiodistas.com.mx\/portal\/wp-json\/wp\/v2\/media?parent=52643"}],"wp:term":[{"taxonomy":"category","embeddable":true,"href":"https:\/\/losperiodistas.com.mx\/portal\/wp-json\/wp\/v2\/categories?post=52643"},{"taxonomy":"post_tag","embeddable":true,"href":"https:\/\/losperiodistas.com.mx\/portal\/wp-json\/wp\/v2\/tags?post=52643"}],"curies":[{"name":"wp","href":"https:\/\/api.w.org\/{rel}","templated":true}]}}