{"id":52640,"date":"2023-06-06T06:18:48","date_gmt":"2023-06-06T11:18:48","guid":{"rendered":"http:\/\/losperiodistas.com.mx\/portal\/?p=52640"},"modified":"2023-06-06T06:18:51","modified_gmt":"2023-06-06T11:18:51","slug":"va-por-mexico-definira-su-metodo-para-elegir-candidato-presidencial-en-la-siguiente-fecha-proceso","status":"publish","type":"post","link":"https:\/\/losperiodistas.com.mx\/portal\/va-por-mexico-definira-su-metodo-para-elegir-candidato-presidencial-en-la-siguiente-fecha-proceso\/","title":{"rendered":"Va por M\u00e9xico definir\u00e1 su m\u00e9todo para elegir candidato presidencial en la siguiente fecha | Proceso"},"content":{"rendered":"\n<p class=\"has-light-green-cyan-background-color has-background has-medium-font-size\"><strong>En conferencia, l\u00edderes de la coalici\u00f3n opositora criticaron a Alfredo del Mazo por la derrota en el Edomex, calificaron de fraude el triunfo de Delfina G\u00f3mez, reiteraron el llamado a que se les una Movimiento Ciudadano y descartaron postular a alguna de las \u201ccorcholatas\u201d.<\/strong><\/p>\n\n\n\n<p><\/p>\n\n\n\n<div class=\"wp-block-image is-style-default\"><figure class=\"aligncenter size-full\"><img fetchpriority=\"high\" decoding=\"async\" width=\"685\" height=\"385\" src=\"https:\/\/losperiodistas.com.mx\/portal\/wp-content\/uploads\/2023\/06\/f685x385-174830_212523_5050.jpg\" alt=\"\" class=\"wp-image-52641\" srcset=\"https:\/\/losperiodistas.com.mx\/portal\/wp-content\/uploads\/2023\/06\/f685x385-174830_212523_5050.jpg 685w, https:\/\/losperiodistas.com.mx\/portal\/wp-content\/uploads\/2023\/06\/f685x385-174830_212523_5050-300x169.jpg 300w\" sizes=\"(max-width: 685px) 100vw, 685px\" \/><figcaption>\u00abAlito\u00bb Moreno, Marko Cort\u00e9s y Jes\u00fas Zambrano ratificaron su alianza rumbo a 2024. Foto: Montserrat L\u00f3pez<\/figcaption><\/figure><\/div>\n\n\n\n<p class=\"has-vivid-red-color has-text-color has-medium-font-size\"><strong>REDACCI\u00d3N PROCESO<\/strong><\/p>\n\n\n\n<p>CIUDAD DE M\u00c9XICO (apro).- La alianza Va por M\u00e9xico integrada por PRI, PAN y PRD anunci\u00f3 que a m\u00e1s tardar el 26 de junio informar\u00e1n el m\u00e9todo para definir al candidato o candidata a la presidencia de la Rep\u00fablica en 2024.<\/p>\n\n\n\n<p>En conferencia de prensa, tras los resultados en las elecciones en Coahuila y el Estado de M\u00e9xico, los dirigentes de los tres partidos criticaron al gobernador mexiquense Alfredo del Mazo y lo acusaron de la derrota de la candidata Alejandra del Moral.<\/p>\n\n\n\n<p class=\"has-cyan-bluish-gray-background-color has-background\"><strong>NOTICIAS RELACIONADAS<\/strong><\/p>\n\n\n\n<ul class=\"has-cyan-bluish-gray-background-color has-background wp-block-list\"><li><a href=\"https:\/\/www.proceso.com.mx\/nacional\/politica\/2023\/6\/5\/no-va-haber-dedazo-amlo-descarta-que-vaya-inclinar-la-balanza-hacia-algun-aspirante-308259.html\">\u00abNo va a haber dedazo\u00bb: AMLO descarta que vaya a inclinar la balanza hacia alg\u00fan aspirante<\/a><\/li><li><a href=\"https:\/\/www.proceso.com.mx\/nacional\/2023\/6\/5\/partido-de-amlo-consolida-su-poder-al-ganar-en-edomex-308238.html\">Partido de AMLO consolida su poder al ganar en Edomex<\/a><\/li><li><a href=\"https:\/\/www.proceso.com.mx\/nacional\/2023\/6\/5\/amlo-promete-todo-su-apoyo-delfina-gomez-manolo-jimenez-tras-eleccion-en-edomex-coahuila-308242.html\">AMLO promete todo su apoyo a Delfina G\u00f3mez y Manolo Jim\u00e9nez tras elecci\u00f3n en Edomex y Coahuila<\/a><\/li><li><a href=\"https:\/\/www.proceso.com.mx\/nacional\/estados\/2023\/6\/4\/va-por-mexico-celebra-triunfo-en-coahuila-aseguran-que-hay-carro-completo-308234.html\">Va por M\u00e9xico celebra triunfo en Coahuila; aseguran que hay \u201ccarro completo\u201d<\/a><\/li><\/ul>\n\n\n\n<p><\/p>\n\n\n\n<p>\u00abTenemos que censurar la omisi\u00f3n del Gobernador (Alfredo del Mazo) con las versiones de que estaba entregada la plaza de antemano. Eso influy\u00f3 fuera y dentro de su propio partido\u00bb, se\u00f1al\u00f3 el perredista Jes\u00fas Zambrano.<\/p>\n\n\n\n<p>&nbsp;Tambi\u00e9n calificaron de fraude la elecci\u00f3n en el Estado de M\u00e9xico donde triunf\u00f3 la maestra Delfina G\u00f3mez.<\/p>\n\n\n\n<p>\u00abEl resultado en Edomex es resultado de fraude del Gobierno de la Rep\u00fablica\u00bb, declar\u00f3 el priista Alejandro Moreno, quien se quej\u00f3 adem\u00e1s de la narrativa que permea para \u00abgolpear a la coalici\u00f3n\u00bb.<\/p>\n\n\n\n<p>En la larga conferencia el dirigente del PAN inform\u00f3 de las fechas en que la alianza opositora dar\u00e1 a conocer el m\u00e9todo de selecci\u00f3n del candidato. Marko Cort\u00e9s, critic\u00f3 e hizo un llamado a Movimiento Ciudadano a unirse a este bloque opositor, y dejar de un lado \u00abintereses partidistas\u201d.<\/p>\n\n\n\n<p>&nbsp;\u201cQue piensen en M\u00e9xico antes de sus intereses partidistas, que no quieran hacer el trabajo sucio, que vengan y se sumen a esta coalici\u00f3n que en todas las encuestas representa el 40% de la intenci\u00f3n de voto en el pa\u00eds\u201d, expres\u00f3.<\/p>\n\n\n\n<p>Sobre este mismo tema de Movimiento Ciudadano, \u201cAlito\u201d Moreno asever\u00f3 que dicho partido dirigido por el expriista Dante Delgado, solo representa 5 por ciento de la intenci\u00f3n del voto.<\/p>\n\n\n\n<p>Por su parte, al hablar de la forma en que se elegir\u00e1 al candidato presidencial de la Alianza Va por M\u00e9xico, el panista se\u00f1al\u00f3 que el m\u00e9todo \u201cser\u00e1 abierto e incluir\u00e1 a la sociedad de los 32 estados (&#8230;) informaremos sobre c\u00f3mo vamos a construir una candidatura presidencial fuerte, que enamore, que convenza y, muy importante, que una a quienes vemos que el pa\u00eds va de mal en peor\u201d.<\/p>\n\n\n\n<p>Advirti\u00f3 que ninguna de las \u201ccorcholatas\u201d del presidente Andr\u00e9s Manuel L\u00f3pez Obrador ser\u00e1 el candidato de la alianza.<\/p>\n\n\n\n<p>En este sentido manifest\u00f3: \u201cQue ni se le vaya a ocurrir al presidente fingir un pleito con alguna de sus \u2018corcholatas\u2019 y quer\u00e9rnosla mandar como candidato de la oposici\u00f3n. Ninguna de las \u2018corcholatas\u2019 ser\u00e1 candidato de Va por M\u00e9xico. Tenemos con qu\u00e9 y sabemos para qu\u00e9\u201d.<\/p>\n\n\n\n<p>Insisti\u00f3 Marko Cort\u00e9s: \u201cpuede fingir un pleito con alguna de las \u2018corcholatas\u2019 de Morena para que esa persona busque pasarse al lado opositor. Lo decimos con claridad: ninguna de las \u2018corcholatas\u2019 (de Morena) ser\u00e1 candidato de la coalici\u00f3n Va por M\u00e9xico. Tenemos con qu\u00e9 y tenemos con qui\u00e9nes\u201d.<\/p>\n\n\n\n<p>Optimista, asegur\u00f3 que la alianza opositora tiene la potencia para ganar la presidencia de la Rep\u00fablica en 2024. Como ejemplo se\u00f1al\u00f3 que en la elecci\u00f3n intermedia del 2021 logr\u00f3 tener 200 diputados federales.<\/p>\n\n\n\n<p>\u00a0\u201cSe puede, es posible ganar la presidencia de la Rep\u00fablica. La coalici\u00f3n, le guste a quien le guste o no le guste a quien no le guste, s\u00ed es potente, s\u00ed suma, as\u00ed como sum\u00f3 en 2021 para obtener 200 diputados federales y cuidar la Constituci\u00f3n\u201d, declar\u00f3.<\/p>\n\n\n\n<figure class=\"wp-block-embed is-type-video is-provider-youtube wp-block-embed-youtube wp-embed-aspect-16-9 wp-has-aspect-ratio\"><div class=\"wp-block-embed__wrapper\">\n<iframe title=\"\ud83d\udd34 EN VIVO: Conferencia de prensa Alianza Va por M\u00e9xico\" width=\"500\" height=\"281\" src=\"https:\/\/www.youtube.com\/embed\/ZOxmjcmEWGo?feature=oembed\" frameborder=\"0\" allow=\"accelerometer; autoplay; clipboard-write; encrypted-media; gyroscope; picture-in-picture; web-share\" referrerpolicy=\"strict-origin-when-cross-origin\" allowfullscreen><\/iframe>\n<\/div><\/figure>\n\n\n\n<p><\/p>\n\n\n\n<p>Alejandro Moreno sostuvo en este contexto que el PRI tuvo\u00a0 el 70 por ciento de los votos emitidos en las dos elecciones celebradas el domingo, aportando 2 millones 300 mil votos en las dos plazas.<\/p>\n\n\n\n<p><a href=\"https:\/\/www.facebook.com\/plugins\/video.php?href=https%3A%2F%2Fwww.facebook.com%2FPRIoficial%2Fvideos%2F654802453331214%2F%3Fref%3Dembed_video&amp;show_text=0&amp;width=560\">https:\/\/www.facebook.com\/plugins\/video.php?href=https%3A%2F%2Fwww.facebook.com%2FPRIoficial%2Fvideos%2F654802453331214%2F%3Fref%3Dembed_video&amp;show_text=0&amp;width=560<\/a><\/p>\n\n\n\n<p><\/p>\n\n\n\n<p>Fuente: <a href=\"https:\/\/www.proceso.com.mx\/nacional\/politica\/2023\/6\/5\/va-por-mexico-definira-su-metodo-para-elegir-candidato-presidencial-en-la-siguiente-fecha-308265.html\">https:\/\/www.proceso.com.mx\/nacional\/politica\/2023\/6\/5\/va-por-mexico-definira-su-metodo-para-elegir-candidato-presidencial-en-la-siguiente-fecha-308265.html<\/a><\/p>\n","protected":false},"excerpt":{"rendered":"<p>En conferencia, l\u00edderes de la coalici\u00f3n opositora criticaron a Alfredo del Mazo por la derrota en el Edomex, calificaron de [&hellip;]<\/p>\n","protected":false},"author":1,"featured_media":52641,"comment_status":"open","ping_status":"open","sticky":false,"template":"","format":"standard","meta":{"site-sidebar-layout":"default","site-content-layout":"","ast-site-content-layout":"default","site-content-style":"default","site-sidebar-style":"default","ast-global-header-display":"","ast-banner-title-visibility":"","ast-main-header-display":"","ast-hfb-above-header-display":"","ast-hfb-below-header-display":"","ast-hfb-mobile-header-display":"","site-post-title":"","ast-breadcrumbs-content":"","ast-featured-img":"","footer-sml-layout":"","theme-transparent-header-meta":"","adv-header-id-meta":"","stick-header-meta":"","header-above-stick-meta":"","header-main-stick-meta":"","header-below-stick-meta":"","astra-migrate-meta-layouts":"default","ast-page-background-enabled":"default","ast-page-background-meta":{"desktop":{"background-color":"var(--ast-global-color-4)","background-image":"","background-repeat":"repeat","background-position":"center center","background-size":"auto","background-attachment":"scroll","background-type":"","background-media":"","overlay-type":"","overlay-color":"","overlay-opacity":"","overlay-gradient":""},"tablet":{"background-color":"","background-image":"","background-repeat":"repeat","background-position":"center center","background-size":"auto","background-attachment":"scroll","background-type":"","background-media":"","overlay-type":"","overlay-color":"","overlay-opacity":"","overlay-gradient":""},"mobile":{"background-color":"","background-image":"","background-repeat":"repeat","background-position":"center center","background-size":"auto","background-attachment":"scroll","background-type":"","background-media":"","overlay-type":"","overlay-color":"","overlay-opacity":"","overlay-gradient":""}},"ast-content-background-meta":{"desktop":{"background-color":"var(--ast-global-color-5)","background-image":"","background-repeat":"repeat","background-position":"center center","background-size":"auto","background-attachment":"scroll","background-type":"","background-media":"","overlay-type":"","overlay-color":"","overlay-opacity":"","overlay-gradient":""},"tablet":{"background-color":"var(--ast-global-color-5)","background-image":"","background-repeat":"repeat","background-position":"center center","background-size":"auto","background-attachment":"scroll","background-type":"","background-media":"","overlay-type":"","overlay-color":"","overlay-opacity":"","overlay-gradient":""},"mobile":{"background-color":"var(--ast-global-color-5)","background-image":"","background-repeat":"repeat","background-position":"center center","background-size":"auto","background-attachment":"scroll","background-type":"","background-media":"","overlay-type":"","overlay-color":"","overlay-opacity":"","overlay-gradient":""}},"footnotes":""},"categories":[8],"tags":[16812,248,3445,16811],"class_list":["post-52640","post","type-post","status-publish","format-standard","has-post-thumbnail","hentry","category-noticias","tag-metodo-seleccion-candidato-presidencial","tag-pan","tag-prd","tag-pri-va-por-mexico"],"_links":{"self":[{"href":"https:\/\/losperiodistas.com.mx\/portal\/wp-json\/wp\/v2\/posts\/52640","targetHints":{"allow":["GET"]}}],"collection":[{"href":"https:\/\/losperiodistas.com.mx\/portal\/wp-json\/wp\/v2\/posts"}],"about":[{"href":"https:\/\/losperiodistas.com.mx\/portal\/wp-json\/wp\/v2\/types\/post"}],"author":[{"embeddable":true,"href":"https:\/\/losperiodistas.com.mx\/portal\/wp-json\/wp\/v2\/users\/1"}],"replies":[{"embeddable":true,"href":"https:\/\/losperiodistas.com.mx\/portal\/wp-json\/wp\/v2\/comments?post=52640"}],"version-history":[{"count":1,"href":"https:\/\/losperiodistas.com.mx\/portal\/wp-json\/wp\/v2\/posts\/52640\/revisions"}],"predecessor-version":[{"id":52642,"href":"https:\/\/losperiodistas.com.mx\/portal\/wp-json\/wp\/v2\/posts\/52640\/revisions\/52642"}],"wp:featuredmedia":[{"embeddable":true,"href":"https:\/\/losperiodistas.com.mx\/portal\/wp-json\/wp\/v2\/media\/52641"}],"wp:attachment":[{"href":"https:\/\/losperiodistas.com.mx\/portal\/wp-json\/wp\/v2\/media?parent=52640"}],"wp:term":[{"taxonomy":"category","embeddable":true,"href":"https:\/\/losperiodistas.com.mx\/portal\/wp-json\/wp\/v2\/categories?post=52640"},{"taxonomy":"post_tag","embeddable":true,"href":"https:\/\/losperiodistas.com.mx\/portal\/wp-json\/wp\/v2\/tags?post=52640"}],"curies":[{"name":"wp","href":"https:\/\/api.w.org\/{rel}","templated":true}]}}