{"id":52636,"date":"2023-06-06T05:58:13","date_gmt":"2023-06-06T10:58:13","guid":{"rendered":"http:\/\/losperiodistas.com.mx\/portal\/?p=52636"},"modified":"2023-06-06T05:58:15","modified_gmt":"2023-06-06T10:58:15","slug":"amlo-acude-a-cena-con-morenistas-en-restaurante-el-mayor-la-jornada","status":"publish","type":"post","link":"https:\/\/losperiodistas.com.mx\/portal\/amlo-acude-a-cena-con-morenistas-en-restaurante-el-mayor-la-jornada\/","title":{"rendered":"AMLO acude a cena con morenistas en restaurante El Mayor\u00a0| La Jornada"},"content":{"rendered":"\n<figure class=\"wp-block-image size-large is-style-default\"><img fetchpriority=\"high\" decoding=\"async\" width=\"1024\" height=\"580\" src=\"https:\/\/losperiodistas.com.mx\/portal\/wp-content\/uploads\/2023\/06\/Captura-de-Pantalla-2023-06-06-a-las-4.57.42-1024x580.jpg\" alt=\"\" class=\"wp-image-52638\" srcset=\"https:\/\/losperiodistas.com.mx\/portal\/wp-content\/uploads\/2023\/06\/Captura-de-Pantalla-2023-06-06-a-las-4.57.42-1024x580.jpg 1024w, https:\/\/losperiodistas.com.mx\/portal\/wp-content\/uploads\/2023\/06\/Captura-de-Pantalla-2023-06-06-a-las-4.57.42-300x170.jpg 300w, https:\/\/losperiodistas.com.mx\/portal\/wp-content\/uploads\/2023\/06\/Captura-de-Pantalla-2023-06-06-a-las-4.57.42-768x435.jpg 768w, https:\/\/losperiodistas.com.mx\/portal\/wp-content\/uploads\/2023\/06\/Captura-de-Pantalla-2023-06-06-a-las-4.57.42.jpg 1278w\" sizes=\"(max-width: 1024px) 100vw, 1024px\" \/><\/figure>\n\n\n\n<p><a href=\"https:\/\/videos.jornada.com.mx\/player\/17026521\/amlo-acude-a-cena-con-morenistas-en-restaurante-el\/Auto-Lectura\">https:\/\/videos.jornada.com.mx\/player\/17026521\/amlo-acude-a-cena-con-morenistas-en-restaurante-el\/Auto-Lectura<\/a><\/p>\n\n\n\n<p><\/p>\n\n\n\n<p class=\"has-vivid-red-color has-text-color has-medium-font-size\"><strong>EMIR OLIVARES \/ NESTOR JIM\u00c9NEZ \/ LA JORNADA<\/strong><\/p>\n\n\n\n<p><em>Ciudad de M\u00e9xico.<\/em>\u00a0El presidente Andr\u00e9s Manuel L\u00f3pez Obrador dej\u00f3 Palacio Nacional para cenar con \u201ccompa\u00f1eras, compa\u00f1eros, amigos\u201d en el restaurante El Mayor de la librer\u00eda Porr\u00faa, a un par de cuadras del recinto. Ah\u00ed se dieron cita los aspirantes presidenciales de Morena, as\u00ed como gobernadores del partido guinda y hasta la virtual gobernadora electa mexiquense, Delfina G\u00f3mez.<\/p>\n\n\n\n<p>Con paraguas en mano para resguardarse de la fuerte lluvia cae esta noche sobre el centro de la Ciudad de M\u00e9xico, el mandatario camin\u00f3 a un costado del Templo Mayor para llegar al restaurante.<\/p>\n\n\n\n<p>Entre los asistentes se encuentra la Jefa de Gobierno, Claudia Sheinbaum; el Secretario de Gobernaci\u00f3n, Ad\u00e1n Augusto L\u00f3pez Hern\u00e1ndez; el Secretario de Relaciones Exteriores, Marcelo Ebrard, y el senador Ricardo Monreal, as\u00ed como el dirigente nacional de Morena, Mario Delgado.<\/p>\n\n\n\n<p>Tambi\u00e9n acuden gobernadores como Salom\u00f3n Jara de Oaxaca; de Michoac\u00e1n, Alfredo Bedolla; de Campeche, Layda Sansores; de Guerrero Evelyn Salgado; de Sinaloa Rub\u00e9n Rocha y de Morelos, Cuauht\u00e9moc Blanco.<\/p>\n\n\n\n<p>La reuni\u00f3n se realiza un d\u00eda despu\u00e9s de las elecciones en el Estado de M\u00e9xico y Coahuila, en las que el partido guinda gan\u00f3 la gubernatura mexiquense de acuerdo al PREP oficial.<\/p>\n\n\n\n<p>Fuente: <a href=\"https:\/\/www.jornada.com.mx\/notas\/2023\/06\/05\/politica\/amlo-acude-a-cena-con-morenistas-en-el-mayor\/?from=homeonline&amp;block=primeraojeada\">https:\/\/www.jornada.com.mx\/notas\/2023\/06\/05\/politica\/amlo-acude-a-cena-con-morenistas-en-el-mayor\/?from=homeonline&amp;block=primeraojeada<\/a><\/p>\n","protected":false},"excerpt":{"rendered":"<p>https:\/\/videos.jornada.com.mx\/player\/17026521\/amlo-acude-a-cena-con-morenistas-en-restaurante-el\/Auto-Lectura EMIR OLIVARES \/ NESTOR JIM\u00c9NEZ \/ LA JORNADA Ciudad de M\u00e9xico.\u00a0El presidente Andr\u00e9s Manuel L\u00f3pez Obrador dej\u00f3 Palacio Nacional [&hellip;]<\/p>\n","protected":false},"author":1,"featured_media":52638,"comment_status":"open","ping_status":"open","sticky":false,"template":"","format":"standard","meta":{"site-sidebar-layout":"default","site-content-layout":"","ast-site-content-layout":"default","site-content-style":"default","site-sidebar-style":"default","ast-global-header-display":"","ast-banner-title-visibility":"","ast-main-header-display":"","ast-hfb-above-header-display":"","ast-hfb-below-header-display":"","ast-hfb-mobile-header-display":"","site-post-title":"","ast-breadcrumbs-content":"","ast-featured-img":"","footer-sml-layout":"","theme-transparent-header-meta":"","adv-header-id-meta":"","stick-header-meta":"","header-above-stick-meta":"","header-main-stick-meta":"","header-below-stick-meta":"","astra-migrate-meta-layouts":"default","ast-page-background-enabled":"default","ast-page-background-meta":{"desktop":{"background-color":"var(--ast-global-color-4)","background-image":"","background-repeat":"repeat","background-position":"center center","background-size":"auto","background-attachment":"scroll","background-type":"","background-media":"","overlay-type":"","overlay-color":"","overlay-opacity":"","overlay-gradient":""},"tablet":{"background-color":"","background-image":"","background-repeat":"repeat","background-position":"center center","background-size":"auto","background-attachment":"scroll","background-type":"","background-media":"","overlay-type":"","overlay-color":"","overlay-opacity":"","overlay-gradient":""},"mobile":{"background-color":"","background-image":"","background-repeat":"repeat","background-position":"center center","background-size":"auto","background-attachment":"scroll","background-type":"","background-media":"","overlay-type":"","overlay-color":"","overlay-opacity":"","overlay-gradient":""}},"ast-content-background-meta":{"desktop":{"background-color":"var(--ast-global-color-5)","background-image":"","background-repeat":"repeat","background-position":"center center","background-size":"auto","background-attachment":"scroll","background-type":"","background-media":"","overlay-type":"","overlay-color":"","overlay-opacity":"","overlay-gradient":""},"tablet":{"background-color":"var(--ast-global-color-5)","background-image":"","background-repeat":"repeat","background-position":"center center","background-size":"auto","background-attachment":"scroll","background-type":"","background-media":"","overlay-type":"","overlay-color":"","overlay-opacity":"","overlay-gradient":""},"mobile":{"background-color":"var(--ast-global-color-5)","background-image":"","background-repeat":"repeat","background-position":"center center","background-size":"auto","background-attachment":"scroll","background-type":"","background-media":"","overlay-type":"","overlay-color":"","overlay-opacity":"","overlay-gradient":""}},"footnotes":""},"categories":[8],"tags":[199,13332,16810],"class_list":["post-52636","post","type-post","status-publish","format-standard","has-post-thumbnail","hentry","category-noticias","tag-amlo","tag-delfina-gomez","tag-restaurante-el-mayor"],"_links":{"self":[{"href":"https:\/\/losperiodistas.com.mx\/portal\/wp-json\/wp\/v2\/posts\/52636","targetHints":{"allow":["GET"]}}],"collection":[{"href":"https:\/\/losperiodistas.com.mx\/portal\/wp-json\/wp\/v2\/posts"}],"about":[{"href":"https:\/\/losperiodistas.com.mx\/portal\/wp-json\/wp\/v2\/types\/post"}],"author":[{"embeddable":true,"href":"https:\/\/losperiodistas.com.mx\/portal\/wp-json\/wp\/v2\/users\/1"}],"replies":[{"embeddable":true,"href":"https:\/\/losperiodistas.com.mx\/portal\/wp-json\/wp\/v2\/comments?post=52636"}],"version-history":[{"count":1,"href":"https:\/\/losperiodistas.com.mx\/portal\/wp-json\/wp\/v2\/posts\/52636\/revisions"}],"predecessor-version":[{"id":52639,"href":"https:\/\/losperiodistas.com.mx\/portal\/wp-json\/wp\/v2\/posts\/52636\/revisions\/52639"}],"wp:featuredmedia":[{"embeddable":true,"href":"https:\/\/losperiodistas.com.mx\/portal\/wp-json\/wp\/v2\/media\/52638"}],"wp:attachment":[{"href":"https:\/\/losperiodistas.com.mx\/portal\/wp-json\/wp\/v2\/media?parent=52636"}],"wp:term":[{"taxonomy":"category","embeddable":true,"href":"https:\/\/losperiodistas.com.mx\/portal\/wp-json\/wp\/v2\/categories?post=52636"},{"taxonomy":"post_tag","embeddable":true,"href":"https:\/\/losperiodistas.com.mx\/portal\/wp-json\/wp\/v2\/tags?post=52636"}],"curies":[{"name":"wp","href":"https:\/\/api.w.org\/{rel}","templated":true}]}}