{"id":52633,"date":"2023-06-06T05:46:52","date_gmt":"2023-06-06T10:46:52","guid":{"rendered":"http:\/\/losperiodistas.com.mx\/portal\/?p=52633"},"modified":"2023-06-06T05:46:53","modified_gmt":"2023-06-06T10:46:53","slug":"indigenas-en-la-sierra-norte-piden-proteccion-contra-ardelio-vargas-ljo","status":"publish","type":"post","link":"https:\/\/losperiodistas.com.mx\/portal\/indigenas-en-la-sierra-norte-piden-proteccion-contra-ardelio-vargas-ljo\/","title":{"rendered":"Ind\u00edgenas en la Sierra Norte piden protecci\u00f3n contra Ardelio Vargas\u00a0| LJO"},"content":{"rendered":"\n<figure class=\"wp-block-image size-large is-style-default\"><img fetchpriority=\"high\" decoding=\"async\" width=\"1024\" height=\"769\" src=\"https:\/\/losperiodistas.com.mx\/portal\/wp-content\/uploads\/2023\/06\/Captura-de-Pantalla-2023-06-06-a-las-4.41.53-1024x769.jpg\" alt=\"\" class=\"wp-image-52634\" srcset=\"https:\/\/losperiodistas.com.mx\/portal\/wp-content\/uploads\/2023\/06\/Captura-de-Pantalla-2023-06-06-a-las-4.41.53-1024x769.jpg 1024w, https:\/\/losperiodistas.com.mx\/portal\/wp-content\/uploads\/2023\/06\/Captura-de-Pantalla-2023-06-06-a-las-4.41.53-300x225.jpg 300w, https:\/\/losperiodistas.com.mx\/portal\/wp-content\/uploads\/2023\/06\/Captura-de-Pantalla-2023-06-06-a-las-4.41.53-768x577.jpg 768w, https:\/\/losperiodistas.com.mx\/portal\/wp-content\/uploads\/2023\/06\/Captura-de-Pantalla-2023-06-06-a-las-4.41.53.jpg 1460w\" sizes=\"(max-width: 1024px) 100vw, 1024px\" \/><\/figure>\n\n\n\n<p><\/p>\n\n\n\n<p class=\"has-vivid-red-color has-text-color has-medium-font-size\">MART\u00cdN HERN\u00c1NDEZ ALC\u00c1NTARA \/ LA JORNADA DE ORIENTE<\/p>\n\n\n\n<p>Procedentes del municipio serrano de Pantepec, ind\u00edgenas totonak\u00fas, otom\u00edes y tepehuas llegaron al mediod\u00eda de este lunes al z\u00f3calo de la capital poblana para establecer un plant\u00f3n y demandar que el gobierno del estado los proteja, porque temen que&nbsp;<a href=\"https:\/\/www.lajornadadeoriente.com.mx\/puebla\/acusan-indigenas-totonakus-que-ardelio-vargas-dirigio-desalojo-con-fuerza-publica\/\" target=\"_blank\" rel=\"noreferrer noopener\">el exsecretario de Seguridad P\u00fablica estatal Ardelio Vargas Fosado<\/a>&nbsp;atente contra sus vidas.<\/p>\n\n\n\n<p>El 27 de abril pasado los&nbsp;<a href=\"https:\/\/www.jornada.com.mx\/notas\/2023\/06\/05\/estados\/el-reciente-ataque-a-desplazados-igual-que-en-acteal-hace-26-anos\/\" target=\"_blank\" rel=\"noreferrer noopener\">campesinos fueron desalojados violentamente<\/a>&nbsp;por la Guardia Nacional, la Polic\u00eda Estatales y elementos de polic\u00edas municipales de la regi\u00f3n, de un predio de 100 hect\u00e1reas del rancho \u201cLas Palmas\u201d, ubicado en la comunidad de Cebadillas, en Mecapalapa, municipio de Pantepec. Las tierras, cuando hace 10 a\u00f1os llegaron a ocuparlas, estaban abandonadas, aseguran. Afirman tambi\u00e9n que la operaci\u00f3n para echarlos fue dirigida personalmente por Vargas Fosado, quien actualmente no ocupa ning\u00fan cargo p\u00fablico.<\/p>\n\n\n\n<p>Los ind\u00edgenas est\u00e1n encabezados por \u00c1ngel Ajanel Vargas, presidente de la organizaci\u00f3n Familia Unida para el Desarrollo Social (Fudes) y la ma\u00f1ana de este martes acudir\u00e1n a Casa Aguayo a buscar una audiencia con el gobernador, Sergio Salom\u00f3n C\u00e9spedes, para solicitarle su intervenci\u00f3n a fin de que detenga las agresiones de Vargas Fosado y tambi\u00e9n apoye la petici\u00f3n que los afectados han hecho a la Secretar\u00eda de Desarrollo Agrario, Urbano y Territorial (Sedatu) para que reconozca su dominio del predio en disputa.<a rel=\"noreferrer noopener\" href=\"https:\/\/popup.taboola.com\/es\/?template=colorbox&amp;utm_source=sierranevadacomunicaciones-sierranevadacomunicaciones&amp;utm_medium=referral&amp;utm_content=thumbnails-mid:Mid%20Article%20Thumbnails:\" target=\"_blank\">por Taboola<\/a><a rel=\"noreferrer noopener\" href=\"https:\/\/popup.taboola.com\/es\/?template=colorbox&amp;utm_source=sierranevadacomunicaciones-sierranevadacomunicaciones&amp;utm_medium=referral&amp;utm_content=thumbnails-mid:Mid%20Article%20Thumbnails:\" target=\"_blank\">Enlaces Patrocinados<\/a>Te puede gustar<a href=\"https:\/\/www.lifestylelatino.com\/figuras-historicas-fascinantes-de-las-cuales-somos-afortunados-de-tener-fotografias\/\" rel=\"noreferrer noopener\" target=\"_blank\"><\/a><a href=\"https:\/\/www.lifestylelatino.com\/figuras-historicas-fascinantes-de-las-cuales-somos-afortunados-de-tener-fotografias\/\" rel=\"noreferrer noopener\" target=\"_blank\"><strong>40 figuras hist\u00f3ricas que alcanzaron ser fotografiadas<\/strong><strong>Lifestyle Latino<\/strong><\/a><a href=\"https:\" rel=\"noreferrer noopener\" target=\"_blank\"><\/a><a href=\"https:\" rel=\"noreferrer noopener\" target=\"_blank\"><strong>Universidad con calidad europea<\/strong><strong>UNIR\u00ae &#8211; La Universidad en Internet<\/strong><\/a><a href=\"https:\/\/boiteascoop.com\/trending\/recuerdas-a-estas-hermosas-famosas-mexicanas-tb-betty-monroe\" rel=\"noreferrer noopener\" target=\"_blank\"><\/a><a href=\"https:\/\/boiteascoop.com\/trending\/recuerdas-a-estas-hermosas-famosas-mexicanas-tb-betty-monroe\" rel=\"noreferrer noopener\" target=\"_blank\"><strong>Betty Monroe cumple 45 a\u00f1os y as\u00ed es como luce ahora.<\/strong><strong>Boite A Scoop<\/strong><\/a><a href=\"https:\/\/es.wwiqtest.com\/\" rel=\"noreferrer noopener\" target=\"_blank\"><\/a><a href=\"https:\/\/es.wwiqtest.com\/\" rel=\"noreferrer noopener\" target=\"_blank\"><strong>Eval\u00faa cuan inteligente eres. Responde 22 preguntas y averigua cu\u00e1l es tu IQ<\/strong><strong>WW IQ Test<\/strong><\/a><\/p>\n\n\n\n<p>Entrevistado por&nbsp;<em>La Jornada de Oriente<\/em>, \u00c1ngel Ajanel Vargas cont\u00f3 que el temor de los labriegos se debe no solo a la represi\u00f3n que sufrieron el 27 de abril, de la cual varios resultaron con golpes y hasta luxaciones, sino de un hecho a\u00fan m\u00e1s atroz: la quema de al menos 140 viviendas a manos de polic\u00edas y hombres encapuchados al frente de quienes estaba un abogado identificado como Carlos Huidobro, quien se ha ostentado como representante legal de los due\u00f1os de \u201cLa Palma\u201d.<\/p>\n\n\n\n<p>Ese episodio comenz\u00f3 con una estrategia de terror psicol\u00f3gico, relat\u00f3 \u00c1ngel Ajanel Vargas: en los d\u00edas y noches previas al incendio que provocaron en las moradas, los embozados y hasta los uniformados, pasaban a vuelta de rueda en sus autom\u00f3viles o patrullas, advirti\u00e9ndoles que desalojaran el lote o iban a pagar las consecuencias.<\/p>\n\n\n\n<p>\u201cDe pronto, en una madrugada, llegaron m\u00e1s o menos 180 polic\u00edas (\u2026) Quemaron 140 casas de madera, hace 8 meses, muchos ni\u00f1os estaban ah\u00ed asustados, salieron gritando en el rancho Las Palmas (pero del lado de Francisco Z. Mena)\u201d, esto lo hicieron personal de \u201cla Fiscal\u00eda Estatal y de la Polic\u00eda Estatal, junto con civiles encapuchados\u201d, acus\u00f3 el l\u00edder de Fudes.&#8211;https:\/\/0e975496c458cecbf42b0d413cbee9f5.safeframe.googlesyndication.com\/safeframe\/1-0-40\/html\/container.html<\/p>\n\n\n\n<p>\u2013\u00bfO sea, hab\u00eda autoridades quemando casas?-se le pregunt\u00f3 a Ajanel Vargas.<\/p>\n\n\n\n<p>\u2013S\u00ed, s\u00ed, quemando casas \u2013ratific\u00f3.<\/p>\n\n\n\n<p>Luego, continu\u00f3 su relato: \u201ccomenzaron a golpear a las se\u00f1oras y a los se\u00f1ores y los desalojaron y quemaron todo: colchones, camisas, todo lo que ten\u00edan ah\u00ed fue hecho cenizas. Ahora toda la huella de lo que pas\u00f3 se borr\u00f3 porque volvieron a sembrar la tierra ah\u00ed donde les quemaron\u201d.<\/p>\n\n\n\n<p>La entrevista \u00edntegra con \u00c1ngel Ajanel Vargas ser\u00e1 transmitida hoy en la serie \u201cLas Reporteras\u201d en el canal de YouTube y la p\u00e1gina de facebook de\u00a0<em>La Jornada de Oriente<\/em>.<\/p>\n\n\n\n<p>Fuente: <a href=\"https:\/\/www.lajornadadeoriente.com.mx\/noticias\/sociedad_y_justicia\/indigenas-en-la-sierra-norte-piden-proteccion-contra-ardelio-vargas\/\">https:\/\/www.lajornadadeoriente.com.mx\/noticias\/sociedad_y_justicia\/indigenas-en-la-sierra-norte-piden-proteccion-contra-ardelio-vargas\/<\/a><\/p>\n","protected":false},"excerpt":{"rendered":"<p>MART\u00cdN HERN\u00c1NDEZ ALC\u00c1NTARA \/ LA JORNADA DE ORIENTE Procedentes del municipio serrano de Pantepec, ind\u00edgenas totonak\u00fas, otom\u00edes y tepehuas llegaron [&hellip;]<\/p>\n","protected":false},"author":1,"featured_media":52634,"comment_status":"open","ping_status":"open","sticky":false,"template":"","format":"standard","meta":{"site-sidebar-layout":"default","site-content-layout":"","ast-site-content-layout":"default","site-content-style":"default","site-sidebar-style":"default","ast-global-header-display":"","ast-banner-title-visibility":"","ast-main-header-display":"","ast-hfb-above-header-display":"","ast-hfb-below-header-display":"","ast-hfb-mobile-header-display":"","site-post-title":"","ast-breadcrumbs-content":"","ast-featured-img":"","footer-sml-layout":"","theme-transparent-header-meta":"","adv-header-id-meta":"","stick-header-meta":"","header-above-stick-meta":"","header-main-stick-meta":"","header-below-stick-meta":"","astra-migrate-meta-layouts":"default","ast-page-background-enabled":"default","ast-page-background-meta":{"desktop":{"background-color":"var(--ast-global-color-4)","background-image":"","background-repeat":"repeat","background-position":"center center","background-size":"auto","background-attachment":"scroll","background-type":"","background-media":"","overlay-type":"","overlay-color":"","overlay-opacity":"","overlay-gradient":""},"tablet":{"background-color":"","background-image":"","background-repeat":"repeat","background-position":"center center","background-size":"auto","background-attachment":"scroll","background-type":"","background-media":"","overlay-type":"","overlay-color":"","overlay-opacity":"","overlay-gradient":""},"mobile":{"background-color":"","background-image":"","background-repeat":"repeat","background-position":"center center","background-size":"auto","background-attachment":"scroll","background-type":"","background-media":"","overlay-type":"","overlay-color":"","overlay-opacity":"","overlay-gradient":""}},"ast-content-background-meta":{"desktop":{"background-color":"var(--ast-global-color-5)","background-image":"","background-repeat":"repeat","background-position":"center center","background-size":"auto","background-attachment":"scroll","background-type":"","background-media":"","overlay-type":"","overlay-color":"","overlay-opacity":"","overlay-gradient":""},"tablet":{"background-color":"var(--ast-global-color-5)","background-image":"","background-repeat":"repeat","background-position":"center center","background-size":"auto","background-attachment":"scroll","background-type":"","background-media":"","overlay-type":"","overlay-color":"","overlay-opacity":"","overlay-gradient":""},"mobile":{"background-color":"var(--ast-global-color-5)","background-image":"","background-repeat":"repeat","background-position":"center center","background-size":"auto","background-attachment":"scroll","background-type":"","background-media":"","overlay-type":"","overlay-color":"","overlay-opacity":"","overlay-gradient":""}},"footnotes":""},"categories":[8],"tags":[622,16809,16807,16808],"class_list":["post-52633","post","type-post","status-publish","format-standard","has-post-thumbnail","hentry","category-noticias","tag-ardelio-vargas-fosado","tag-indigenas-amenazados","tag-pantepec","tag-rancho-las-palmas"],"_links":{"self":[{"href":"https:\/\/losperiodistas.com.mx\/portal\/wp-json\/wp\/v2\/posts\/52633","targetHints":{"allow":["GET"]}}],"collection":[{"href":"https:\/\/losperiodistas.com.mx\/portal\/wp-json\/wp\/v2\/posts"}],"about":[{"href":"https:\/\/losperiodistas.com.mx\/portal\/wp-json\/wp\/v2\/types\/post"}],"author":[{"embeddable":true,"href":"https:\/\/losperiodistas.com.mx\/portal\/wp-json\/wp\/v2\/users\/1"}],"replies":[{"embeddable":true,"href":"https:\/\/losperiodistas.com.mx\/portal\/wp-json\/wp\/v2\/comments?post=52633"}],"version-history":[{"count":1,"href":"https:\/\/losperiodistas.com.mx\/portal\/wp-json\/wp\/v2\/posts\/52633\/revisions"}],"predecessor-version":[{"id":52635,"href":"https:\/\/losperiodistas.com.mx\/portal\/wp-json\/wp\/v2\/posts\/52633\/revisions\/52635"}],"wp:featuredmedia":[{"embeddable":true,"href":"https:\/\/losperiodistas.com.mx\/portal\/wp-json\/wp\/v2\/media\/52634"}],"wp:attachment":[{"href":"https:\/\/losperiodistas.com.mx\/portal\/wp-json\/wp\/v2\/media?parent=52633"}],"wp:term":[{"taxonomy":"category","embeddable":true,"href":"https:\/\/losperiodistas.com.mx\/portal\/wp-json\/wp\/v2\/categories?post=52633"},{"taxonomy":"post_tag","embeddable":true,"href":"https:\/\/losperiodistas.com.mx\/portal\/wp-json\/wp\/v2\/tags?post=52633"}],"curies":[{"name":"wp","href":"https:\/\/api.w.org\/{rel}","templated":true}]}}