{"id":5263,"date":"2021-03-06T08:58:32","date_gmt":"2021-03-06T14:58:32","guid":{"rendered":"http:\/\/losperiodistas.com.mx\/portal\/?p=5263"},"modified":"2021-03-06T08:58:34","modified_gmt":"2021-03-06T14:58:34","slug":"ken-follett-la-cultura-sirve-para-dar-placer-lo-otro-es-el-bonus-el-mundo","status":"publish","type":"post","link":"https:\/\/losperiodistas.com.mx\/portal\/ken-follett-la-cultura-sirve-para-dar-placer-lo-otro-es-el-bonus-el-mundo\/","title":{"rendered":"Ken Follett: \u00abLa cultura sirve para dar placer. Lo otro es el bonus\u00bb | El Mundo"},"content":{"rendered":"\n<p class=\"has-vivid-cyan-blue-color has-text-color has-medium-font-size\">LUIS ALEMANY \/ Madrid \/ EL MUNDO<\/p>\n\n\n\n<p><strong>Ken Follet<\/strong>. Cardiff, Reino Unido, 1949. Novelista al que se le atribuyen 170 millones de libros vendidos. Una de sus novelas, &#8216;El tercer gemelo&#8217;, inaugur\u00f3 la semana pasada la colecci\u00f3n de narrativa de suspense que EL MUNDO distribuye los s\u00e1bados.<\/p>\n\n\n\n<p><strong>PREGUNTA: \u00bfQu\u00e9 recuerdos tiene de escribir\u00a0<em>El tercer gemelo<\/em>?<\/strong><\/p>\n\n\n\n<p><strong>RESPUESTA:<\/strong> De lo que mejor me acuerdo es de que viaj\u00e9 a Baltimore para investigar. Entrevist\u00e9 a varios detectives especializados en cr\u00edmenes sexuales.Luego, al cabo de los a\u00f1os, vi\u00a0<em>The Wire<\/em>\u00a0en televisi\u00f3n y supe que aquello era muy realista.<\/p>\n\n\n\n<p><strong>P: En esa novela hab\u00eda mucha especulaci\u00f3n cient\u00edfica. \u00bfHa le\u00eddo muchos &#8216;papers&#8217; cient\u00edficos en su vida?<\/strong><\/p>\n\n\n\n<p><strong>R:<\/strong> Siempre tuve mucho inter\u00e9s por la ciencia. En la universidad escrib\u00ed mi tesis doctoral sobre las revoluciones cient\u00edficas. Las personas creativas imaginamos nuevos mundos. Pero son los cient\u00edficos los que de verdad crean mundos nuevos, as\u00ed que son una referencia muy buena para los novelistas. Una de las claves que hay que tener en cuenta cuando se escribe ficci\u00f3n, cuando se trabaja con la imaginaci\u00f3n, es no perder la relaci\u00f3n con la realidad. De hecho, cuanto m\u00e1s fant\u00e1stica es una historia, m\u00e1s importante es que haya una verosimilitud al presentar los hechos.<\/p>\n\n\n\n<p><strong>P: Le\u00ed alguna vez que la gran diferencia entre los &#8216;thrillers&#8217; y las novelas negras es el tratamiento del mal. En las novelas negras, el mal es algo que pasa un poco por accidente, porque la vida es dif\u00edcil. En cambio, en los &#8216;thrillers&#8217;, el mal es una idea pura.<\/strong><\/p>\n\n\n\n<p><strong>R:<\/strong> Se dice siempre que el buen villano de una novela debe tener algunas cualidades que lo rediman y lo salven. La verdad es que estoy bastante en desacuerdo con esa idea.<\/p>\n\n\n\n<p><strong>P: \u00bfQu\u00e9 me dice de sus villanos, entonces?<\/strong><\/p>\n\n\n\n<p><strong>R:<\/strong> Mi conclusi\u00f3n es que los lectores desean que los personajes malvados sean castigados, que podamos celebrar juntos su derrota y una muerte horrible al final de la historia. No queremos a los villanos para simpatizar con ellos sino para odiarlos.<\/p>\n\n\n\n<p><strong>P: \u00bfQu\u00e9 significa para usted \u00abescribir bien\u00bb en el g\u00e9nero del suspense? \u00bfDe qu\u00e9 depende que termine satisfecho con un texto suyo?<\/strong><\/p>\n\n\n\n<p>R: En la novela popular, en general, y en el suspense en especial, lo m\u00e1s importante es que la historia no deje nunca de moverse, de cambiar. Cada pocas p\u00e1ginas debe ocurrir algo, un giro grande o peque\u00f1o, que cambie el problema al que se enfrentan los personajes. Algunos de esos giros pueden estar dentro de las expectativas, pueden ser anhelados o temidos por los lectores. Otros deber\u00edan ser completamente sorprendentes. Lo importante es que la sensaci\u00f3n de suspense no se deval\u00fae hasta la \u00faltima p\u00e1gina.<\/p>\n\n\n\n<p><strong>P: \u00bfY para qu\u00e9 sirven los &#8216;thrillers&#8217;? M\u00e1s all\u00e1 de para llenarnos 10 o 12 horas de vac\u00edo en vacaciones&#8230;<\/strong><\/p>\n\n\n\n<p><strong>R:<\/strong> \u00bfPara qu\u00e9 sirve la cultura? \u00bfPor qu\u00e9 leemos novelas, por qu\u00e9 escuchamos m\u00fasica, por qu\u00e9 vamos a los museos a ver inturas y a los teatros? \u00a1Por el placer! De hecho, la cultura est\u00e1 condenada cuando se convierte en una obligaci\u00f3n aburrida. No me cabe duda de que la principal funci\u00f3n de una novela es proporcionar placer. Todo lo dem\u00e1s, ilustrarnos sobre el pasado, ilustrarnos, ampliar nuestras mentes&#8230; Todo eso est\u00e1 bien, pero es el bonus.<\/p>\n\n\n\n<p><strong>P: \u00bfY la pandemia? La realidad se ha convertido en una competencia dura, \u00bfeh?<\/strong><\/p>\n\n\n\n<p>R: Yo ya ten\u00eda una novela publicada sobre pandemias.\u00a0<em>Un mundo sin fin\u00a0<\/em>habla de la peste negra, del efecto que tuvo en Europa en 1348. Fue mucho peor que el covid. Lo que me interes\u00f3 fue que la gente invent\u00f3 muchas de las estrategias, que hoy empleamos para protegernos: las m\u00e1scaras, la distancia social, las cuarentenas.<\/p>\n\n\n\n<h2 class=\"has-cyan-bluish-gray-background-color has-background wp-block-heading\">La \u00faltima pregunta<\/h2>\n\n\n\n<p class=\"has-cyan-bluish-gray-background-color has-background\"><strong>\u00bfY la pol\u00edtica? Usted es una voz de la izquierda brit\u00e1nica, pero sus novelas parecen apol\u00edticas.<\/strong><\/p>\n\n\n\n<p class=\"has-cyan-bluish-gray-background-color has-background\">La literatura expresa ideas m\u00e1s fundamentales que la pol\u00edtica. Ideas y valores como la justicia y el sentido de la comunidad, que que son lo que est\u00e1 m\u00e1s all\u00e1 de la discusi\u00f3n pol\u00edtica.<\/p>\n\n\n\n<p>Fuente: https:\/\/www.elmundo.es\/papel\/cultura\/2021\/03\/05\/6040ced3fc6c837d7e8b4602.html<\/p>\n","protected":false},"excerpt":{"rendered":"<p>LUIS ALEMANY \/ Madrid \/ EL MUNDO Ken Follet. Cardiff, Reino Unido, 1949. Novelista al que se le atribuyen 170 [&hellip;]<\/p>\n","protected":false},"author":1,"featured_media":5264,"comment_status":"open","ping_status":"open","sticky":false,"template":"","format":"standard","meta":{"site-sidebar-layout":"default","site-content-layout":"","ast-site-content-layout":"default","site-content-style":"default","site-sidebar-style":"default","ast-global-header-display":"","ast-banner-title-visibility":"","ast-main-header-display":"","ast-hfb-above-header-display":"","ast-hfb-below-header-display":"","ast-hfb-mobile-header-display":"","site-post-title":"","ast-breadcrumbs-content":"","ast-featured-img":"","footer-sml-layout":"","theme-transparent-header-meta":"","adv-header-id-meta":"","stick-header-meta":"","header-above-stick-meta":"","header-main-stick-meta":"","header-below-stick-meta":"","astra-migrate-meta-layouts":"default","ast-page-background-enabled":"default","ast-page-background-meta":{"desktop":{"background-color":"var(--ast-global-color-4)","background-image":"","background-repeat":"repeat","background-position":"center center","background-size":"auto","background-attachment":"scroll","background-type":"","background-media":"","overlay-type":"","overlay-color":"","overlay-opacity":"","overlay-gradient":""},"tablet":{"background-color":"","background-image":"","background-repeat":"repeat","background-position":"center center","background-size":"auto","background-attachment":"scroll","background-type":"","background-media":"","overlay-type":"","overlay-color":"","overlay-opacity":"","overlay-gradient":""},"mobile":{"background-color":"","background-image":"","background-repeat":"repeat","background-position":"center center","background-size":"auto","background-attachment":"scroll","background-type":"","background-media":"","overlay-type":"","overlay-color":"","overlay-opacity":"","overlay-gradient":""}},"ast-content-background-meta":{"desktop":{"background-color":"var(--ast-global-color-5)","background-image":"","background-repeat":"repeat","background-position":"center center","background-size":"auto","background-attachment":"scroll","background-type":"","background-media":"","overlay-type":"","overlay-color":"","overlay-opacity":"","overlay-gradient":""},"tablet":{"background-color":"var(--ast-global-color-5)","background-image":"","background-repeat":"repeat","background-position":"center center","background-size":"auto","background-attachment":"scroll","background-type":"","background-media":"","overlay-type":"","overlay-color":"","overlay-opacity":"","overlay-gradient":""},"mobile":{"background-color":"var(--ast-global-color-5)","background-image":"","background-repeat":"repeat","background-position":"center center","background-size":"auto","background-attachment":"scroll","background-type":"","background-media":"","overlay-type":"","overlay-color":"","overlay-opacity":"","overlay-gradient":""}},"footnotes":""},"categories":[8],"tags":[300,299],"class_list":["post-5263","post","type-post","status-publish","format-standard","has-post-thumbnail","hentry","category-noticias","tag-el-tercer-gemelo","tag-ken-follet"],"_links":{"self":[{"href":"https:\/\/losperiodistas.com.mx\/portal\/wp-json\/wp\/v2\/posts\/5263","targetHints":{"allow":["GET"]}}],"collection":[{"href":"https:\/\/losperiodistas.com.mx\/portal\/wp-json\/wp\/v2\/posts"}],"about":[{"href":"https:\/\/losperiodistas.com.mx\/portal\/wp-json\/wp\/v2\/types\/post"}],"author":[{"embeddable":true,"href":"https:\/\/losperiodistas.com.mx\/portal\/wp-json\/wp\/v2\/users\/1"}],"replies":[{"embeddable":true,"href":"https:\/\/losperiodistas.com.mx\/portal\/wp-json\/wp\/v2\/comments?post=5263"}],"version-history":[{"count":1,"href":"https:\/\/losperiodistas.com.mx\/portal\/wp-json\/wp\/v2\/posts\/5263\/revisions"}],"predecessor-version":[{"id":5265,"href":"https:\/\/losperiodistas.com.mx\/portal\/wp-json\/wp\/v2\/posts\/5263\/revisions\/5265"}],"wp:featuredmedia":[{"embeddable":true,"href":"https:\/\/losperiodistas.com.mx\/portal\/wp-json\/wp\/v2\/media\/5264"}],"wp:attachment":[{"href":"https:\/\/losperiodistas.com.mx\/portal\/wp-json\/wp\/v2\/media?parent=5263"}],"wp:term":[{"taxonomy":"category","embeddable":true,"href":"https:\/\/losperiodistas.com.mx\/portal\/wp-json\/wp\/v2\/categories?post=5263"},{"taxonomy":"post_tag","embeddable":true,"href":"https:\/\/losperiodistas.com.mx\/portal\/wp-json\/wp\/v2\/tags?post=5263"}],"curies":[{"name":"wp","href":"https:\/\/api.w.org\/{rel}","templated":true}]}}