{"id":526,"date":"2020-10-27T09:50:40","date_gmt":"2020-10-27T15:50:40","guid":{"rendered":"http:\/\/losperiodistas.com.mx\/portal\/?p=526"},"modified":"2020-10-27T09:50:40","modified_gmt":"2020-10-27T15:50:40","slug":"amlo-a-los-10-gobernadores-si-son-democratas-pregunten-a-la-gente-si-rompen-el-pacto-federal","status":"publish","type":"post","link":"https:\/\/losperiodistas.com.mx\/portal\/amlo-a-los-10-gobernadores-si-son-democratas-pregunten-a-la-gente-si-rompen-el-pacto-federal\/","title":{"rendered":"AMLO a los 10 gobernadores: Si son dem\u00f3cratas, pregunten a la gente si rompen el pacto federal"},"content":{"rendered":"\n<p class=\"has-vivid-cyan-blue-color has-text-color has-medium-font-size\">SINEMBARGO<\/p>\n\n\n\n<p><\/p>\n\n\n\n<p>Ciudad de M\u00e9xico, 27 de octubre (SinEmbargo).\u2013 El Presidente&nbsp;<strong>Andr\u00e9s Manuel L\u00f3pez Obrador<\/strong>&nbsp;ret\u00f3 esta ma\u00f1ana a los&nbsp;<strong>10 gobernadores<\/strong>&nbsp;que forman la&nbsp;<strong>Alianza Federalista<\/strong>&nbsp;que si son&nbsp;<strong>dem\u00f3cratas<\/strong>, le pregunten a la gente en sus estados si quieren abandonar el&nbsp;<strong>pacto federalista<\/strong>.<\/p>\n\n\n\n<blockquote class=\"wp-block-quote is-layout-flow wp-block-quote-is-layout-flow\"><p>\u201cEst\u00e1n en su derecho\u201d de retar al Gobierno federal. \u201cNada m\u00e1s que no hay posibilidad de que se rompa el&nbsp;<strong>pacto federal<\/strong>. Primero, porque si tienen vocaci\u00f3n&nbsp;<strong>democr\u00e1tica<\/strong>&nbsp;tendr\u00edan que preguntarle a los estados que gobiernan. Les recomendar\u00eda que apliquen el \u2018mandar obedeciendo\u2019\u201d, dijo el Presidente.<\/p><\/blockquote>\n\n\n\n<p>Segundo, agreg\u00f3, porque ser\u00eda una reforma que tendr\u00eda que aprobarse en el Congreso, con todo un proceso que llevar\u00eda a controversias que tendr\u00eda que resolver el Poder Judicial.<\/p>\n\n\n\n<blockquote class=\"wp-block-quote is-layout-flow wp-block-quote-is-layout-flow\"><p>\u201c\u00bfQu\u00e9 est\u00e1 sucediendo? Que estamos en temporada de elecciones y se est\u00e1n agrupando en contra nuestra pensando que as\u00ed van a tener votos. Nosotros consideramos que esto es normal, es leg\u00edtimo. Respetamos esas posturas y como le tenemos respeto y confianza al pueblo, sabemos que no hay ninguna preocupaci\u00f3n. No hay nada que temer porque la gente ya no se deja manipular. A\u00fan cuando a nuestros adversarios los medios de informaci\u00f3n les den todos los estados, ya la gente est\u00e1 muy consciente, la gente est\u00e1 muy avispada\u201d, continu\u00f3&nbsp;<strong>L\u00f3pez Obrador<\/strong>.<\/p><\/blockquote>\n\n\n\n<figure class=\"wp-block-embed-youtube wp-block-embed is-type-rich is-provider-gestor-del-servicio\"><div class=\"wp-block-embed__wrapper\">\nhttps:\/\/youtube.com\/watch?v=qN5ltPt9OBc%3Fenablejsapi%3D1\n<\/div><\/figure>\n\n\n\n<p>-\u00bfNo se reunir\u00eda usted con ellos? \u2013le cuestion\u00f3 una reportera.<\/p>\n\n\n\n<p>\u2013No, porque no hay materia. Los est\u00e1n atendiendo el Secretario de Hacienda y yo no voy a permitir que utilicen la instituci\u00f3n presidencial. Yo voy a cuidar la investidura \u2013afirm\u00f3 el mandatario.PUBLICIDAD<img decoding=\"async\" src=\"https:\/\/www.sinembargo.mx\/wp-content\/uploads\/2020\/10\/alianza-federalista.jpg\" alt=\"\"><\/p>\n\n\n\n<h4 class=\"wp-block-heading\"><a href=\"https:\/\/www.sinembargo.mx\/20-10-2020\/3880309\">VER M\u00c1S<\/a><\/h4>\n\n\n\n<h5 class=\"wp-block-heading\"><a href=\"https:\/\/www.sinembargo.mx\/20-10-2020\/3880309\">Corral: Extinci\u00f3n de fideicomisos es inicio de colapso de 4T; Alianza Federalista y senadores se re\u00fanen<\/a><\/h5>\n\n\n\n<blockquote class=\"wp-block-quote is-layout-flow wp-block-quote-is-layout-flow\"><p>\u201cEs una actitud propia de la temporada electoral. No s\u00e9 que est\u00e9n viendo, sintiendo, qu\u00e9 les estar\u00e1 pasando, y andan muy nerviosos, pero no s\u00f3lo ellos, sino el FRENA 1, FRENA 2, los medios con excepciones, est\u00e1n buscando agruparse en contra de nosotros y est\u00e1n desatados\u201d, a\u00f1adi\u00f3.<\/p><\/blockquote>\n\n\n\n<p>Ayer, los gobernadores de 10 de la Alianza Federalista llevaron a cabo actos en cada uno de sus estados, con el fin de reclamar diferentes acciones del Presidente, as\u00ed como \u201cla falta de di\u00e1logo con ellos\u201d, pues esto \u201cpondr\u00e1 en riesgo la consistencia y raz\u00f3n de ser de nuestro pacto federal\u201d.<\/p>\n\n\n\n<p>Los gobernadores solicitaron que exista un di\u00e1logo m\u00e1s profundo con el Gobierno federal y as\u00ed construir mejores acuerdos. \u201cNo estamos dispuestos a tolerar m\u00e1s abusos de su parte\u201d, dijeron en un comunicado.<\/p>\n\n\n\n<p>Previamente arremetieron contra los recortes en el presupuesto y \u201cel centralismo\u201d que perciben del Gobierno federal, liderado por el Presidente de M\u00e9xico, Andr\u00e9s Manuel L\u00f3pez Obrador.<\/p>\n\n\n\n<figure class=\"wp-block-image size-large\"><img fetchpriority=\"high\" decoding=\"async\" width=\"880\" height=\"1024\" src=\"https:\/\/losperiodistas.com.mx\/portal\/wp-content\/uploads\/2020\/10\/Captura-de-Pantalla-2020-10-27-a-las-9.47.58-880x1024.jpg\" alt=\"\" class=\"wp-image-529\" srcset=\"https:\/\/losperiodistas.com.mx\/portal\/wp-content\/uploads\/2020\/10\/Captura-de-Pantalla-2020-10-27-a-las-9.47.58-880x1024.jpg 880w, https:\/\/losperiodistas.com.mx\/portal\/wp-content\/uploads\/2020\/10\/Captura-de-Pantalla-2020-10-27-a-las-9.47.58-258x300.jpg 258w, https:\/\/losperiodistas.com.mx\/portal\/wp-content\/uploads\/2020\/10\/Captura-de-Pantalla-2020-10-27-a-las-9.47.58-768x893.jpg 768w, https:\/\/losperiodistas.com.mx\/portal\/wp-content\/uploads\/2020\/10\/Captura-de-Pantalla-2020-10-27-a-las-9.47.58.jpg 1042w\" sizes=\"(max-width: 880px) 100vw, 880px\" \/><\/figure>\n\n\n\n<blockquote class=\"wp-block-quote is-layout-flow wp-block-quote-is-layout-flow\"><p>\u201cCerramos filas ante los embates del Gobierno central y sumamos la voz a otros nueve estados de la Rep\u00fablica para exigir al Presidente que nos reciba, nos escuche y genere condiciones para que se corrija el presupuesto\u201d, expres\u00f3 el Gobernador de Chihuahua, Javier Corral, del conservador Partido Acci\u00f3n Nacional (PAN).<\/p><\/blockquote>\n\n\n\n<p>En un acto en la capital chihuahuense, Corral, quien durante las \u00faltimas semanas ha mantenido un duro enfrentamiento con L\u00f3pez Obrador por el Tratado de Aguas con Estados Unidos, dijo que est\u00e1n \u201clistos para dar la batalla pol\u00edtica y jur\u00eddica\u201d contra el Presidente.<img decoding=\"async\" src=\"https:\/\/www.sinembargo.mx\/wp-content\/uploads\/2020\/10\/corral.jpeg\" alt=\"\"><\/p>\n\n\n\n<h4 class=\"wp-block-heading\"><a href=\"https:\/\/www.sinembargo.mx\/02-10-2020\/3870541\">VER M\u00c1S<\/a><\/h4>\n\n\n\n<h5 class=\"wp-block-heading\"><a href=\"https:\/\/www.sinembargo.mx\/02-10-2020\/3870541\">La Alianza Federalista pide a AMLO di\u00e1logo con Corral; no invitarlo a gira es ignorar a chihuahuenses, dicen<\/a><\/h5>\n\n\n\n<p>La Alianza Federalista, que fue creada por gobernadores molestos con el manejo de la pandemia de la COVID-19 por parte del Gobierno federal, est\u00e1 compuesta por Aguascalientes, Chihuahua, Coahuila, Colima, Durango, Guanajuato, Jalisco, Michoac\u00e1n, Nuevo Le\u00f3n y Tamaulipas, diez de los 32 estados del pa\u00eds.<\/p>\n\n\n\n<p>El pasado agosto, los gobernadores arrancaron el compromiso del Gobierno federal de revisar el reparto de recursos entre los estados, tras una reuni\u00f3n de la Conferencia Nacional de Gobernadores (Conago), organismo que reun\u00eda a todos los estados del pa\u00eds.<\/p>\n\n\n\n<p>Sin embargo, d\u00edas despu\u00e9s, L\u00f3pez Obrador puso como condici\u00f3n para reformar el pacto fiscal que los 32 gobernadores consensuaran la nueva f\u00f3rmula de reparto de los recursos.<\/p>\n\n\n\n<p>Y en septiembre, los diez gobernadores de la Alianza Federalista anunciaron su salida de la Conago en un choque sin precedentes con el Gobierno federal.<\/p>\n\n\n\n<figure class=\"wp-block-image size-large\"><img decoding=\"async\" width=\"1024\" height=\"615\" src=\"https:\/\/losperiodistas.com.mx\/portal\/wp-content\/uploads\/2020\/10\/Captura-de-Pantalla-2020-10-27-a-las-9.46.49-1024x615.jpg\" alt=\"\" class=\"wp-image-528\" srcset=\"https:\/\/losperiodistas.com.mx\/portal\/wp-content\/uploads\/2020\/10\/Captura-de-Pantalla-2020-10-27-a-las-9.46.49-1024x615.jpg 1024w, https:\/\/losperiodistas.com.mx\/portal\/wp-content\/uploads\/2020\/10\/Captura-de-Pantalla-2020-10-27-a-las-9.46.49-300x180.jpg 300w, https:\/\/losperiodistas.com.mx\/portal\/wp-content\/uploads\/2020\/10\/Captura-de-Pantalla-2020-10-27-a-las-9.46.49-768x461.jpg 768w, https:\/\/losperiodistas.com.mx\/portal\/wp-content\/uploads\/2020\/10\/Captura-de-Pantalla-2020-10-27-a-las-9.46.49.jpg 1042w\" sizes=\"(max-width: 1024px) 100vw, 1024px\" \/><\/figure>\n\n\n\n<p>Desde la ciudad de Guadalajara, el Gobernador de Jalisco, Enrique Alfaro, del Movimiento Ciudadano (MC), mand\u00f3 este lunes \u201cun mensaje contundente de que no estamos dispuestos a tolerar m\u00e1s abusos de la Federaci\u00f3n\u201d.<\/p>\n\n\n\n<blockquote class=\"wp-block-quote is-layout-flow wp-block-quote-is-layout-flow\"><p>\u201cEstamos orgullosos de ser mexicanos y lo seremos siempre, pero ning\u00fan estado libre y soberano con un m\u00ednimo de dignidad puede seguir siendo parte de una Federaci\u00f3n cuando el Gobierno de la Rep\u00fablica nos ataca, insulta y nos quita lo que nos pertenece\u201d, advirti\u00f3.<\/p><\/blockquote>\n\n\n\n<p><img decoding=\"async\" src=\"https:\/\/www.sinembargo.mx\/wp-content\/uploads\/2020\/10\/ekj-l8sxsaasw8b.jpg\" alt=\"\"><\/p>\n\n\n\n<h4 class=\"wp-block-heading\"><a href=\"https:\/\/www.sinembargo.mx\/12-10-2020\/3875850\">VER M\u00c1S<\/a><\/h4>\n\n\n\n<h5 class=\"wp-block-heading\"><a href=\"https:\/\/www.sinembargo.mx\/12-10-2020\/3875850\">Alianza Federalista anuncia que acudir\u00e1 a la Corte para impedir desaparici\u00f3n de los 109 fideicomisos<\/a><\/h5>\n\n\n\n<p>En un evento similar en Monterrey, capital de Nuevo Le\u00f3n e importante motor industrial, el Gobernador Jaime Rodr\u00edguez, quien compiti\u00f3 contra L\u00f3pez Obrador en las presidenciales de 2018, dijo que \u201choy est\u00e1 en riesgo la Federaci\u00f3n por la excesiva centralizaci\u00f3n\u201d.<\/p>\n\n\n\n<p>La Alianza Federalista denunci\u00f3 en un comunicado \u201clos recortes en el gasto\u201d del presupuesto del pr\u00f3ximo a\u00f1o, considerado el m\u00e1s austero en dos d\u00e9cadas, y la aprobaci\u00f3n por parte del Gobierno federal de 3 mil 100 millones de d\u00f3lares de los 109 fideicomisos p\u00fablicos suprimidos la semana pasada.<\/p>\n\n\n\n<p>Tambi\u00e9n la \u201cfalta\u201d de apoyos ante la pandemia, que suma m\u00e1s de 880 mil contagios y 88 mil muertos.<\/p>\n\n\n\n<p>La pol\u00edtica mexicana se caldea cada d\u00eda m\u00e1s ante las elecciones del 6 de junio de 2021, las m\u00e1s grandes de la historia, en las que se renovar\u00e1 la C\u00e1mara de Diputados y 15 gobiernos estatales, y est\u00e1 en juego la mayor\u00eda parlamentaria del Movimiento Regeneraci\u00f3n Nacional (Morena) de L\u00f3pez Obrador.<\/p>\n\n\n\n<figure class=\"wp-block-image size-large\"><img decoding=\"async\" width=\"1024\" height=\"711\" src=\"https:\/\/losperiodistas.com.mx\/portal\/wp-content\/uploads\/2020\/10\/Captura-de-Pantalla-2020-10-27-a-las-9.45.21-1024x711.jpg\" alt=\"\" class=\"wp-image-527\" srcset=\"https:\/\/losperiodistas.com.mx\/portal\/wp-content\/uploads\/2020\/10\/Captura-de-Pantalla-2020-10-27-a-las-9.45.21-1024x711.jpg 1024w, https:\/\/losperiodistas.com.mx\/portal\/wp-content\/uploads\/2020\/10\/Captura-de-Pantalla-2020-10-27-a-las-9.45.21-300x208.jpg 300w, https:\/\/losperiodistas.com.mx\/portal\/wp-content\/uploads\/2020\/10\/Captura-de-Pantalla-2020-10-27-a-las-9.45.21-768x534.jpg 768w, https:\/\/losperiodistas.com.mx\/portal\/wp-content\/uploads\/2020\/10\/Captura-de-Pantalla-2020-10-27-a-las-9.45.21.jpg 1042w\" sizes=\"(max-width: 1024px) 100vw, 1024px\" \/><\/figure>\n\n\n\n<p><em>-Con informaci\u00f3n de EFE<\/em><\/p>\n\n\n\n<p>Fuente: https:\/\/www.sinembargo.mx\/27-10-2020\/3883862<\/p>\n","protected":false},"excerpt":{"rendered":"<p>SINEMBARGO Ciudad de M\u00e9xico, 27 de octubre (SinEmbargo).\u2013 El Presidente&nbsp;Andr\u00e9s Manuel L\u00f3pez Obrador&nbsp;ret\u00f3 esta ma\u00f1ana a los&nbsp;10 gobernadores&nbsp;que forman la&nbsp;Alianza [&hellip;]<\/p>\n","protected":false},"author":1,"featured_media":530,"comment_status":"open","ping_status":"open","sticky":false,"template":"","format":"standard","meta":{"site-sidebar-layout":"default","site-content-layout":"","ast-site-content-layout":"default","site-content-style":"default","site-sidebar-style":"default","ast-global-header-display":"","ast-banner-title-visibility":"","ast-main-header-display":"","ast-hfb-above-header-display":"","ast-hfb-below-header-display":"","ast-hfb-mobile-header-display":"","site-post-title":"","ast-breadcrumbs-content":"","ast-featured-img":"","footer-sml-layout":"","theme-transparent-header-meta":"","adv-header-id-meta":"","stick-header-meta":"","header-above-stick-meta":"","header-main-stick-meta":"","header-below-stick-meta":"","astra-migrate-meta-layouts":"default","ast-page-background-enabled":"default","ast-page-background-meta":{"desktop":{"background-color":"var(--ast-global-color-4)","background-image":"","background-repeat":"repeat","background-position":"center center","background-size":"auto","background-attachment":"scroll","background-type":"","background-media":"","overlay-type":"","overlay-color":"","overlay-opacity":"","overlay-gradient":""},"tablet":{"background-color":"","background-image":"","background-repeat":"repeat","background-position":"center center","background-size":"auto","background-attachment":"scroll","background-type":"","background-media":"","overlay-type":"","overlay-color":"","overlay-opacity":"","overlay-gradient":""},"mobile":{"background-color":"","background-image":"","background-repeat":"repeat","background-position":"center center","background-size":"auto","background-attachment":"scroll","background-type":"","background-media":"","overlay-type":"","overlay-color":"","overlay-opacity":"","overlay-gradient":""}},"ast-content-background-meta":{"desktop":{"background-color":"var(--ast-global-color-5)","background-image":"","background-repeat":"repeat","background-position":"center center","background-size":"auto","background-attachment":"scroll","background-type":"","background-media":"","overlay-type":"","overlay-color":"","overlay-opacity":"","overlay-gradient":""},"tablet":{"background-color":"var(--ast-global-color-5)","background-image":"","background-repeat":"repeat","background-position":"center center","background-size":"auto","background-attachment":"scroll","background-type":"","background-media":"","overlay-type":"","overlay-color":"","overlay-opacity":"","overlay-gradient":""},"mobile":{"background-color":"var(--ast-global-color-5)","background-image":"","background-repeat":"repeat","background-position":"center center","background-size":"auto","background-attachment":"scroll","background-type":"","background-media":"","overlay-type":"","overlay-color":"","overlay-opacity":"","overlay-gradient":""}},"footnotes":""},"categories":[8],"tags":[],"class_list":["post-526","post","type-post","status-publish","format-standard","has-post-thumbnail","hentry","category-noticias"],"_links":{"self":[{"href":"https:\/\/losperiodistas.com.mx\/portal\/wp-json\/wp\/v2\/posts\/526","targetHints":{"allow":["GET"]}}],"collection":[{"href":"https:\/\/losperiodistas.com.mx\/portal\/wp-json\/wp\/v2\/posts"}],"about":[{"href":"https:\/\/losperiodistas.com.mx\/portal\/wp-json\/wp\/v2\/types\/post"}],"author":[{"embeddable":true,"href":"https:\/\/losperiodistas.com.mx\/portal\/wp-json\/wp\/v2\/users\/1"}],"replies":[{"embeddable":true,"href":"https:\/\/losperiodistas.com.mx\/portal\/wp-json\/wp\/v2\/comments?post=526"}],"version-history":[{"count":1,"href":"https:\/\/losperiodistas.com.mx\/portal\/wp-json\/wp\/v2\/posts\/526\/revisions"}],"predecessor-version":[{"id":531,"href":"https:\/\/losperiodistas.com.mx\/portal\/wp-json\/wp\/v2\/posts\/526\/revisions\/531"}],"wp:featuredmedia":[{"embeddable":true,"href":"https:\/\/losperiodistas.com.mx\/portal\/wp-json\/wp\/v2\/media\/530"}],"wp:attachment":[{"href":"https:\/\/losperiodistas.com.mx\/portal\/wp-json\/wp\/v2\/media?parent=526"}],"wp:term":[{"taxonomy":"category","embeddable":true,"href":"https:\/\/losperiodistas.com.mx\/portal\/wp-json\/wp\/v2\/categories?post=526"},{"taxonomy":"post_tag","embeddable":true,"href":"https:\/\/losperiodistas.com.mx\/portal\/wp-json\/wp\/v2\/tags?post=526"}],"curies":[{"name":"wp","href":"https:\/\/api.w.org\/{rel}","templated":true}]}}